{"id":170279,"date":"2026-09-04T09:55:11","date_gmt":"2026-09-04T09:55:11","guid":{"rendered":"https:\/\/www.europesays.com\/sk\/170279\/"},"modified":"2026-09-04T09:55:11","modified_gmt":"2026-09-04T09:55:11","slug":"kolony-v-tuneli-sitina-sa-zrazilo-13-osobnych-aut-a-kamion","status":"publish","type":"post","link":"https:\/\/www.europesays.com\/sk\/170279\/","title":{"rendered":"KOL\u00d3NY: V tuneli Sitina sa zrazilo 13 osobn\u00fdch \u00e1ut a kami\u00f3n"},"content":{"rendered":"<p>Bratislava 4. septembra (TASR) &#8211; V tuneli Sitina sa v smere z \u010ceskej republiky do Bratislavy v piatok r\u00e1no zrazilo 13 osobn\u00fdch \u00e1ut a jeden kami\u00f3n. Pri udalosti sa nikto nezranil. Hasi\u010di dostali ozn\u00e1menie o nehode kr\u00e1tko pred 7.30 h. Na soci\u00e1lnej sieti o tom informoval Hasi\u010dsk\u00fd a z\u00e1chrann\u00fd zbor (HaZZ). Tunel po nieko\u013ek\u00fdch hodin\u00e1ch sprejazdnili pred 10.00 h.<\/p>\n<p>\u201eZasahuj\u00faci hasi\u010di na vozidl\u00e1ch vykonali protipo\u017eiarne opatrenia a z\u00e1rove\u0148 asistovali od\u0165ahovej slu\u017ebe pri odstra\u0148ovan\u00ed n\u00e1sledkov nehody a sprejazdnen\u00ed jazdn\u00fdch pruhov,\u201c uviedol zbor.<\/p>\n<p>O uz\u00e1vere tunela pre \u0161kodov\u00fa udalos\u0165 informovala pol\u00edcia na soci\u00e1lnej sieti pred 8.00 h. Miesto sprejazdnili pred 10.00 h. Udalos\u0165 sp\u00f4sobila rozsiahle kol\u00f3ny na vstupe do hlavn\u00e9ho mesta.<\/p>\n","protected":false},"excerpt":{"rendered":"Bratislava 4. septembra (TASR) &#8211; V tuneli Sitina sa v smere z \u010ceskej republiky do Bratislavy v piatok&hellip;\n","protected":false},"author":2,"featured_media":170280,"comment_status":"","ping_status":"","sticky":false,"template":"","format":"standard","meta":{"footnotes":"","_share_on_mastodon":"0"},"categories":[21],"tags":[136,1683,373,535,10523,43,40,39,42,41],"class_list":["post-170279","post","type-post","status-publish","format-standard","has-post-thumbnail","category-bratislava","tag-bratislava","tag-d2","tag-doprava","tag-nehoda","tag-sitina","tag-sk","tag-slovak","tag-slovakia","tag-slovencina","tag-slovensko"],"share_on_mastodon":{"url":"https:\/\/pubeurope.com\/@sk\/117212173173566371","error":""},"_links":{"self":[{"href":"https:\/\/www.europesays.com\/sk\/wp-json\/wp\/v2\/posts\/170279","targetHints":{"allow":["GET"]}}],"collection":[{"href":"https:\/\/www.europesays.com\/sk\/wp-json\/wp\/v2\/posts"}],"about":[{"href":"https:\/\/www.europesays.com\/sk\/wp-json\/wp\/v2\/types\/post"}],"author":[{"embeddable":true,"href":"https:\/\/www.europesays.com\/sk\/wp-json\/wp\/v2\/users\/2"}],"replies":[{"embeddable":true,"href":"https:\/\/www.europesays.com\/sk\/wp-json\/wp\/v2\/comments?post=170279"}],"version-history":[{"count":0,"href":"https:\/\/www.europesays.com\/sk\/wp-json\/wp\/v2\/posts\/170279\/revisions"}],"wp:featuredmedia":[{"embeddable":true,"href":"https:\/\/www.europesays.com\/sk\/wp-json\/wp\/v2\/media\/170280"}],"wp:attachment":[{"href":"https:\/\/www.europesays.com\/sk\/wp-json\/wp\/v2\/media?parent=170279"}],"wp:term":[{"taxonomy":"category","embeddable":true,"href":"https:\/\/www.europesays.com\/sk\/wp-json\/wp\/v2\/categories?post=170279"},{"taxonomy":"post_tag","embeddable":true,"href":"https:\/\/www.europesays.com\/sk\/wp-json\/wp\/v2\/tags?post=170279"}],"curies":[{"name":"wp","href":"https:\/\/api.w.org\/{rel}","templated":true}]}}