{"id":170285,"date":"2026-09-04T10:06:11","date_gmt":"2026-09-04T10:06:11","guid":{"rendered":"https:\/\/www.europesays.com\/sk\/170285\/"},"modified":"2026-09-04T10:06:11","modified_gmt":"2026-09-04T10:06:11","slug":"aktivista-mach-si-pre-rakovinu-na-kamere-oholil-hlavu-namiesto-lutosti-vyslovil-neprijemnu-pravdu-o-liecbach-na-slovensku","status":"publish","type":"post","link":"https:\/\/www.europesays.com\/sk\/170285\/","title":{"rendered":"Aktivista Mach si pre rakovinu na kamere oholil hlavu. Namiesto \u013e\u00fatosti vyslovil nepr\u00edjemn\u00fa pravdu o lie\u010dbach na Slovensku"},"content":{"rendered":"<p>Aktivista Marek Mach, ktor\u00e9mu za\u010diatkom augusta diagnostikovali Hodgkinov lymf\u00f3m v IV. \u0161t\u00e1diu, <a href=\"https:\/\/www.instagram.com\/p\/Dc1MBSpIg8o\/\" rel=\"noopener noreferrer nofollow\" target=\"_blank\">zverejnil \u010fal\u0161ie video<\/a> zo svojej lie\u010dby. Tentoraz zachytil moment, ke\u010f si pre vypad\u00e1vanie vlasov musel oholi\u0165 hlavu.<\/p>\n<p>Aj t\u00fato osobn\u00fa sk\u00fasenos\u0165 v\u0161ak vyu\u017eil na to, aby upozornil na situ\u00e1ciu onkologick\u00fdch pacientov a dostupnos\u0165 modernej lie\u010dby na Slovensku.<\/p>\n<p>\u201eViete, \u010do je naj\u00fa\u010dinnej\u0161\u00ed sp\u00f4sob, ako da\u0165 \u017euva\u010dku pre\u010d z hlavy?\u201c za\u010dal video s nadh\u013eadom. N\u00e1sledne vysvetlil, \u017ee ke\u010f\u017ee m\u00e1 na nato\u010denie iba jeden pokus a o\u010dak\u00e1va, \u017ee \u013eud\u00ed bude zauj\u00edma\u0165 v\u00fdsledok, rozhodol sa video spoji\u0165 aj s t\u00e9mou, ktor\u00fa pova\u017euje za d\u00f4le\u017eit\u00fa.<\/p>\n<p>Mach upozornil, \u017ee onkologick\u00e9 ochorenia nie s\u00fa pod\u013ea neho vzdialen\u00fdm probl\u00e9mom, ktor\u00fd sa t\u00fdka iba malej skupiny \u013eud\u00ed.<\/p>\n<p>\u201eAk si toti\u017e predstavujete rakovinu ako nie\u010do, \u010do dostane jeden z mili\u00f3na, tak v\u00e1m to asi pokaz\u00edm,\u201c povedal. Vo videu uviedol, \u017ee po\u010das \u017eivota pod\u013ea neho rakovinu dostane takmer ka\u017ed\u00fd druh\u00fd mu\u017e a pribli\u017ene ka\u017ed\u00e1 tretia \u017eena.<\/p>\n<p>Hovor\u00ed o rozdieloch v dostupnosti liekov<\/p>\n<p>Mach sa n\u00e1sledne vr\u00e1til aj k vlastnej diagn\u00f3ze. Tvrd\u00ed, \u017ee pri Hodgkinovom lymf\u00f3me, ktor\u00fdm trp\u00ed, existuj\u00fa dve najmodernej\u0161ie mo\u017enosti lie\u010dby, pri\u010dom na Slovensku sa pod\u013ea jeho slov neuhr\u00e1dza ani jedna z nich.<\/p>\n<p>Pr\u00e1ve probl\u00e9m s financovan\u00edm lie\u010dby sa objavil u\u017e kr\u00e1tko po tom, ako svoju diagn\u00f3zu zverejnil.<\/p>\n<p>Machovi priatelia<a href=\"https:\/\/donio.sk\/marek-mach-pomahal-druhym-teraz-potrebuje-pomoc-on\" rel=\"noopener noreferrer nofollow\" target=\"_blank\"> vtedy zalo\u017eili verejn\u00fa zbierku<\/a> na lie\u010dbu BrECADD. Jeden 21-d\u0148ov\u00fd cyklus mal pod\u013ea inform\u00e1ci\u00ed zverejnen\u00fdch organiz\u00e1tormi st\u00e1\u0165 pribli\u017ene 8 194 eur. V z\u00e1vislosti od reakcie organizmu a v\u00fdsledkov kontroln\u00fdch vy\u0161etren\u00ed m\u00e1 Mach absolvova\u0165 \u0161tyri a\u017e \u0161es\u0165 cyklov.<\/p>\n<p>Ak by potreboval v\u0161etk\u00fdch \u0161es\u0165, celkov\u00e9 n\u00e1klady by predstavovali pribli\u017ene 49 165 eur.<\/p>\n<p><a href=\"https:\/\/www.ta3.com\/clanok\/1066445\/ma-rakovinu-no-liecbu-poistovna-nepreplaca-mlademu-aktivistovi-sa-na-lieky-expresne-zlozili-slovaci\" class=\"detail_text_item_readmore_text\" rel=\"nofollow noopener\" target=\"_blank\"><br \/>\nP\u00edsali sme<\/p>\n<p>M\u00e1 rakovinu, no lie\u010dbu pois\u0165ov\u0148a neprepl\u00e1ca. Mlad\u00e9mu aktivistovi sa na lieky \u201eexpresne\u201c zlo\u017eili Slov\u00e1ci<\/p>\n<p><\/a><br \/>\n<a href=\"https:\/\/www.ta3.com\/clanok\/1066445\/ma-rakovinu-no-liecbu-poistovna-nepreplaca-mlademu-aktivistovi-sa-na-lieky-expresne-zlozili-slovaci\" class=\"detail_text_item_readmore_image\" rel=\"nofollow noopener\" target=\"_blank\"><\/p>\n<p><img decoding=\"async\" class=\"lazy entered loaded\" src=\"https:\/\/www.europesays.com\/sk\/wp-content\/uploads\/2026\/09\/marek-mach.jpg\" alt=\"M\u00e1 rakovinu, no lie\u010dbu pois\u0165ov\u0148a neprepl\u00e1ca. Mlad\u00e9mu aktivistovi sa na lieky \u201eexpresne\u201c zlo\u017eili Slov\u00e1ci\" data-ll-status=\"loaded\"\/><\/p>\n<p><\/a><\/p>\n<p>Potrebn\u00fa sumu sa podarilo vyzbiera\u0165 za necel\u00e9 tri hodiny. \u013dudia v\u0161ak prispievali \u010falej a o necel\u00fdch 24 hod\u00edn bolo na \u00fa\u010dte zbierky viac ako 164-tis\u00edc eur. (K dne\u0161n\u00e9mu d\u0148u, t. j. 4. septembru je vyzbieran\u00fdch takmer 247-tis\u00edc eur &#8211; pozn. red.) <\/p>\n<p>Organiz\u00e1tori u\u017e vtedy uviedli, \u017ee peniaze, ktor\u00e9 Mach na svoju lie\u010dbu nebude potrebova\u0165, chc\u00fa pou\u017ei\u0165 na pomoc \u010fal\u0161\u00edm \u013eu\u010fom s v\u00e1\u017enymi ochoreniami.<\/p>\n<p>Op\u00edsal aj sk\u00fasenos\u0165 z \u010dak\u00e1rne<\/p>\n<p>V novom videu Mach hovoril aj o pacientovi, ktor\u00e9ho stretol v \u010dak\u00e1rni. Na jeho pr\u00edklade poukazoval na n\u00e1ro\u010dnos\u0165 niektor\u00fdch sp\u00f4sobov lie\u010dby dostupn\u00fdch na Slovensku.<\/p>\n<p>Pod\u013ea jeho opisu m\u00f4\u017ee lie\u010dba zah\u0155\u0148a\u0165 odobratie a zmrazenie kostnej drene, po ktorom nasleduje mimoriadne siln\u00e1 chemoterapia. Pacient potom pod\u013ea Macha mus\u00ed nieko\u013eko t\u00fd\u017ed\u0148ov zosta\u0165 v izolovanej miestnosti s filtrovan\u00fdm vzduchom, k\u00fdm sa mu po n\u00e1vrate odobrat\u00e9ho materi\u00e1lu obnov\u00ed krvotvorba.<\/p>\n<p>Anketa<br \/>\nMysl\u00edte si, \u017ee by mal \u0161t\u00e1t zabezpe\u010di\u0165 \u0161ir\u0161iu \u00fahradu modernej onkologickej lie\u010dby?<\/p>\n<p>Celkovo hlasov: 79<\/p>\n<p>Mach t\u00fato situ\u00e1ciu porovnal s \u010ceskou republikou, kde by pod\u013ea jeho slov pacient pri rovnakej diagn\u00f3ze mohol dosta\u0165 chemoterapiu kombinovan\u00fa s modernej\u0161\u00edm liekom.<\/p>\n<p>Vo videu pritom tvrd\u00ed, \u017ee rozdiely v dostupnosti modernej terapie m\u00f4\u017eu ma\u0165 priamy vplyv aj na \u0161ancu pacientov pre\u017ei\u0165.<\/p>\n<p>\u201eTo, \u010do mnoh\u00fdch del\u00ed od pre\u017eitia, je modern\u00e1 lie\u010dba\u201c<\/p>\n<p>Aktivista pouk\u00e1zal aj na lie\u010dbu \u010fal\u0161\u00edch onkologick\u00fdch diagn\u00f3z. Ako pr\u00edklad uviedol svetlobunkov\u00fd karcin\u00f3m obli\u010dky, pri ktorom pod\u013ea neho slovensk\u00ed pacienti e\u0161te doned\u00e1vna nemali tak\u00e9 mo\u017enosti ako pacienti v \u010cesku.<\/p>\n<p>\u201eDnes na tom st\u00e1le nie sme tak, ako by sme na tom mali by\u0165. Lebo to, \u010do mnoh\u00fdch \u013eud\u00ed del\u00ed od pre\u017eitia, je modern\u00e1 lie\u010dba,\u201c povedal.<\/p>\n<p><a href=\"https:\/\/www.ta3.com\/clanok\/1067505\/vakcina-proti-rakovine-koze-ukazala-slubne-vysledky-vedci-hovoria-o-monumentalnom-skoku-v-liecbe\" class=\"detail_text_item_readmore_text\" rel=\"nofollow noopener\" target=\"_blank\"><br \/>\nP\u00edsali sme<\/p>\n<p>Vakc\u00edna proti rakovine ko\u017ee uk\u00e1zala s\u013eubn\u00e9 v\u00fdsledky. Vedci hovoria o \u201emonument\u00e1lnom skoku\u201c v lie\u010dbe<\/p>\n<p><\/a><br \/>\n<a href=\"https:\/\/www.ta3.com\/clanok\/1067505\/vakcina-proti-rakovine-koze-ukazala-slubne-vysledky-vedci-hovoria-o-monumentalnom-skoku-v-liecbe\" class=\"detail_text_item_readmore_image\" rel=\"nofollow noopener\" target=\"_blank\"><\/p>\n<p><img decoding=\"async\" class=\"lazy entered loaded\" src=\"https:\/\/www.europesays.com\/sk\/wp-content\/uploads\/2026\/09\/injekcia-vakcina-striekacka-doktor.jpg\" alt=\"Vakc\u00edna proti rakovine ko\u017ee uk\u00e1zala s\u013eubn\u00e9 v\u00fdsledky. Vedci hovoria o \u201emonument\u00e1lnom skoku\u201c v lie\u010dbe\" data-ll-status=\"loaded\"\/><\/p>\n<p><\/a><\/p>\n<p>Mach vo videu uviedol aj porovnanie dostupnosti nov\u00fdch liekov v jednotliv\u00fdch krajin\u00e1ch. Pod\u013ea jeho slov sa v Nemecku z desiatich nov\u00fdch liekov prepl\u00e1ca pribli\u017ene dev\u00e4\u0165 a pol, v Rak\u00fasku osem, v \u010cesku sedem a na Slovensku pribli\u017ene tri.<\/p>\n<p>Vyzval \u013eud\u00ed, aby tla\u010dili na politikov<\/p>\n<p>Video nepojal iba ako opis vlastn\u00e9ho ochorenia. Zd\u00f4raznil, \u017ee probl\u00e9m dostupnosti onkologickej lie\u010dby pod\u013ea neho presahuje politick\u00e9 \u010di hodnotov\u00e9 rozdelenie spolo\u010dnosti.<\/p>\n<p>\u201eToto nie je stra\u0161enie,\u201c povedal. Pod\u013ea neho je pri tejto t\u00e9me nepodstatn\u00e9, \u010di je \u010dlovek liber\u00e1l alebo konzervat\u00edvec.<\/p>\n<p>Mach vyzval \u013eud\u00ed, aby sa politikov na dostupnos\u0165 lie\u010dby p\u00fdtali, p\u00edsali im a vytv\u00e1rali na nich tlak. \u201eVyrie\u0161i\u0165 sa to d\u00e1 iba tu na Slovensku. V t\u00fdchto budov\u00e1ch, a to bez oh\u013eadu na to, \u010di tam sed\u00ed politik, ktor\u00e9ho m\u00e1me alebo nem\u00e1me radi,\u201c uviedol.<\/p>\n<p><a href=\"https:\/\/www.ta3.com\/clanok\/1065265\/sestnasobny-olympijsky-vitaz-hoy-vie-ze-lekari-mu-rakovinu-prostaty-uz-nevyliecia-hovori-o-zazracnom-lieku\" class=\"detail_text_item_readmore_text\" rel=\"nofollow noopener\" target=\"_blank\"><br \/>\nP\u00edsali sme<\/p>\n<p>\u0160es\u0165n\u00e1sobn\u00fd olympijsk\u00fd v\u00ed\u0165az Hoy vie, \u017ee lek\u00e1ri mu rakovinu prostaty u\u017e nevylie\u010dia. Hovor\u00ed o z\u00e1zra\u010dnom lieku<\/p>\n<p><\/a><br \/>\n<a href=\"https:\/\/www.ta3.com\/clanok\/1065265\/sestnasobny-olympijsky-vitaz-hoy-vie-ze-lekari-mu-rakovinu-prostaty-uz-nevyliecia-hovori-o-zazracnom-lieku\" class=\"detail_text_item_readmore_image\" rel=\"nofollow noopener\" target=\"_blank\"><\/p>\n<p><img decoding=\"async\" class=\"lazy entered loaded\" src=\"https:\/\/www.europesays.com\/sk\/wp-content\/uploads\/2026\/09\/chris-hoy.jpg\" alt=\"\u0160es\u0165n\u00e1sobn\u00fd olympijsk\u00fd v\u00ed\u0165az Hoy vie, \u017ee lek\u00e1ri mu rakovinu prostaty u\u017e nevylie\u010dia. Hovor\u00ed o z\u00e1zra\u010dnom lieku\" data-ll-status=\"loaded\"\/><\/p>\n<p><\/a><\/p>\n<p>Pod\u013ea Macha pritom z\u00e1kladn\u00fdm probl\u00e9mom nie je samotn\u00fd nedostatok pe\u0148az\u00ed, ale sp\u00f4sob ich vyu\u017e\u00edvania. \u201ePeniaze probl\u00e9m nie s\u00fa. Treba ich len d\u00e1va\u0165 tam, kde re\u00e1lne niekomu pom\u00f4\u017eu,\u201c povedal.<\/p>\n<p>Svoj odkaz uzavrel t\u00fdm, \u017ee nejde iba o jeho osobn\u00fd pr\u00edbeh \u201ePreto\u017ee toto nie je o mne. Toto pomaly, ale isto, bohu\u017eia\u013e, dobieha ka\u017ed\u00e9ho,\u201c dodal.<\/p>\n<p>Mach m\u00e1 25 rokov a diagn\u00f3zu Hodgkinovho lymf\u00f3mu v IV. \u0161t\u00e1diu sa dozvedel za\u010diatkom augusta. U\u017e po ozn\u00e1men\u00ed ochorenia svojim sledovate\u013eom zd\u00f4raz\u0148oval, \u017ee napriek pokro\u010dil\u00e9mu \u0161t\u00e1diu zost\u00e1va optimistick\u00fd a d\u00f4veruje mo\u017enostiam modernej medic\u00edny.<\/p>\n<p>\u201eVeci sa daj\u00fa vyrie\u0161i\u0165 a veda sa za posledn\u00e9 roky posunula obrovsk\u00fdm tempom. Ja sa z toho nejako dostanem a ke\u010f mi sily dovolia, tak popri tom sk\u00fasim spravi\u0165, \u010do viem, aby n\u00e1m tu v\u0161etk\u00fdm raz bolo lep\u0161ie,\u201c odk\u00e1zal vtedy.<\/p>\n<p>Dovolenky a slnko maj\u00fa aj tienist\u00fa str\u00e1nku. Odborn\u00ed\u010dka upozor\u0148uje na rast\u00face nebezpe\u010denstvo rakoviny ko\u017ee nielen v lete: <\/p>\n<p><script async src=\"\/\/www.instagram.com\/embed.js\"><\/script><\/p>\n","protected":false},"excerpt":{"rendered":"Aktivista Marek Mach, ktor\u00e9mu za\u010diatkom augusta diagnostikovali Hodgkinov lymf\u00f3m v IV. \u0161t\u00e1diu, zverejnil \u010fal\u0161ie video zo svojej lie\u010dby.&hellip;\n","protected":false},"author":2,"featured_media":170286,"comment_status":"","ping_status":"","sticky":false,"template":"","format":"standard","meta":{"footnotes":"","_share_on_mastodon":"0"},"categories":[6],"tags":[43,40,44,39,42,45,41],"class_list":["post-170285","post","type-post","status-publish","format-standard","has-post-thumbnail","category-slovensko","tag-sk","tag-slovak","tag-slovak-republic","tag-slovakia","tag-slovencina","tag-slovenska-republika","tag-slovensko"],"share_on_mastodon":{"url":"https:\/\/pubeurope.com\/@sk\/117212216536590387","error":""},"_links":{"self":[{"href":"https:\/\/www.europesays.com\/sk\/wp-json\/wp\/v2\/posts\/170285","targetHints":{"allow":["GET"]}}],"collection":[{"href":"https:\/\/www.europesays.com\/sk\/wp-json\/wp\/v2\/posts"}],"about":[{"href":"https:\/\/www.europesays.com\/sk\/wp-json\/wp\/v2\/types\/post"}],"author":[{"embeddable":true,"href":"https:\/\/www.europesays.com\/sk\/wp-json\/wp\/v2\/users\/2"}],"replies":[{"embeddable":true,"href":"https:\/\/www.europesays.com\/sk\/wp-json\/wp\/v2\/comments?post=170285"}],"version-history":[{"count":0,"href":"https:\/\/www.europesays.com\/sk\/wp-json\/wp\/v2\/posts\/170285\/revisions"}],"wp:featuredmedia":[{"embeddable":true,"href":"https:\/\/www.europesays.com\/sk\/wp-json\/wp\/v2\/media\/170286"}],"wp:attachment":[{"href":"https:\/\/www.europesays.com\/sk\/wp-json\/wp\/v2\/media?parent=170285"}],"wp:term":[{"taxonomy":"category","embeddable":true,"href":"https:\/\/www.europesays.com\/sk\/wp-json\/wp\/v2\/categories?post=170285"},{"taxonomy":"post_tag","embeddable":true,"href":"https:\/\/www.europesays.com\/sk\/wp-json\/wp\/v2\/tags?post=170285"}],"curies":[{"name":"wp","href":"https:\/\/api.w.org\/{rel}","templated":true}]}}