{"id":170307,"date":"2026-09-04T10:37:12","date_gmt":"2026-09-04T10:37:12","guid":{"rendered":"https:\/\/www.europesays.com\/sk\/170307\/"},"modified":"2026-09-04T10:37:12","modified_gmt":"2026-09-04T10:37:12","slug":"hromadna-nehoda-v-tuneli-zrazilo-sa-13-aut-a-kamion-foto-nestastia-doprava-kolabuje","status":"publish","type":"post","link":"https:\/\/www.europesays.com\/sk\/170307\/","title":{"rendered":"HROMADN\u00c1 NEHODA V TUNELI Zrazilo sa 13 \u00e1ut a kami\u00f3n! FOTO ne\u0161\u0165astia, doprava kolabuje"},"content":{"rendered":"<p>\t\t\t\t\t\t\t<a href=\"https:\/\/bratislava.zoznam.sk\/galeria\/868067\/1\" rel=\"nofollow noopener\" target=\"_blank\"><br \/>\n\t\t\t\t\t<img decoding=\"async\" src=\"https:\/\/www.europesays.com\/sk\/wp-content\/uploads\/2026\/09\/1788518230_974_regiony-aktualna-sprava.jpg\" alt=\"Zdroj: Regi\u00f3ny.sk\" style=\"aspect-ratio: 1.33;object-fit: cover; display:inline; width: 100%;\" fetchpriority=\"high\"\/><br \/>\n\t\t\t\t<\/a><\/p>\n<p>\t\t\t\t\tZdroj: Regi\u00f3ny.sk<\/p>\n<p>\t\t<img decoding=\"async\" src=\"https:\/\/www.europesays.com\/sk\/wp-content\/uploads\/2026\/09\/1788518231_867_765228516-1898674097713507-6612690692274934859-n.jpg\" aria-label=\"Autor\"\/><\/p>\n<p>Pr\u00edslu\u0161n\u00edci Hasi\u010dsk\u00e9ho a z\u00e1chrann\u00e9ho \u00fatvaru hlavn\u00e9ho mesta SR Bratislavy boli dnes kr\u00e1tko pred 7.30 hod. privolan\u00ed k dopravnej nehode v tuneli Sitina na 59. kilometri dia\u013enice D2 v smere z Bratislavy do \u010ceskej republiky.<\/p>\n<p>Po pr\u00edjazde hasi\u010di zistili, \u017ee do\u0161lo k zr\u00e1\u017eke 13 osobn\u00fdch motorov\u00fdch vozidiel a jedn\u00e9ho kami\u00f3na. Pri udalosti sa nikto nezranil. \u201eZasahuj\u00faci hasi\u010di na vozidl\u00e1ch vykonali protipo\u017eiarne opatrenia a z\u00e1rove\u0148 asistovali od\u0165ahovej slu\u017ebe pri odstra\u0148ovan\u00ed n\u00e1sledkov nehody a sprejazdnen\u00ed jazdn\u00fdch pruhov,\u201c informuj\u00fa hasi\u010di na soci\u00e1lnej sieti.<\/p>\n<p>\t\t\t\t<a href=\"https:\/\/bratislava.zoznam.sk\/galeria\/868067\/1\/\" rel=\"nofollow noopener\" target=\"_blank\"><br \/>\n\t\t\t\t\t<img decoding=\"async\" src=\"https:\/\/www.europesays.com\/sk\/wp-content\/uploads\/2026\/09\/sitina-nehoda.jpg\"\/><br \/>\n\t\t\t\t<\/a><\/p>\n<p>\t\t\t\t<a href=\"https:\/\/bratislava.zoznam.sk\/galeria\/868067\/1\/\" rel=\"nofollow noopener\" target=\"_blank\"><br \/>\n\t\t\t\t\t<img decoding=\"async\" src=\"https:\/\/www.europesays.com\/sk\/wp-content\/uploads\/2026\/09\/sitina-1-nehoda.jpg\"\/><br \/>\n\t\t\t\t<\/a><\/p>\n<p>Ako informovala pol\u00edcia na soci\u00e1lnj sieti, tunel Sitina je v smere do mesta u\u017e plne prejazdn\u00fd. Zelen\u00e1 vlna STVR vo vysielan\u00ed Slovensk\u00e9ho rozhlasu pouk\u00e1zala, \u017ee pri prejazde dan\u00fdm \u00fasekom dia\u013enice D2 v smere z \u010ceskej republiky musia vodi\u010di po\u010d\u00edta\u0165 s hodinov\u00fdm zdr\u017ean\u00edm. Ako dopravn\u00fd servis doplnil, na obch\u00e1dzke cez D\u00fabravku a Karlovu Ves stratia vodi\u010di 50 min\u00fat, cez Lama\u010d potrebuj\u00fa polhodinu navy\u0161e a pri obch\u00e1dzan\u00ed miesta po Dev\u00ednskej ceste 20 min\u00fat.<\/p>\n<p>Mohlo by v\u00e1s zauj\u00edma\u0165:<\/p>\n<p>Reklama<\/p>\n<p> div {<br \/>\ntext-align: left;<br \/>\nfont-size: 12px;<br \/>\ncolor: #6f6f6f;<br \/>\n}<\/p>\n<p>#onnetwork-banner > div:first-child {<br \/>\ntext-align: left;<br \/>\nfont-weight: 700;<br \/>\npadding-bottom: 5px;<br \/>\nfont-size: 14px;<br \/>\ncolor: #000000;<br \/>\n}<\/p>\n<p>]]><\/p>\n<p class=\"tags\">Viac o t\u00e9me: <a href=\"https:\/\/regiony.zoznam.sk\/tag\/doprava\/\" rel=\"nofollow noopener\" target=\"_blank\">doprava<\/a>, <a href=\"https:\/\/regiony.zoznam.sk\/tag\/kolony\/\" rel=\"nofollow noopener\" target=\"_blank\">kol\u00f3ny<\/a>, <a href=\"https:\/\/regiony.zoznam.sk\/tag\/nehoda\/\" rel=\"nofollow noopener\" target=\"_blank\">nehoda<\/a>, <a href=\"https:\/\/regiony.zoznam.sk\/tag\/tunel-sitina\/\" rel=\"nofollow noopener\" target=\"_blank\">tunel Sitina<\/a><\/p>\n<p>\t\tKoment\u00e1re k \u010dl\u00e1nku<\/p>\n<p>Moment\u00e1lne nie je pridan\u00fd \u017eiadny koment\u00e1r<\/p>\n","protected":false},"excerpt":{"rendered":"Zdroj: Regi\u00f3ny.sk Pr\u00edslu\u0161n\u00edci Hasi\u010dsk\u00e9ho a z\u00e1chrann\u00e9ho \u00fatvaru hlavn\u00e9ho mesta SR Bratislavy boli dnes kr\u00e1tko pred 7.30 hod. privolan\u00ed&hellip;\n","protected":false},"author":2,"featured_media":170308,"comment_status":"","ping_status":"","sticky":false,"template":"","format":"standard","meta":{"footnotes":"","_share_on_mastodon":"0"},"categories":[21],"tags":[136,373,2517,535,43,40,39,42,41,2028],"class_list":["post-170307","post","type-post","status-publish","format-standard","has-post-thumbnail","category-bratislava","tag-bratislava","tag-doprava","tag-kolony","tag-nehoda","tag-sk","tag-slovak","tag-slovakia","tag-slovencina","tag-slovensko","tag-tunel-sitina"],"share_on_mastodon":{"url":"https:\/\/pubeurope.com\/@sk\/117212338411511494","error":""},"_links":{"self":[{"href":"https:\/\/www.europesays.com\/sk\/wp-json\/wp\/v2\/posts\/170307","targetHints":{"allow":["GET"]}}],"collection":[{"href":"https:\/\/www.europesays.com\/sk\/wp-json\/wp\/v2\/posts"}],"about":[{"href":"https:\/\/www.europesays.com\/sk\/wp-json\/wp\/v2\/types\/post"}],"author":[{"embeddable":true,"href":"https:\/\/www.europesays.com\/sk\/wp-json\/wp\/v2\/users\/2"}],"replies":[{"embeddable":true,"href":"https:\/\/www.europesays.com\/sk\/wp-json\/wp\/v2\/comments?post=170307"}],"version-history":[{"count":0,"href":"https:\/\/www.europesays.com\/sk\/wp-json\/wp\/v2\/posts\/170307\/revisions"}],"wp:featuredmedia":[{"embeddable":true,"href":"https:\/\/www.europesays.com\/sk\/wp-json\/wp\/v2\/media\/170308"}],"wp:attachment":[{"href":"https:\/\/www.europesays.com\/sk\/wp-json\/wp\/v2\/media?parent=170307"}],"wp:term":[{"taxonomy":"category","embeddable":true,"href":"https:\/\/www.europesays.com\/sk\/wp-json\/wp\/v2\/categories?post=170307"},{"taxonomy":"post_tag","embeddable":true,"href":"https:\/\/www.europesays.com\/sk\/wp-json\/wp\/v2\/tags?post=170307"}],"curies":[{"name":"wp","href":"https:\/\/api.w.org\/{rel}","templated":true}]}}