{"id":170339,"date":"2026-09-04T11:31:07","date_gmt":"2026-09-04T11:31:07","guid":{"rendered":"https:\/\/www.europesays.com\/sk\/170339\/"},"modified":"2026-09-04T11:31:07","modified_gmt":"2026-09-04T11:31:07","slug":"rusko-varuje-pred-vojnou-s-nato-jeden-chybny-odhad-moze-spustit-konflikt","status":"publish","type":"post","link":"https:\/\/www.europesays.com\/sk\/170339\/","title":{"rendered":"Rusko varuje pred vojnou s NATO, jeden chybn\u00fd odhad m\u00f4\u017ee spusti\u0165 konflikt"},"content":{"rendered":"<p>\t\t\t\tRusko: Riziko vojenskej konfront\u00e1cie rastie<\/p>\n<p>Nikolaj Kor\u010dunov nie je v kontaktoch s NATO nov\u00e1\u010dikom. V rokoch 2009 a\u017e 2015 p\u00f4sobil ako z\u00e1stupca rusk\u00e9ho ve\u013evyslanca pri Severoatlantickej aliancii a v s\u00fa\u010dasnosti zastupuje Moskvu v N\u00f3rsku.<\/p>\n<p>V rozhovore pre <a href=\"https:\/\/www.politicoq.org\/detail\/2093368006300708865.html\" target=\"_blank\" rel=\"nofollow noopener\">Politico<\/a> upozornil, \u017ee vz\u0165ahy oboch str\u00e1n s\u00fa dnes podstatne nebezpe\u010dnej\u0161ie ne\u017e v \u010dasoch jeho p\u00f4sobenia v Bruseli.<\/p>\n<p>\u201eRizik\u00e1 a nebezpe\u010denstvo vojenskej konfront\u00e1cie v\u00fdrazne rast\u00fa pre nedostatok dial\u00f3gu,\u201c povedal Kor\u010dunov.<\/p>\n<p>Pod\u013ea diplomata mali predstavitelia oboch str\u00e1n v minulosti lep\u0161iu predstavu o vz\u00e1jomn\u00fdch z\u00e1meroch. Dnes pova\u017euje NATO za menej predv\u00eddate\u013en\u00e9 a tvrd\u00ed, \u017ee pr\u00e1ve nedostatok komunik\u00e1cie zvy\u0161uje mo\u017enos\u0165 nespr\u00e1vneho vyhodnotenia situ\u00e1cie.<\/p>\n<p>\u201eBudovanie d\u00f4very a dial\u00f3g s\u00fa teraz ove\u013ea d\u00f4le\u017eitej\u0161ie na v\u0161etk\u00fdch \u00farovniach,\u201c dodal.<\/p>\n<p>Jeden incident m\u00f4\u017ee spusti\u0165 re\u0165azov\u00fa reakciu<\/p>\n<p>Kor\u010dunov hovor\u00ed predov\u0161etk\u00fdm o nebezpe\u010denstve ne\u00famyselnej eskal\u00e1cie. V \u010dase vysokej vojenskej aktivity m\u00f4\u017ee jedna strana nespr\u00e1vne vyhodnoti\u0165 pohyb lietadla, dronu, lode \u010di vojenskej jednotky ako nepriate\u013esk\u00fd krok a reagova\u0165 sk\u00f4r, ne\u017e sa podar\u00ed zisti\u0165, \u010do sa v skuto\u010dnosti stalo.<\/p>\n<p>Tak\u00e9to obavy nie s\u00fa iba hypotetick\u00e9. NATO vlani po s\u00e9rii naru\u0161en\u00ed vzdu\u0161n\u00e9ho priestoru spojeneck\u00fdch kraj\u00edn Ruskom upozornilo, \u017ee podobn\u00e9 incidenty zvy\u0161uj\u00fa riziko nespr\u00e1vneho vyhodnotenia situ\u00e1cie a ohrozuj\u00fa \u013eudsk\u00e9 \u017eivoty.<\/p>\n<p>Aliancia v reakcii posilnila v\u00fdchodn\u00e9 kr\u00eddlo a spustila oper\u00e1ciu Eastern Sentry. NATO uv\u00e1dza, \u017ee v posledn\u00fdch rokoch rastie po\u010det naru\u0161en\u00ed vzdu\u0161n\u00e9ho priestoru, kybernetick\u00fdch \u00fatokov a sabot\u00e1\u017e\u00ed, ktor\u00e9 pripisuje Rusku. Moskva podobn\u00e9 obvinenia odmieta.<\/p>\n<p>Nap\u00e4tie sa zv\u00fd\u0161ilo aj v posledn\u00fdch t\u00fd\u017ed\u0148och. Nemecko tento t\u00fd\u017ede\u0148 ofici\u00e1lne obvinilo Rusko z pokusu o \u00fatok dronmi s v\u00fdbu\u0161ninami na letisko Lipsko\/Halle. Moskva zodpovednos\u0165 odmietla a obvinenia ozna\u010dila za vykon\u0161truovan\u00e9.<\/p>\n<p>Najvy\u0161\u0161\u00ed velite\u013e NATO je pripraven\u00fd zdvihn\u00fa\u0165 telef\u00f3n<\/p>\n<p>NATO v\u0161ak Kor\u010dunovovu predstavu, \u017ee medzi oboma stranami prakticky neexistuje mo\u017enos\u0165 komunikova\u0165, \u00faplne nezdie\u013ea.<\/p>\n<p>Hovorca Vrchn\u00e9ho velite\u013estva spojeneck\u00fdch s\u00edl v Eur\u00f3pe (SHAPE) Martin O&#8217;Donnell pre Politico uviedol, \u017ee NATO a Rusko maj\u00fa k dispoz\u00edcii viacero komunika\u010dn\u00fdch kan\u00e1lov medzi jednotlivcami aj ozbrojen\u00fdmi silami a Aliancia ich pova\u017euje za otvoren\u00e9.<\/p>\n<p>E\u0161te d\u00f4le\u017eitej\u0161ie je, \u017ee vrchn\u00fd velite\u013e spojeneck\u00fdch s\u00edl NATO v Eur\u00f3pe, americk\u00fd gener\u00e1l Alexus Grynkewich, je pod\u013ea O&#8217;Donnella pripraven\u00fd hovori\u0165 priamo s n\u00e1\u010deln\u00edkom rusk\u00e9ho gener\u00e1lneho \u0161t\u00e1bu Valerijom Gerasimovom.<\/p>\n<p>\u00da\u010delom tak\u00e9hoto kontaktu by bolo pr\u00e1ve zabr\u00e1ni\u0165 chybn\u00e9mu vyhodnoteniu vojenskej situ\u00e1cie a nechcenej eskal\u00e1cii.<\/p>\n<p>NATO v\u0161ak neuviedlo, \u010di u\u017e Grynkewich s Gerasimovom v poslednom obdob\u00ed priamo komunikovali.<\/p>\n<p>Po inv\u00e1zii na Ukrajinu sa vz\u0165ahy prakticky zmrazili<\/p>\n<p>Vz\u0165ahy NATO a Ruska sa neza\u010dali rozpada\u0165 a\u017e po febru\u00e1ri 2022.<\/p>\n<p>V roku 2021 Aliancia odobrala akredit\u00e1ciu \u00f4smim \u010dlenom ruskej misie pri NATO, ktor\u00fdch ozna\u010dila za neohl\u00e1sen\u00fdch pr\u00edslu\u0161n\u00edkov rusk\u00fdch spravodajsk\u00fdch slu\u017eieb. Moskva n\u00e1sledne pozastavila \u010dinnos\u0165 svojej misie pri NATO a z\u00e1rove\u0148 ukon\u010dila p\u00f4sobenie sty\u010dnej vojenskej misie NATO a informa\u010dnej kancel\u00e1rie Aliancie v Moskve.<\/p>\n<p>Posledn\u00e9 zasadnutie Rady NATO \u2013 Rusko sa uskuto\u010dnilo 12. janu\u00e1ra 2022. Spojenci vtedy s Moskvou rokovali aj o ruskom hromaden\u00ed vojsk pri Ukrajine.vO nieko\u013eko t\u00fd\u017ed\u0148ov nesk\u00f4r Rusko spustilo rozsiahlu inv\u00e1ziu.<\/p>\n<p>NATO odvtedy tvrd\u00ed, \u017ee Rusko odmietlo diplomatick\u00fa cestu, ktor\u00fa mu spojenci pon\u00fakali, a politick\u00fd dial\u00f3g na \u00farovni Rady NATO \u2013 Rusko zostal zmrazen\u00fd.<\/p>\n<p>Ameri\u010dania v\u0161ak obnovili vojensk\u00fd kontakt<\/p>\n<p>\u00dapln\u00e9 komunika\u010dn\u00e9 v\u00e1kuum napriek tomu nevzniklo. Spojen\u00e9 \u0161t\u00e1ty vo febru\u00e1ri tohto roka ozn\u00e1mili obnovenie vojensk\u00e9ho dial\u00f3gu na vysokej \u00farovni s Ruskom. Jeho cie\u013eom m\u00e1 by\u0165 zv\u00fd\u0161enie transparentnosti a mo\u017enos\u0165 deeskalova\u0165 situ\u00e1ciu v pr\u00edpade kr\u00edzy.<\/p>\n<p>Washington vyu\u017e\u00edva aj \u010fal\u0161ie kan\u00e1ly. Koncom augusta odcestoval do Moskvy riadite\u013e CIA John Ratcliffe. Dva zdroje obozn\u00e1men\u00e9 s rokovan\u00edm n\u00e1sledne agent\u00fare Reuters potvrdili, \u017ee po\u010das stretnut\u00ed otvoril aj mo\u017enos\u0165 ruskej oper\u00e1cie proti niektor\u00e9mu \u010dlenovi NATO. Pod\u013ea medializovan\u00fdch inform\u00e1ci\u00ed sa americk\u00e9 obavy t\u00fdkali predov\u0161etk\u00fdm pobaltsk\u00fdch \u0161t\u00e1tov.<\/p>\n<p>NATO pritom 30. augusta zd\u00f4raznilo, \u017ee v s\u00fa\u010dasnosti nevid\u00ed bezprostredn\u00fa hrozbu priameho \u00fatoku Ruska. Z\u00e1rove\u0148 v\u0161ak tvrd\u00ed, \u017ee Moskva stup\u0148uje hybridn\u00e9 aktivity v Eur\u00f3pe, a Aliancia preto zost\u00e1va v stave zv\u00fd\u0161enej ostra\u017eitosti.<\/p>\n<p>S NATO chce Moskva hovori\u0165, s E\u00da nie<\/p>\n<p>Kor\u010dunovov odkaz m\u00e1 aj zauj\u00edmav\u00fd paradox. Zatia\u013e \u010do \u017eiada intenz\u00edvnej\u0161iu komunik\u00e1ciu s vojensk\u00fdmi \u0161trukt\u00farami NATO, vo\u010di Eur\u00f3pskej \u00fanii zaujal podstatne odmietavej\u0161\u00ed postoj.<\/p>\n<p>\u201eS Eur\u00f3pskou \u00faniou neexistuje dial\u00f3g,\u201c vyhl\u00e1sil pre Politico. Tvrd\u00ed, \u017ee Moskva nem\u00e1 z\u00e1ujem o rokovania s predsedn\u00ed\u010dkou Eur\u00f3pskej komisie Ursulou von der Leyenovou, \u0161\u00e9fkou diplomacie E\u00da Kajou Kallasovou ani predsedom Eur\u00f3pskej rady Ant\u00f3niom Costom. Eur\u00f3psku \u00faniu obvinil, \u017ee sa nach\u00e1dza vo \u201ef\u00e1ze eskal\u00e1cie proti Rusku\u201c.<\/p>\n<p>Eur\u00f3pska komisia v\u0161ak jeho tvrdenie korigovala. Jej hovorky\u0148a Anitta Hipperov\u00e1 uviedla, \u017ee E\u00da na\u010falej udr\u017eiava diplomatick\u00e9 kontakty s Moskvou, okrem in\u00e9ho prostredn\u00edctvom svojho zast\u00fapenia v ruskej metropole. Pripustila v\u0161ak, \u017ee charakter a \u00farove\u0148 komunik\u00e1cie sa od ruskej inv\u00e1zie v roku 2022 v\u00fdrazne zmenili.<\/p>\n<p>Umel\u00e1 inteligencia m\u00f4\u017ee skr\u00e1ti\u0165 \u010das na rozhodnutie<\/p>\n<p>Kor\u010dunov upozornil e\u0161te na jeden faktor, ktor\u00fd pod\u013ea neho m\u00f4\u017ee riziko n\u00e1hodn\u00e9ho konfliktu v bud\u00facnosti v\u00fdrazne zv\u00fd\u0161i\u0165 \u2013 umel\u00fa inteligenciu a auton\u00f3mne zbra\u0148ov\u00e9 syst\u00e9my.<\/p>\n<p>Modern\u00e9 syst\u00e9my dok\u00e1\u017eu identifikova\u0165 mo\u017en\u00e9 ciele a reagova\u0165 \u010doraz r\u00fdchlej\u0161ie. Pr\u00e1ve skracovanie \u010dasu medzi zisten\u00edm hrozby a rozhodnut\u00edm o reakcii m\u00f4\u017ee pod\u013ea rusk\u00e9ho diplomata sp\u00f4sobi\u0165, \u017ee na overenie situ\u00e1cie klasickou komunik\u00e1ciou u\u017e jednoducho nezostane \u010das.<\/p>\n<p>\u201eV situ\u00e1cii, ke\u010f sa na vojensk\u00e9 \u00fa\u010dely pou\u017e\u00edvaj\u00fa algoritmy \u2013 umel\u00e1 inteligencia namiesto \u013eud\u00ed \u2013, mo\u017eno nebudete ma\u0165 \u010das ani zdvihn\u00fa\u0165 telef\u00f3n,\u201c povedal Kor\u010dunov.<\/p>\n<p>Jeho slov\u00e1 prich\u00e1dzaj\u00fa v \u010dase, ke\u010f sa Rusko a NATO navz\u00e1jom obvi\u0148uj\u00fa z eskal\u00e1cie, Eur\u00f3pa posil\u0148uje obranu a z\u00e1padn\u00e9 spravodajsk\u00e9 slu\u017eby analyzuj\u00fa riziko mo\u017enej ruskej oper\u00e1cie proti Aliancii.<\/p>\n<p>Kor\u010dunovov odkaz je v\u0161ak tentoraz nezvy\u010dajne jednoduch\u00fd: \u010d\u00edm menej spolu dve jadrov\u00e9 vojensk\u00e9 mocnosti komunikuj\u00fa, t\u00fdm v\u00e4\u010d\u0161ie je riziko, \u017ee raz niektor\u00e1 z nich pochop\u00ed konanie tej druhej nespr\u00e1vne.<\/p>\n","protected":false},"excerpt":{"rendered":"Rusko: Riziko vojenskej konfront\u00e1cie rastie Nikolaj Kor\u010dunov nie je v kontaktoch s NATO nov\u00e1\u010dikom. V rokoch 2009 a\u017e&hellip;\n","protected":false},"author":2,"featured_media":170340,"comment_status":"","ping_status":"","sticky":false,"template":"","format":"standard","meta":{"footnotes":"","_share_on_mastodon":"0"},"categories":[32],"tags":[34,37,1928,4569,238,33,48204,1258,237,43,40,39,42,41,36,38,35,3783,4286],"class_list":["post-170339","post","type-post","status-publish","format-standard","has-post-thumbnail","category-spravy","tag-headlines","tag-hlavne-spravy","tag-hrozba","tag-konflikt","tag-nato","tag-news","tag-nikolaj-korcunov","tag-norsko","tag-rusko","tag-sk","tag-slovak","tag-slovakia","tag-slovencina","tag-slovensko","tag-spravy","tag-titulky","tag-top-stories","tag-varovanie","tag-velvyslanec"],"share_on_mastodon":{"url":"https:\/\/pubeurope.com\/@sk\/117212550649387857","error":""},"_links":{"self":[{"href":"https:\/\/www.europesays.com\/sk\/wp-json\/wp\/v2\/posts\/170339","targetHints":{"allow":["GET"]}}],"collection":[{"href":"https:\/\/www.europesays.com\/sk\/wp-json\/wp\/v2\/posts"}],"about":[{"href":"https:\/\/www.europesays.com\/sk\/wp-json\/wp\/v2\/types\/post"}],"author":[{"embeddable":true,"href":"https:\/\/www.europesays.com\/sk\/wp-json\/wp\/v2\/users\/2"}],"replies":[{"embeddable":true,"href":"https:\/\/www.europesays.com\/sk\/wp-json\/wp\/v2\/comments?post=170339"}],"version-history":[{"count":0,"href":"https:\/\/www.europesays.com\/sk\/wp-json\/wp\/v2\/posts\/170339\/revisions"}],"wp:featuredmedia":[{"embeddable":true,"href":"https:\/\/www.europesays.com\/sk\/wp-json\/wp\/v2\/media\/170340"}],"wp:attachment":[{"href":"https:\/\/www.europesays.com\/sk\/wp-json\/wp\/v2\/media?parent=170339"}],"wp:term":[{"taxonomy":"category","embeddable":true,"href":"https:\/\/www.europesays.com\/sk\/wp-json\/wp\/v2\/categories?post=170339"},{"taxonomy":"post_tag","embeddable":true,"href":"https:\/\/www.europesays.com\/sk\/wp-json\/wp\/v2\/tags?post=170339"}],"curies":[{"name":"wp","href":"https:\/\/api.w.org\/{rel}","templated":true}]}}