{"id":170351,"date":"2026-09-04T11:44:09","date_gmt":"2026-09-04T11:44:09","guid":{"rendered":"https:\/\/www.europesays.com\/sk\/170351\/"},"modified":"2026-09-04T11:44:09","modified_gmt":"2026-09-04T11:44:09","slug":"hromadna-zrazka-v-tuneli-sitina-ochromila-vjazd-do-bratislavy-zrazilo-sa-13-aut-a-kamion","status":"publish","type":"post","link":"https:\/\/www.europesays.com\/sk\/170351\/","title":{"rendered":"Hromadn\u00e1 zr\u00e1\u017eka v tuneli Sitina ochromila vjazd do Bratislavy: Zrazilo sa 13 \u00e1ut a kami\u00f3n"},"content":{"rendered":"<p>Hromadn\u00e1 nehoda 13 \u00e1ut a kami\u00f3na v tuneli Sitina v\u00fdrazne skomplikovala piatkov\u00e9 r\u00e1no vodi\u010dom smeruj\u00facim do Bratislavy. Tunel bol nieko\u013eko hod\u00edn \u00faplne uzavret\u00fd.<\/p>\n<p class=\"article-content-paragraph mb-4\">V tuneli Sitina sa v smere z \u010ceskej republiky do Bratislavy v piatok r\u00e1no zrazilo 13 osobn\u00fdch \u00e1ut a jeden kami\u00f3n. Pri udalosti sa nikto nezranil. Hasi\u010di dostali ozn\u00e1menie o nehode kr\u00e1tko pred 7.30 h. Na soci\u00e1lnej sieti o tom informoval Hasi\u010dsk\u00fd a z\u00e1chrann\u00fd zbor (HaZZ). Tunel po nieko\u013ek\u00fdch hodin\u00e1ch sprejazdnili pred 10.00 h.<\/p>\n<p class=\"article-content-paragraph mb-4\">\u201eZasahuj\u00faci hasi\u010di na vozidl\u00e1ch vykonali protipo\u017eiarne opatrenia a z\u00e1rove\u0148 asistovali od\u0165ahovej slu\u017ebe pri odstra\u0148ovan\u00ed n\u00e1sledkov nehody a sprejazdnen\u00ed jazdn\u00fdch pruhov,\u201c uviedol zbor.<\/p>\n<p class=\"article-content-paragraph mb-4\">O uz\u00e1vere tunela pre \u0161kodov\u00fa udalos\u0165 informovala pol\u00edcia na soci\u00e1lnej sieti pred 8.00 h. Miesto sprejazdnili pred 10.00 h. Udalos\u0165 sp\u00f4sobila rozsiahle kol\u00f3ny na vstupe do hlavn\u00e9ho mesta.<\/p>\n","protected":false},"excerpt":{"rendered":"Hromadn\u00e1 nehoda 13 \u00e1ut a kami\u00f3na v tuneli Sitina v\u00fdrazne skomplikovala piatkov\u00e9 r\u00e1no vodi\u010dom smeruj\u00facim do Bratislavy. Tunel&hellip;\n","protected":false},"author":2,"featured_media":170352,"comment_status":"","ping_status":"","sticky":false,"template":"","format":"standard","meta":{"footnotes":"","_share_on_mastodon":"0"},"categories":[6],"tags":[43,40,44,39,42,45,41],"class_list":["post-170351","post","type-post","status-publish","format-standard","has-post-thumbnail","category-slovensko","tag-sk","tag-slovak","tag-slovak-republic","tag-slovakia","tag-slovencina","tag-slovenska-republika","tag-slovensko"],"share_on_mastodon":{"url":"https:\/\/pubeurope.com\/@sk\/117212601878272820","error":""},"_links":{"self":[{"href":"https:\/\/www.europesays.com\/sk\/wp-json\/wp\/v2\/posts\/170351","targetHints":{"allow":["GET"]}}],"collection":[{"href":"https:\/\/www.europesays.com\/sk\/wp-json\/wp\/v2\/posts"}],"about":[{"href":"https:\/\/www.europesays.com\/sk\/wp-json\/wp\/v2\/types\/post"}],"author":[{"embeddable":true,"href":"https:\/\/www.europesays.com\/sk\/wp-json\/wp\/v2\/users\/2"}],"replies":[{"embeddable":true,"href":"https:\/\/www.europesays.com\/sk\/wp-json\/wp\/v2\/comments?post=170351"}],"version-history":[{"count":0,"href":"https:\/\/www.europesays.com\/sk\/wp-json\/wp\/v2\/posts\/170351\/revisions"}],"wp:featuredmedia":[{"embeddable":true,"href":"https:\/\/www.europesays.com\/sk\/wp-json\/wp\/v2\/media\/170352"}],"wp:attachment":[{"href":"https:\/\/www.europesays.com\/sk\/wp-json\/wp\/v2\/media?parent=170351"}],"wp:term":[{"taxonomy":"category","embeddable":true,"href":"https:\/\/www.europesays.com\/sk\/wp-json\/wp\/v2\/categories?post=170351"},{"taxonomy":"post_tag","embeddable":true,"href":"https:\/\/www.europesays.com\/sk\/wp-json\/wp\/v2\/tags?post=170351"}],"curies":[{"name":"wp","href":"https:\/\/api.w.org\/{rel}","templated":true}]}}