{"id":170365,"date":"2026-09-04T11:58:11","date_gmt":"2026-09-04T11:58:11","guid":{"rendered":"https:\/\/www.europesays.com\/sk\/170365\/"},"modified":"2026-09-04T11:58:11","modified_gmt":"2026-09-04T11:58:11","slug":"tazka-nehoda-pri-hrhove-zrazka-dvoch-aut-a-kamiona-ma-jednu-obet","status":"publish","type":"post","link":"https:\/\/www.europesays.com\/sk\/170365\/","title":{"rendered":"\u0164a\u017ek\u00e1 nehoda pri Hrhove, zr\u00e1\u017eka dvoch \u00e1ut a kami\u00f3na m\u00e1 jednu obe\u0165"},"content":{"rendered":"<p>HRHOV &#8211; Tragick\u00e1 zr\u00e1\u017eka si vy\u017eiadala \u013eudsk\u00fd \u017eivot. Na ceste I\/16 pri obci Hrhov v okrese Ro\u017e\u0148ava do\u0161lo k dopravnej nehode n\u00e1kladn\u00e9ho vozidla a dvoch osobn\u00fdch \u00e1ut.<\/p>\n<p>Ako informovala pol\u00edcia, pod\u013ea prvotn\u00fdch inform\u00e1ci\u00ed si nehoda vy\u017eiadala jeden \u013eudsk\u00fd \u017eivot. \u010eal\u0161ie osoby pod\u013ea doteraj\u0161\u00edch zisten\u00ed neutrpeli zranenia.<\/p>\n<p>&#8222;Prem\u00e1vka je na mieste riaden\u00e1 striedavo v jednom jazdnom pruhu. Vodi\u010dov \u017eiadame o zv\u00fd\u0161en\u00fa opatrnos\u0165,&#8220; uviedla pol\u00edcia.\u00a0<\/p>\n<p>Okolnosti a presn\u00e9 pr\u00ed\u010diny dopravnej nehody s\u00fa predmetom objas\u0148ovania. Bli\u017e\u0161ie inform\u00e1cie dopln\u00edme.<\/p>\n<p>\t<a href=\"https:\/\/www.topky.sk\/gl\/9604371\/6585559\/AKTUALNE--Tazka-nehoda-pri-Hrhove--Zrazka-dvoch-aut-a-kamiona-ma-jednu-obet--FOTO-Zo-zaberov-mrazi\" rel=\"nofollow noopener\" target=\"_blank\"><br \/>\n\t\t<img decoding=\"async\" alt=\"AKTU\u00c1LNE  \u0164a\u017ek\u00e1 nehoda\" aria-describedby=\"img-res-6585559\" class=\"\" height=\"1200\" id=\"6585559\" loading=\"lazy\" onerror=\"imgArticleLoadErr(this)\" src=\"https:\/\/www.europesays.com\/sk\/wp-content\/uploads\/2026\/09\/nehoda-Hrhov-smrtelna-nehoda-policia.jpg\" style=\"aspect-ratio:1.333\" title=\"AKTU\u00c1LNE  \u0164a\u017ek\u00e1 nehoda\" width=\"1600\"\/>\t\t\t<\/p>\n<p>\n\t\t\t\tZobrazi\u0165 gal\u00e9riu (2)\t\t\t<\/p>\n<p>\t<\/a><\/p>\n<p>\t\u00a0(Zdroj: Facebook\/Pol\u00edcia SR &#8211; Ko\u0161ick\u00fd kraj)<\/p>\n","protected":false},"excerpt":{"rendered":"HRHOV &#8211; Tragick\u00e1 zr\u00e1\u017eka si vy\u017eiadala \u013eudsk\u00fd \u017eivot. Na ceste I\/16 pri obci Hrhov v okrese Ro\u017e\u0148ava do\u0161lo&hellip;\n","protected":false},"author":2,"featured_media":170366,"comment_status":"","ping_status":"","sticky":false,"template":"","format":"standard","meta":{"footnotes":"","_share_on_mastodon":"0"},"categories":[6],"tags":[11975,535,525,43,40,44,39,42,45,41,14417],"class_list":["post-170365","post","type-post","status-publish","format-standard","has-post-thumbnail","category-slovensko","tag-hrhov","tag-nehoda","tag-policia","tag-sk","tag-slovak","tag-slovak-republic","tag-slovakia","tag-slovencina","tag-slovenska-republika","tag-slovensko","tag-smrtelna-nehoda"],"share_on_mastodon":{"url":"https:\/\/pubeurope.com\/@sk\/117212657115594438","error":""},"_links":{"self":[{"href":"https:\/\/www.europesays.com\/sk\/wp-json\/wp\/v2\/posts\/170365","targetHints":{"allow":["GET"]}}],"collection":[{"href":"https:\/\/www.europesays.com\/sk\/wp-json\/wp\/v2\/posts"}],"about":[{"href":"https:\/\/www.europesays.com\/sk\/wp-json\/wp\/v2\/types\/post"}],"author":[{"embeddable":true,"href":"https:\/\/www.europesays.com\/sk\/wp-json\/wp\/v2\/users\/2"}],"replies":[{"embeddable":true,"href":"https:\/\/www.europesays.com\/sk\/wp-json\/wp\/v2\/comments?post=170365"}],"version-history":[{"count":0,"href":"https:\/\/www.europesays.com\/sk\/wp-json\/wp\/v2\/posts\/170365\/revisions"}],"wp:featuredmedia":[{"embeddable":true,"href":"https:\/\/www.europesays.com\/sk\/wp-json\/wp\/v2\/media\/170366"}],"wp:attachment":[{"href":"https:\/\/www.europesays.com\/sk\/wp-json\/wp\/v2\/media?parent=170365"}],"wp:term":[{"taxonomy":"category","embeddable":true,"href":"https:\/\/www.europesays.com\/sk\/wp-json\/wp\/v2\/categories?post=170365"},{"taxonomy":"post_tag","embeddable":true,"href":"https:\/\/www.europesays.com\/sk\/wp-json\/wp\/v2\/tags?post=170365"}],"curies":[{"name":"wp","href":"https:\/\/api.w.org\/{rel}","templated":true}]}}