{"id":170377,"date":"2026-09-04T12:13:10","date_gmt":"2026-09-04T12:13:10","guid":{"rendered":"https:\/\/www.europesays.com\/sk\/170377\/"},"modified":"2026-09-04T12:13:10","modified_gmt":"2026-09-04T12:13:10","slug":"nemecko-riesi-dalsiu-sabotaz-pri-elektrickej-stanici-nasli-podozrivy-predmet","status":"publish","type":"post","link":"https:\/\/www.europesays.com\/sk\/170377\/","title":{"rendered":"Nemecko rie\u0161i \u010fal\u0161iu sabot\u00e1\u017e: Pri elektrickej stanici na\u0161li podozriv\u00fd predmet"},"content":{"rendered":"<p>BERL\u00cdN &#8211; Nemeck\u00e1 pol\u00edcia \u0161tvrtkov\u00fd n\u00e1lez podozriv\u00e9ho predmetu pri elektrickej stanici v Dormagene na z\u00e1pade krajiny vy\u0161etruje ako sabot\u00e1\u017e. Informovala o tom dnes agent\u00fara DPA. Hovorca pol\u00edcie v Kol\u00edne nad R\u00fdnom povedal, \u017ee vy\u0161etrovatelia maj\u00fa list, ktor\u00fdm sa niekto hl\u00e1si k zodpovednosti. Nemecko v posledn\u00fdch d\u0148och zaznamenalo in\u00e9 dva \u00fatoky na elektrick\u00e9 rozvodne.<\/p>\n<p>Najnov\u0161\u00ed incident sa stal v Dormagene medzi Kol\u00ednom nad R\u00fdnom a D\u00fcsseldorfom. Na podozriv\u00fd predmet, ktor\u00fd pol\u00edcia vo \u0161tvrtok ozna\u010dila za mo\u017en\u00e9 odpa\u013eovacie zariadenie, upozornil okoloid\u00faci. Z\u00e1sobovanie elektrickou energiou naru\u0161en\u00e9 nebolo, ohl\u00e1sen\u00e9 neboli ani \u017eiadne \u0161kody.<\/p>\n<p>V utorok sa cie\u013eom sabot\u00e1\u017ee stala rozvod\u0148a v Bergheime ne\u010faleko Kol\u00edna nad R\u00fdnom, kde pol\u00edcia na\u0161la odpa\u013eovacie zariadenie a pyrotechniku. Cie\u013eom \u00fatoku sa v utorok stala aj rozvod\u0148a bl\u00edzko elektr\u00e1rne J\u00e4nschewalde v Braniborsku, na ktor\u00fa p\u00e1chate\u013e \u010di p\u00e1chatelia za\u00fato\u010dili objekty dom\u00e1cej v\u00fdroby, ktor\u00e9 sa podobali silvestrovsk\u00fdm raket\u00e1m. Vy\u0161etrovatelia doteraz na\u0161li viac ako desiatku tak\u00fdchto objektov.<\/p>\n","protected":false},"excerpt":{"rendered":"BERL\u00cdN &#8211; Nemeck\u00e1 pol\u00edcia \u0161tvrtkov\u00fd n\u00e1lez podozriv\u00e9ho predmetu pri elektrickej stanici v Dormagene na z\u00e1pade krajiny vy\u0161etruje ako&hellip;\n","protected":false},"author":2,"featured_media":170378,"comment_status":"","ping_status":"","sticky":false,"template":"","format":"standard","meta":{"footnotes":"","_share_on_mastodon":"0"},"categories":[8],"tags":[236,33,237,18296,43,40,42,36,50,49,48],"class_list":["post-170377","post","type-post","status-publish","format-standard","has-post-thumbnail","category-svet","tag-nemecko","tag-news","tag-rusko","tag-sabotaz","tag-sk","tag-slovak","tag-slovencina","tag-spravy","tag-svet","tag-world","tag-world-news"],"share_on_mastodon":{"url":"https:\/\/pubeurope.com\/@sk\/117212715990945353","error":""},"_links":{"self":[{"href":"https:\/\/www.europesays.com\/sk\/wp-json\/wp\/v2\/posts\/170377","targetHints":{"allow":["GET"]}}],"collection":[{"href":"https:\/\/www.europesays.com\/sk\/wp-json\/wp\/v2\/posts"}],"about":[{"href":"https:\/\/www.europesays.com\/sk\/wp-json\/wp\/v2\/types\/post"}],"author":[{"embeddable":true,"href":"https:\/\/www.europesays.com\/sk\/wp-json\/wp\/v2\/users\/2"}],"replies":[{"embeddable":true,"href":"https:\/\/www.europesays.com\/sk\/wp-json\/wp\/v2\/comments?post=170377"}],"version-history":[{"count":0,"href":"https:\/\/www.europesays.com\/sk\/wp-json\/wp\/v2\/posts\/170377\/revisions"}],"wp:featuredmedia":[{"embeddable":true,"href":"https:\/\/www.europesays.com\/sk\/wp-json\/wp\/v2\/media\/170378"}],"wp:attachment":[{"href":"https:\/\/www.europesays.com\/sk\/wp-json\/wp\/v2\/media?parent=170377"}],"wp:term":[{"taxonomy":"category","embeddable":true,"href":"https:\/\/www.europesays.com\/sk\/wp-json\/wp\/v2\/categories?post=170377"},{"taxonomy":"post_tag","embeddable":true,"href":"https:\/\/www.europesays.com\/sk\/wp-json\/wp\/v2\/tags?post=170377"}],"curies":[{"name":"wp","href":"https:\/\/api.w.org\/{rel}","templated":true}]}}