{"id":170379,"date":"2026-09-04T12:14:11","date_gmt":"2026-09-04T12:14:11","guid":{"rendered":"https:\/\/www.europesays.com\/sk\/170379\/"},"modified":"2026-09-04T12:14:11","modified_gmt":"2026-09-04T12:14:11","slug":"dopravna-nehoda-za-strazou-smerom-na-terchovu-celna-zrazka-na-hodinu-uzavrela-cestu","status":"publish","type":"post","link":"https:\/\/www.europesays.com\/sk\/170379\/","title":{"rendered":"Dopravn\u00e1 nehoda za Str\u00e1\u017eou smerom na Terchov\u00fa: \u010celn\u00e1 zr\u00e1\u017eka na hodinu uzavrela cestu"},"content":{"rendered":"<p class=\"article-perex\" itemprop=\"description\" style=\"font-weight: bold; font-style: italic;\">&#13;<br \/>\n                                                            Na ceste II\/583 za obcou Str\u00e1\u017ea v smere na Terchov\u00fa do\u0161lo v piatok r\u00e1no k \u010delnej zr\u00e1\u017eke dvoch osobn\u00fdch motorov\u00fdch vozidiel. \u00dasek bol pre dokumentovanie dopravnej nehody pribli\u017ene hodinu \u00faplne neprejazdn\u00fd.                                                        <\/p>\n<p>Dopravn\u00e1 <a href=\"https:\/\/www.zilinak.sk\/temy\/dopravna-nehoda\" class=\"link-tag\" style=\"\" rel=\"nofollow noopener\" target=\"_blank\">nehoda<\/a> sa stala na ceste II\/583 za obcou Str\u00e1\u017ea smerom na Terchov\u00fa. Pod\u013ea inform\u00e1ci\u00ed Ministerstva vn\u00fatra SR do\u0161lo k \u010delnej zr\u00e1\u017eke dvoch osobn\u00fdch motorov\u00fdch vozidiel.<\/p>\n<p>Po nehode bola cesta obojsmerne neprejazdn\u00e1. Vodi\u010di tak museli v rann\u00fdch hodin\u00e1ch po\u010d\u00edta\u0165 s \u00fapln\u00fdm obmedzen\u00edm prem\u00e1vky na tomto \u00faseku. D\u00f4vodom bolo okrem in\u00e9ho dokumentovanie miesta dopravnej nehody.<\/p>\n<p>Prv\u00e9 ozn\u00e1menie o obmedzen\u00ed bolo zverejnen\u00e9 o 6:47 hod. Ministerstvo vn\u00fatra v \u0148om predpokladalo, \u017ee cesta bude neprejazdn\u00e1 pribli\u017ene jednu hodinu.<\/p>\n<p>Situ\u00e1cia sa napokon podarila vyrie\u0161i\u0165 v priebehu r\u00e1na. O 7:43 hod. u\u017e ministerstvo informovalo, \u017ee cesta II\/583 za Str\u00e1\u017eou smerom na Terchov\u00fa je po dopravnej nehode op\u00e4\u0165 plne prejazdn\u00e1.<\/p>\n<p>V dostupnom ozn\u00e1men\u00ed Ministerstva vn\u00fatra SR nie s\u00fa uveden\u00e9 inform\u00e1cie o pr\u00edpadn\u00fdch zraneniach \u00fa\u010dastn\u00edkov nehody ani o jej pr\u00ed\u010dine. \u010eal\u0161ie okolnosti kol\u00edzie preto zatia\u013e nie s\u00fa zn\u00e1me. <\/p>\n<p>Situ\u00e1ciu kr\u00e1tko po nehode komentovali aj vodi\u010di v skupine Dopravn\u00fd servis \u017dilina. Pod\u013ea ich pr\u00edspevkov sa na mieste tvorili <a href=\"https:\/\/www.zilinak.sk\/temy\/kolony\" class=\"link-tag\" style=\"\" rel=\"nofollow noopener\" target=\"_blank\">kol\u00f3ny<\/a> a niektor\u00ed motoristi h\u013eadali alternat\u00edvne trasy. V koment\u00e1roch sa spom\u00ednala aj cesta cez Lysicu, ktor\u00e1 bola pod\u013ea vodi\u010dov prejazdn\u00e1, no prem\u00e1vka tam bola v\u00fdrazne hustej\u0161ia.<\/p>\n<p><img decoding=\"async\" src=\"https:\/\/www.europesays.com\/sk\/wp-content\/uploads\/2026\/09\/usek-smerom-na-terchovu-bol-po-nehode-uplne-neprejazdny-a-vodici-museli-pocitat-s-kolonami-202609040.webp\" loading=\"lazy\" width=\"720\" height=\"960\"\/>\u00dasek smerom na Terchov\u00fa bol po nehode \u00faplne neprejazdn\u00fd a vodi\u010di museli po\u010d\u00edta\u0165 s kol\u00f3nami                        <\/p>\n","protected":false},"excerpt":{"rendered":"&#13; Na ceste II\/583 za obcou Str\u00e1\u017ea v smere na Terchov\u00fa do\u0161lo v piatok r\u00e1no k \u010delnej zr\u00e1\u017eke&hellip;\n","protected":false},"author":2,"featured_media":170380,"comment_status":"","ping_status":"","sticky":false,"template":"","format":"standard","meta":{"footnotes":"","_share_on_mastodon":"0"},"categories":[6],"tags":[373,376,374,386,375,385,382,384,381,380,378,379,43,40,44,39,42,45,41,377,383],"class_list":["post-170379","post","type-post","status-publish","format-standard","has-post-thumbnail","category-slovensko","tag-doprava","tag-doprava-v-ziline","tag-doprava-zilina","tag-dopravny-servis-zilina","tag-hliadky-zilina","tag-kolona-strecno","tag-kolona-zilina","tag-nehoda-strecno","tag-nehoda-v-ziline","tag-nehoda-zilina","tag-obmedzenie-zilina","tag-policajne-hliadky-a-radary-zilina","tag-sk","tag-slovak","tag-slovak-republic","tag-slovakia","tag-slovencina","tag-slovenska-republika","tag-slovensko","tag-uzavierka-zilina","tag-uzavreta-cesta-zilina"],"share_on_mastodon":{"url":"https:\/\/pubeurope.com\/@sk\/117212719830422381","error":""},"_links":{"self":[{"href":"https:\/\/www.europesays.com\/sk\/wp-json\/wp\/v2\/posts\/170379","targetHints":{"allow":["GET"]}}],"collection":[{"href":"https:\/\/www.europesays.com\/sk\/wp-json\/wp\/v2\/posts"}],"about":[{"href":"https:\/\/www.europesays.com\/sk\/wp-json\/wp\/v2\/types\/post"}],"author":[{"embeddable":true,"href":"https:\/\/www.europesays.com\/sk\/wp-json\/wp\/v2\/users\/2"}],"replies":[{"embeddable":true,"href":"https:\/\/www.europesays.com\/sk\/wp-json\/wp\/v2\/comments?post=170379"}],"version-history":[{"count":0,"href":"https:\/\/www.europesays.com\/sk\/wp-json\/wp\/v2\/posts\/170379\/revisions"}],"wp:featuredmedia":[{"embeddable":true,"href":"https:\/\/www.europesays.com\/sk\/wp-json\/wp\/v2\/media\/170380"}],"wp:attachment":[{"href":"https:\/\/www.europesays.com\/sk\/wp-json\/wp\/v2\/media?parent=170379"}],"wp:term":[{"taxonomy":"category","embeddable":true,"href":"https:\/\/www.europesays.com\/sk\/wp-json\/wp\/v2\/categories?post=170379"},{"taxonomy":"post_tag","embeddable":true,"href":"https:\/\/www.europesays.com\/sk\/wp-json\/wp\/v2\/tags?post=170379"}],"curies":[{"name":"wp","href":"https:\/\/api.w.org\/{rel}","templated":true}]}}