{"id":170389,"date":"2026-09-04T12:28:12","date_gmt":"2026-09-04T12:28:12","guid":{"rendered":"https:\/\/www.europesays.com\/sk\/170389\/"},"modified":"2026-09-04T12:28:12","modified_gmt":"2026-09-04T12:28:12","slug":"prasknute-steny-spadnuty-strop-plesen-a-trus-sutaj-estok-ukazal-preco-chce-rekonstruovat-vnutro","status":"publish","type":"post","link":"https:\/\/www.europesays.com\/sk\/170389\/","title":{"rendered":"Prasknut\u00e9 steny, spadnut\u00fd strop, plese\u0148 a trus. \u0160utaj E\u0161tok uk\u00e1zal, pre\u010do chce rekon\u0161truova\u0165 vn\u00fatro"},"content":{"rendered":"<p>Zatek\u00e1 do nej, na sten\u00e1ch sa tvoria plesne, praskaj\u00fa m\u00fary, pad\u00e1 strop.<\/p>\n<p class=\"article-content-paragraph mb-4\">Minister vn\u00fatra Mat\u00fa\u0161 \u0160utaj E\u0161tok novin\u00e1rom uk\u00e1zal, v akom stave je s\u00eddlo rezortu na Pribinovej ulici, ktor\u00e9 <a href=\"https:\/\/www.aktuality.sk\/clanok\/q0jmXnh\/rezort-vnutra-zatvoril-cast-budovy-lebo-pada-uradnikom-na-hlavu-sutaj-estok-chce-investovat-85-milionov\/\" id=\"afcc12ac-328c-4db5-9275-36550035251f\" rel=\"nofollow noopener\" target=\"_blank\">chce zrekon\u0161truova\u0165<\/a> za vy\u0161e 85 mili\u00f3nov eur.<\/p>\n<p class=\"article-content-paragraph mb-4\">Pl\u00e1ny \u0161\u00e9fa rezortu vn\u00fatra u\u017e stihla odklepn\u00fa\u0165 vl\u00e1da. Ministerstvo si chce vytvori\u0165 modern\u00e9 centrum na n\u00e1bre\u017e\u00ed Dunaja. Pri budove na Pribinovej ulici by mala vyr\u00e1s\u0165 \u00faplne nov\u00e1, modern\u00e1 pr\u00edstavba. Dokopy by tu mohlo pracova\u0165 1018 a\u017e 1350 \u00faradn\u00edkov.<\/p>\n<p class=\"article-content-paragraph mb-4\">Minister vn\u00fatra deklaruje, \u017ee financovanie v\u0161ak m\u00e1 by\u0165 v tomto pr\u00edpade pre \u0161t\u00e1t nulov\u00e9. Nov\u00e9 priestory by sa mali zaplati\u0165 z odpredaja \u010fal\u0161\u00edch budov rezortu vn\u00fatra.<\/p>\n<p class=\"article-content-paragraph mb-4\">Mas\u00edvny realitn\u00fd v\u00fdpredaj uvo\u013enen\u00e9ho majetku vn\u00fatra by sa mal dotkn\u00fa\u0165 priestorov a pozemkov, na ktor\u00e9 m\u00f4\u017eu upiera\u0165 zrak viacer\u00ed developeri. Vo vl\u00e1dnych anal\u00fdzach figuruje 20 nehnute\u013enost\u00ed.<\/p>\n<p class=\"article-content-paragraph mb-4\">Napr\u00edklad trojposchodov\u00e1 budova na Ko\u0161ickej ulici v Bratislave, ktorej cena sa m\u00f4\u017ee pohybova\u0165 od 13 do 20 mili\u00f3nov eur. Budovu na Drie\u0148ovej ulici zas znalci vy\u010d\u00edslili na 11,6 mili\u00f3na. V s\u00fa\u010dasnosti pracuj\u00fa zamestnanci ministerstva vo viac ako desiatich lokalit\u00e1ch a po novom by sa ich pracovisk\u00e1 mali zredukova\u0165 na \u0161tyri objekty.<\/p>\n<p class=\"article-content-paragraph mb-4\">B\u00fdval\u00fd policajn\u00fd prezident a dnes poslanec za Progres\u00edvne Slovensko Jaroslav Spi\u0161iak pl\u00e1ny rezortu vn\u00fatra naz\u00fdva \u201epapal\u00e1\u0161izmom\u201c a pl\u00e1novan\u00e9 s\u00eddlo prirovnal ku <a href=\"https:\/\/www.aktuality.sk\/clanok\/fycagWt\/kalinak-ukazal-kukuricu-kuchyna-za-7-tisic-je-vraj-standard-gauce-za-14-tisic-nekupil-machova-stena-vydrzala-40-ky-video-foto\/\" id=\"8054411b-f472-46be-a52c-10efc0b7180e\" rel=\"nofollow noopener\" target=\"_blank\">Kali\u0148\u00e1kovej Kukurici<\/a>.<\/p>\n<p class=\"article-content-paragraph mb-4\">K\u00fdm sa vn\u00fatro prepracuje k nov\u00e9mu luxusu, prejd\u00fa cel\u00e9 roky. Medzit\u00fdm si mno\u017estvo \u00faradn\u00edkov bude musie\u0165 zbali\u0165 kufre a do\u010dasne pre\u010dka\u0165 v\u00fdstavbu v prenajat\u00fdch komer\u010dn\u00fdch priestoroch.<\/p>\n<p class=\"article-content-paragraph mb-4\">\u201e\u010co dnes re\u00e1lne rob\u00edme? Pripravujeme projektov\u00fa dokument\u00e1ciu, predaj nepotrebn\u00fdch nehnute\u013enost\u00ed a verejn\u00fa s\u00fa\u0165a\u017e. Ni\u010d viac. Dnes sa neza\u010d\u00edna \u017eiadna stavba ani rekon\u0161trukcia,\u201c uviedol \u0160utaj E\u0161tok.<\/p>\n<p class=\"article-content-paragraph mb-4\">Ministerstvo vn\u00fatra tak rozbieha jeden z najv\u00e4\u010d\u0161\u00edch realitn\u00fdch biznisov tohto volebn\u00e9ho obdobia, no narozdiel od Roberta Kali\u0148\u00e1ka sa Mat\u00fa\u0161 \u0160utaj E\u0161tok pred vo\u013ebami v\u00fdsledku nedo\u010dk\u00e1. Stihn\u00fa\u0165 by mal vyhl\u00e1si\u0165 s\u00fa\u0165a\u017e na zhotovite\u013ea.<\/p>\n","protected":false},"excerpt":{"rendered":"Zatek\u00e1 do nej, na sten\u00e1ch sa tvoria plesne, praskaj\u00fa m\u00fary, pad\u00e1 strop. Minister vn\u00fatra Mat\u00fa\u0161 \u0160utaj E\u0161tok novin\u00e1rom&hellip;\n","protected":false},"author":2,"featured_media":170390,"comment_status":"","ping_status":"","sticky":false,"template":"","format":"standard","meta":{"footnotes":"","_share_on_mastodon":"0"},"categories":[6],"tags":[43,40,44,39,42,45,41],"class_list":["post-170389","post","type-post","status-publish","format-standard","has-post-thumbnail","category-slovensko","tag-sk","tag-slovak","tag-slovak-republic","tag-slovakia","tag-slovencina","tag-slovenska-republika","tag-slovensko"],"share_on_mastodon":{"url":"https:\/\/pubeurope.com\/@sk\/117212774911085345","error":""},"_links":{"self":[{"href":"https:\/\/www.europesays.com\/sk\/wp-json\/wp\/v2\/posts\/170389","targetHints":{"allow":["GET"]}}],"collection":[{"href":"https:\/\/www.europesays.com\/sk\/wp-json\/wp\/v2\/posts"}],"about":[{"href":"https:\/\/www.europesays.com\/sk\/wp-json\/wp\/v2\/types\/post"}],"author":[{"embeddable":true,"href":"https:\/\/www.europesays.com\/sk\/wp-json\/wp\/v2\/users\/2"}],"replies":[{"embeddable":true,"href":"https:\/\/www.europesays.com\/sk\/wp-json\/wp\/v2\/comments?post=170389"}],"version-history":[{"count":0,"href":"https:\/\/www.europesays.com\/sk\/wp-json\/wp\/v2\/posts\/170389\/revisions"}],"wp:featuredmedia":[{"embeddable":true,"href":"https:\/\/www.europesays.com\/sk\/wp-json\/wp\/v2\/media\/170390"}],"wp:attachment":[{"href":"https:\/\/www.europesays.com\/sk\/wp-json\/wp\/v2\/media?parent=170389"}],"wp:term":[{"taxonomy":"category","embeddable":true,"href":"https:\/\/www.europesays.com\/sk\/wp-json\/wp\/v2\/categories?post=170389"},{"taxonomy":"post_tag","embeddable":true,"href":"https:\/\/www.europesays.com\/sk\/wp-json\/wp\/v2\/tags?post=170389"}],"curies":[{"name":"wp","href":"https:\/\/api.w.org\/{rel}","templated":true}]}}