{"id":170415,"date":"2026-09-04T12:56:11","date_gmt":"2026-09-04T12:56:11","guid":{"rendered":"https:\/\/www.europesays.com\/sk\/170415\/"},"modified":"2026-09-04T12:56:11","modified_gmt":"2026-09-04T12:56:11","slug":"foto-rozruch-na-letisku-v-kosiciach-svetovy-boxer-si-vyzdvihol-slavnu-snubenicu-zo-zemplinskej-siravy","status":"publish","type":"post","link":"https:\/\/www.europesays.com\/sk\/170415\/","title":{"rendered":"FOTO Rozruch na letisku v Ko\u0161iciach: Svetov\u00fd boxer si vyzdvihol sl\u00e1vnu sn\u00fabenicu zo Zempl\u00ednskej \u0161\u00edravy!"},"content":{"rendered":"\n<p article=\"[object Object]\" class=\"md:text-article-content leading-relaxed md:leading-normal mt-5 lg:mt-10 false\">Americk\u00fd youtuber a profesion\u00e1lny boxer Jake Paul (29) sp\u00f4sobil na ko\u0161ickom letisku poriadny rozruch. Zn\u00e1my influencer dorazil na Slovensko na palube s\u00fakromn\u00e9ho lietadla, z ktor\u00e9ho v\u0161ak vyst\u00fapil len na kr\u00e1tku chv\u00ed\u013eu, informoval web <a href=\"https:\/\/www.kosicak.sk\/clanky\/13985\/foto-na-kosickom-letisku-pristalo-sukromne-lietadlo-jakea-paula-americka-hviezda-prekvapila-dovolenkarov\" id=\"37ccd6db-3a42-4e4f-8e6b-98ab6b051d0a\" target=\"_blank\" rel=\"nofollow noopener\">Kosicak.sk<\/a>.<\/p>\n<p article=\"[object Object]\" class=\"md:text-article-content leading-relaxed md:leading-normal mt-5 lg:mt-10 false\">Pod\u013ea svedkov vz\u00e1p\u00e4t\u00ed nast\u00fapil do pripraven\u00e9ho mikrobusu a pribli\u017ene po tridsiatich min\u00fatach sa vr\u00e1til sp\u00e4\u0165 na palubu. D\u00f4vodom jeho bleskovej n\u00e1v\u0161tevy mala by\u0165 jeho sn\u00fabenica, holandsk\u00e1 olympijsk\u00e1 r\u00fdchlokor\u010duliarka Jutta Leerdam (27), ktor\u00e1 na v\u00fdchode Slovenska tr\u00e1vila v\u00edkend. <\/p>\n<p article=\"[object Object]\" class=\"md:text-article-content leading-relaxed md:leading-normal mt-5 lg:mt-10 false\">\u0160portovky\u0148a sa pod\u013ea webu z\u00fa\u010dastnila na svadbe svojho brata na Zempl\u00ednskej \u0161\u00edrave, tak\u017ee letisko v Ko\u0161iciach pravdepodobne posl\u00fa\u017eilo len ako kr\u00e1tka zast\u00e1vka na jej vyzdvihnutie. Hviezdny p\u00e1r tak na\u0161u krajinu vyu\u017eil len ako r\u00fdchlu prestupn\u00fa stanicu na spolo\u010dnej ceste.<\/p>\n","protected":false},"excerpt":{"rendered":"Americk\u00fd youtuber a profesion\u00e1lny boxer Jake Paul (29) sp\u00f4sobil na ko\u0161ickom letisku poriadny rozruch. Zn\u00e1my influencer dorazil na&hellip;\n","protected":false},"author":2,"featured_media":170416,"comment_status":"","ping_status":"","sticky":false,"template":"","format":"standard","meta":{"footnotes":"","_share_on_mastodon":"0"},"categories":[6],"tags":[43,40,44,39,42,45,41],"class_list":["post-170415","post","type-post","status-publish","format-standard","has-post-thumbnail","category-slovensko","tag-sk","tag-slovak","tag-slovak-republic","tag-slovakia","tag-slovencina","tag-slovenska-republika","tag-slovensko"],"share_on_mastodon":{"url":"https:\/\/pubeurope.com\/@sk\/117212884734672583","error":""},"_links":{"self":[{"href":"https:\/\/www.europesays.com\/sk\/wp-json\/wp\/v2\/posts\/170415","targetHints":{"allow":["GET"]}}],"collection":[{"href":"https:\/\/www.europesays.com\/sk\/wp-json\/wp\/v2\/posts"}],"about":[{"href":"https:\/\/www.europesays.com\/sk\/wp-json\/wp\/v2\/types\/post"}],"author":[{"embeddable":true,"href":"https:\/\/www.europesays.com\/sk\/wp-json\/wp\/v2\/users\/2"}],"replies":[{"embeddable":true,"href":"https:\/\/www.europesays.com\/sk\/wp-json\/wp\/v2\/comments?post=170415"}],"version-history":[{"count":0,"href":"https:\/\/www.europesays.com\/sk\/wp-json\/wp\/v2\/posts\/170415\/revisions"}],"wp:featuredmedia":[{"embeddable":true,"href":"https:\/\/www.europesays.com\/sk\/wp-json\/wp\/v2\/media\/170416"}],"wp:attachment":[{"href":"https:\/\/www.europesays.com\/sk\/wp-json\/wp\/v2\/media?parent=170415"}],"wp:term":[{"taxonomy":"category","embeddable":true,"href":"https:\/\/www.europesays.com\/sk\/wp-json\/wp\/v2\/categories?post=170415"},{"taxonomy":"post_tag","embeddable":true,"href":"https:\/\/www.europesays.com\/sk\/wp-json\/wp\/v2\/tags?post=170415"}],"curies":[{"name":"wp","href":"https:\/\/api.w.org\/{rel}","templated":true}]}}