{"id":170429,"date":"2026-09-04T13:10:14","date_gmt":"2026-09-04T13:10:14","guid":{"rendered":"https:\/\/www.europesays.com\/sk\/170429\/"},"modified":"2026-09-04T13:10:14","modified_gmt":"2026-09-04T13:10:14","slug":"obalka-v-postovej-schranke-ukryvala-naboj-policia-hlada-muza-zo-zaberov-domace-spravy","status":"publish","type":"post","link":"https:\/\/www.europesays.com\/sk\/170429\/","title":{"rendered":"Ob\u00e1lka v po\u0161tovej schr\u00e1nke ukr\u00fdvala n\u00e1boj. Pol\u00edcia h\u013ead\u00e1 mu\u017ea zo z\u00e1berov &#8211; Dom\u00e1ce &#8211; Spr\u00e1vy"},"content":{"rendered":"<p>Nezn\u00e1my mu\u017e mal v \u010dase od 15. do 18. j\u00fala vlo\u017ei\u0165 do po\u0161tovej schr\u00e1nky jedn\u00e9ho z bytov\u00fdch domov na Pal\u00e1rikovej ulici v Trnave nepop\u00edsan\u00fa a zalepen\u00fa ob\u00e1lku. Vn\u00fatri sa mal nach\u00e1dza\u0165 n\u00e1boj.<\/p>\n<p>Video<br \/>\nKr\u00e1de\u017e vys\u00e1va\u010da. Pol\u00edcia h\u013ead\u00e1 dve \u017eeny<\/p>\n<p>\nZdroj:<br \/>\nFB\/Pol\u00edcia SR\n<\/p>\n<p>Obsah ob\u00e1lky vyvolal u majite\u013ea schr\u00e1nky obavu o \u017eivot a zdravie. Pol\u00edcia pr\u00edpad vy\u0161etruje ako pre\u010din nebezpe\u010dn\u00e9ho vyhr\u00e1\u017eania.<\/p>\n<p>Na zabezpe\u010den\u00fdch kamerov\u00fdch z\u00e1znamoch zachytila osobu, ktorej stoto\u017enenie by mohlo pom\u00f4c\u0165 pri vy\u0161etrovan\u00ed. \u013dudia, ktor\u00ed mu\u017ea poznaj\u00fa alebo maj\u00fa inform\u00e1cie o pr\u00edpade, m\u00f4\u017eu kontaktova\u0165 pol\u00edciu na \u010d\u00edsle 158 alebo osobne na ktoromko\u013evek policajnom oddelen\u00ed.<\/p>\n<p>\u00a9 Autorsk\u00e9 pr\u00e1va vyhraden\u00e9<\/p>\n<p><a href=\"https:\/\/debata.pravda.sk\/debata\/2035821-trnava-policia-muz-naboj-schranka-obalka\/\" class=\"detail_text_socials_item debata debata-count-decorator\" rel=\"nofollow noopener\" target=\"_blank\"><\/p>\n<p>debata<\/p>\n<p><\/a><\/p>\n<p><a href=\"https:\/\/www.pravda.sk\/mreporter\" class=\"detail_text_socials_item hide\" id=\"mreporter-button\" rel=\"nofollow noopener\" target=\"_blank\"><\/p>\n<p>mReport\u00e9r<\/p>\n<p><\/a><\/p>\n<p><img decoding=\"async\" src=\"https:\/\/ipravda.sk\/res\/www\/sorry.svg\" alt=\"\u013dutujeme\" height=\"75\"\/><\/p>\n<p>V\u00e1\u017een\u00ed \u010ditatelia, pod t\u00fdmto \u010dl\u00e1nkom sme neumo\u017enili diskusiu<\/p>\n<p>\nObsah \u010dl\u00e1nku a sk\u00fasenosti s administr\u00e1ciou deb\u00e1t n\u00e1m d\u00e1vaj\u00fa predpoklad, \u017ee aj na tomto mieste by prib\u00fadali<br \/>\npreva\u017ene pr\u00edspevky, ktor\u00e9 by boli v rozpore s pravidlami debaty aj dobr\u00fdmi mravmi.\n<\/p>\n<p>\n\u010eakujeme za pochopenie a te\u0161\u00edme sa na slu\u0161n\u00e9 debaty pod in\u00fdmi \u010dl\u00e1nkami.\n<\/p>\n<p>Rozumiem<\/p>\n","protected":false},"excerpt":{"rendered":"Nezn\u00e1my mu\u017e mal v \u010dase od 15. do 18. j\u00fala vlo\u017ei\u0165 do po\u0161tovej schr\u00e1nky jedn\u00e9ho z bytov\u00fdch domov&hellip;\n","protected":false},"author":2,"featured_media":170430,"comment_status":"","ping_status":"","sticky":false,"template":"","format":"standard","meta":{"footnotes":"","_share_on_mastodon":"0"},"categories":[6],"tags":[43,40,44,39,42,45,41],"class_list":["post-170429","post","type-post","status-publish","format-standard","has-post-thumbnail","category-slovensko","tag-sk","tag-slovak","tag-slovak-republic","tag-slovakia","tag-slovencina","tag-slovenska-republika","tag-slovensko"],"share_on_mastodon":{"url":"https:\/\/pubeurope.com\/@sk\/117212940120648474","error":""},"_links":{"self":[{"href":"https:\/\/www.europesays.com\/sk\/wp-json\/wp\/v2\/posts\/170429","targetHints":{"allow":["GET"]}}],"collection":[{"href":"https:\/\/www.europesays.com\/sk\/wp-json\/wp\/v2\/posts"}],"about":[{"href":"https:\/\/www.europesays.com\/sk\/wp-json\/wp\/v2\/types\/post"}],"author":[{"embeddable":true,"href":"https:\/\/www.europesays.com\/sk\/wp-json\/wp\/v2\/users\/2"}],"replies":[{"embeddable":true,"href":"https:\/\/www.europesays.com\/sk\/wp-json\/wp\/v2\/comments?post=170429"}],"version-history":[{"count":0,"href":"https:\/\/www.europesays.com\/sk\/wp-json\/wp\/v2\/posts\/170429\/revisions"}],"wp:featuredmedia":[{"embeddable":true,"href":"https:\/\/www.europesays.com\/sk\/wp-json\/wp\/v2\/media\/170430"}],"wp:attachment":[{"href":"https:\/\/www.europesays.com\/sk\/wp-json\/wp\/v2\/media?parent=170429"}],"wp:term":[{"taxonomy":"category","embeddable":true,"href":"https:\/\/www.europesays.com\/sk\/wp-json\/wp\/v2\/categories?post=170429"},{"taxonomy":"post_tag","embeddable":true,"href":"https:\/\/www.europesays.com\/sk\/wp-json\/wp\/v2\/tags?post=170429"}],"curies":[{"name":"wp","href":"https:\/\/api.w.org\/{rel}","templated":true}]}}