{"id":170431,"date":"2026-09-04T13:11:09","date_gmt":"2026-09-04T13:11:09","guid":{"rendered":"https:\/\/www.europesays.com\/sk\/170431\/"},"modified":"2026-09-04T13:11:09","modified_gmt":"2026-09-04T13:11:09","slug":"angelo-z-kelly-family-je-na-slovensku-osudovej-laske-napisal-skladbu-uz-ako-13-rocny","status":"publish","type":"post","link":"https:\/\/www.europesays.com\/sk\/170431\/","title":{"rendered":"Angelo z Kelly Family je na Slovensku: Osudovej l\u00e1ske nap\u00edsal skladbu u\u017e ako 13-ro\u010dn\u00fd!"},"content":{"rendered":"<p>BRATISLAVA &#8211; V Rann\u00fdch novin\u00e1ch TV Joj dnes mali ve\u013emi v\u00fdnimo\u010dn\u00e9ho hos\u0165a. A to svetozn\u00e1meho spev\u00e1ka, hudobn\u00edka a skladate\u013ea menom Angelo Kelly (44), ktor\u00fd v 90. rokoch spolu s celou svojou rodinou za\u017e\u00edval obrovsk\u00fa popularitu a bol idolom mnoh\u00fdch diev\u010dat aj na Slovensku. Jeho srdce v\u0161ak u\u017e od t\u00edned\u017eersk\u00fdch \u010dias patrilo iba jednej jedinej \u017eene. <\/p>\n<p>The Kelly Family bola netradi\u010dn\u00e1 rodinn\u00e1 hudobn\u00e1 skupina. \u017dili ko\u010dovn\u00fdm sp\u00f4sobom \u017eivota, spolo\u010dne vystupovali najsk\u00f4r na uliciach a postupne si vybudovali vlastn\u00fd hudobn\u00fd \u0161t\u00fdl, v ktorom sa mie\u0161al folk, pop a rock. Ich pozn\u00e1vac\u00edm znamen\u00edm boli hust\u00e9 dlh\u00e9 vlasy a ve\u013ek\u00e1 rodinn\u00e1 s\u00fadr\u017enos\u0165. Medzi najzn\u00e1mej\u0161\u00edch \u010dlenov patrili Paddy a Angelo, z ktor\u00fdch sa r\u00fdchlo stali idoly mnoh\u00fdch diev\u010dat.\u00a0<\/p>\n<p>Form\u00e1cia The Kelly Famila za\u017eila najv\u00e4\u010d\u0161iu sl\u00e1vu v 90. rokoch,vypred\u00e1vali ve\u013ek\u00e9 koncertn\u00e9 haly a ich skladby\u00a0An Angel,\u00a0\u010di\u00a0I Can\u00b4t Help Myself v mnoh\u00fdch vyvol\u00e1vaj\u00fa poriadnu nostalgiu. Ne\u010dudo, \u017ee ke\u010f v piatkovom vydan\u00ed rel\u00e1cie Rann\u00e9 noviny na TV Joj bol hos\u0165om Angelo Kelly, mnoh\u00fdch div\u00e1kov to pote\u0161ilo.\u00a0<\/p>\n<p>Angelo v rozhovore s Thomasom Puskailerom prezradil aj to, \u017ee text k skladbe\u00a0I Can\u00b4t Help Myself\u00a0nap\u00edsal ke\u010f mal len 13 rokov pre svoju najelp\u0161iu kamar\u00e1tku Kiru, z ktorej je dnes jeho \u017eena a maj\u00fa spolu p\u00e4\u0165 det\u00ed.\u00a0<\/p>\n<p style=\"text-align:center\">VIDEO: Angelo Kelly bol hos\u0165om v Rann\u00fdch novin\u00e1ch TV Joj.<\/p>\n<p style=\"text-align:center\">\n<p>Angelo Kelly bol hos\u0165om v Rann\u00fdch novin\u00e1ch TV Joj\t\t(Zdroj: Rann\u00e9 noviny TV JOJ )\t<\/p>\n<\/p>\n<p style=\"text-align:center\">\n<p>Angelo Kelly v Rann\u00fdch novin\u00e1ch TV Joj zaspieval aj skladbu, ktor\u00fa nap\u00edsal ako 13-ro\u010dn\u00fd\t\t(Zdroj: Rann\u00e9 noviny TV JOJ)\t<\/p>\n<\/p>\n<p>\t\tHlasovanie ukon\u010den\u00e9<\/p>\n<p>\t\t\t\t{{ poll.title }}<\/p>\n<p>\t\t\t\t\t<img :alt=\"pollImageDescription()\" :src=\"https:\/\/novinky.zoznam.sk\/cl\/181\/9485899\/poll.img_url\" class=\"box-quiz-new-image-questionnaire\"\/><\/p>\n<p>{{ poll.image_description }} (Zdroj: {{ poll.image_resource }})<\/p>\n<p>\t\t\t\t\t\t\t\t\t\t\t<img :alt=\"questionImageDescription(question)\" :src=\"https:\/\/novinky.zoznam.sk\/cl\/181\/9485899\/question.img_url\" class=\"box-quiz-new-image-top\"\/><\/p>\n<p>Zdroj: {{ question.image_resource }}<\/p>\n<p>\n\t\t\t\t\t\t\t\t\t\t\t{{ question.text }}\n\t\t\t\t\t\t\t\t\t\t<\/p>\n<p>{{ question.text }}<\/p>\n<p>\t\t\t\t\t\t\t\t\t\t\t\t\t\t<img :alt=\"questionImageDescription(question)\" :src=\"https:\/\/novinky.zoznam.sk\/cl\/181\/9485899\/question.img_url\" class=\"box-quiz-new-image-top\"\/><\/p>\n<p>Zdroj: {{ question.image_resource }}<\/p>\n<p>{{ poll.title }}<\/p>\n<p>{{ question.text }}<\/p>\n<p>\t\t\t\t\t\t\t\t\t\t\t\t\t\t<img :alt=\"questionImageDescription(question)\" :src=\"https:\/\/novinky.zoznam.sk\/cl\/181\/9485899\/question.img_url\" class=\"box-quiz-new-image-top\"\/><\/p>\n<p>Zdroj: {{ question.image_resource }}<\/p>\n<p>{{ poll.rating_worst}}<\/p>\n<p>{{ poll.rating_best}}<\/p>\n<p>{{ poll.rating_best}}<\/p>\n<p>{{ poll.rating_worst}}<\/p>\n<p>\t\t\t\t\t\t\t\t\t\t\t\t\t{{ answer.text }}<\/p>\n<p>\t\t\t\t\t\t\t\t\t\t\t\t\t{{ answer.text }}<\/p>\n<p>\t\t\t\t\t{{ poll.title }}<\/p>\n<p v-if=\"poll.contact_form\">{{ poll.thanks }}<\/p>\n<p>{{ question.text }}<\/p>\n<p>\t\t\t\t\t\t\t\t\t<img :alt=\"questionImageDescription(question)\" :src=\"https:\/\/novinky.zoznam.sk\/cl\/181\/9485899\/question.img_url\" class=\"box-quiz-new-image-top\"\/><\/p>\n<p>Zdroj: {{ question.image_resource }}<\/p>\n<p>Priemern\u00e9 hodnotenie: {{ question.rating }}<\/p>\n<p> Va\u0161e hodnotenie: {{ question.user_rating }}<\/p>\n<p>{{ question.text }}<\/p>\n<p>\t\t\t\t\t\t\t\t\t<img :alt=\"questionImageDescription(question)\" :src=\"https:\/\/novinky.zoznam.sk\/cl\/181\/9485899\/question.img_url\" class=\"box-quiz-new-image-top\"\/><\/p>\n<p>Zdroj: {{ question.image_resource }}<\/p>\n<p>{{ poll.rating_worst}}<\/p>\n<p>{{ poll.rating_best}}<\/p>\n<p>{{ poll.rating_best}}<\/p>\n<p>{{ poll.rating_worst}}<\/p>\n<p>Priemern\u00e9 hodnotenie: {{ question.rating }}<\/p>\n<p> Va\u0161e hodnotenie: {{ question.user_rating }}<\/p>\n<p>Hlasovalo: {{questions[0].votes}}<\/p>\n<p>\t\t\t\t\t\t{{ poll.title }}<\/p>\n<p>\t\t\t\t\t\t\t<img :alt=\"pollImageDescription()\" :src=\"https:\/\/novinky.zoznam.sk\/cl\/181\/9485899\/poll.img_url\" class=\"box-quiz-new-image-questionnaire\"\/><\/p>\n<p>{{ poll.image_description }} (Zdroj: {{ poll.image_resource }})<\/p>\n<p>{{ qIndex+1 }}\/{{ questions.length }}<\/p>\n<p>\t\t\t\t\t\t\t\t\t<img :alt=\"questionImageDescription(question)\" :src=\"https:\/\/novinky.zoznam.sk\/cl\/181\/9485899\/question.img_url\" class=\"box-quiz-new-image-top\"\/><br \/>\n\t\t\t\t\t\t\t\t\t<a class=\"box-quiz-new-magnifier\" href=\"#\" title=\"Zv\u00e4\u010d\u0161i\u0165 obr\u00e1zok\">\u00a0<\/a><\/p>\n<p>Zdroj: {{ question.image_resource }}<\/p>\n<p>{{ question.text }}<\/p>\n<p>M\u00f4\u017eete ozna\u010di\u0165 viacero odpoved\u00ed.<\/p>\n<p class=\"profile-name\">{{ profiles[profileEvalueated.index].name }}<\/p>\n<p v-if=\"poll.show_profiles_percentage\">Zhoda: {{ profileEvalueated.weightPercentage }}%<\/p>\n<p>\t\t\t\t\t\t\t\t\t<img :alt=\"profiles[profileEvalueated.index].image_description\" :src=\"https:\/\/novinky.zoznam.sk\/cl\/181\/9485899\/profiles[profileEvalueated.index].img_url\" class=\"box-quiz-new-image-questionnaire\"\/><\/p>\n<p>{{ profiles[profileEvalueated.index].image_description }} (Zdroj: {{ profiles[profileEvalueated.index].image_resource }})<\/p>\n<p><\/p>\n<p>\t\t\t\t\t\t\t\u00d7<br \/>\n\t\t\t\t\t\t\t<img :alt=\"imageModal.imgDescription\" :src=\"https:\/\/novinky.zoznam.sk\/cl\/181\/9485899\/imageModal.imgUrl\" :style=\"isEmbed ? computeModalImageStyle() : ''\"\/><\/p>\n","protected":false},"excerpt":{"rendered":"BRATISLAVA &#8211; V Rann\u00fdch novin\u00e1ch TV Joj dnes mali ve\u013emi v\u00fdnimo\u010dn\u00e9ho hos\u0165a. A to svetozn\u00e1meho spev\u00e1ka, hudobn\u00edka a&hellip;\n","protected":false},"author":2,"featured_media":170432,"comment_status":"","ping_status":"","sticky":false,"template":"","format":"standard","meta":{"footnotes":"","_share_on_mastodon":"0"},"categories":[32],"tags":[48227,34,37,33,43,40,39,42,41,36,48228,38,35],"class_list":["post-170431","post","type-post","status-publish","format-standard","has-post-thumbnail","category-spravy","tag-angelo-kelly","tag-headlines","tag-hlavne-spravy","tag-news","tag-sk","tag-slovak","tag-slovakia","tag-slovencina","tag-slovensko","tag-spravy","tag-the-kelly-family","tag-titulky","tag-top-stories"],"share_on_mastodon":{"url":"https:\/\/pubeurope.com\/@sk\/117212943873780326","error":""},"_links":{"self":[{"href":"https:\/\/www.europesays.com\/sk\/wp-json\/wp\/v2\/posts\/170431","targetHints":{"allow":["GET"]}}],"collection":[{"href":"https:\/\/www.europesays.com\/sk\/wp-json\/wp\/v2\/posts"}],"about":[{"href":"https:\/\/www.europesays.com\/sk\/wp-json\/wp\/v2\/types\/post"}],"author":[{"embeddable":true,"href":"https:\/\/www.europesays.com\/sk\/wp-json\/wp\/v2\/users\/2"}],"replies":[{"embeddable":true,"href":"https:\/\/www.europesays.com\/sk\/wp-json\/wp\/v2\/comments?post=170431"}],"version-history":[{"count":0,"href":"https:\/\/www.europesays.com\/sk\/wp-json\/wp\/v2\/posts\/170431\/revisions"}],"wp:featuredmedia":[{"embeddable":true,"href":"https:\/\/www.europesays.com\/sk\/wp-json\/wp\/v2\/media\/170432"}],"wp:attachment":[{"href":"https:\/\/www.europesays.com\/sk\/wp-json\/wp\/v2\/media?parent=170431"}],"wp:term":[{"taxonomy":"category","embeddable":true,"href":"https:\/\/www.europesays.com\/sk\/wp-json\/wp\/v2\/categories?post=170431"},{"taxonomy":"post_tag","embeddable":true,"href":"https:\/\/www.europesays.com\/sk\/wp-json\/wp\/v2\/tags?post=170431"}],"curies":[{"name":"wp","href":"https:\/\/api.w.org\/{rel}","templated":true}]}}