{"id":170443,"date":"2026-09-04T13:24:14","date_gmt":"2026-09-04T13:24:14","guid":{"rendered":"https:\/\/www.europesays.com\/sk\/170443\/"},"modified":"2026-09-04T13:24:14","modified_gmt":"2026-09-04T13:24:14","slug":"drucker-obvinil-skoly-rodicov-hneva-ze-musia-platit-desiatky-eur-za-ucebnice-skoly-dostali-penazi-dost-ohybaju-pravdu-vyhlasil-minister","status":"publish","type":"post","link":"https:\/\/www.europesays.com\/sk\/170443\/","title":{"rendered":"Drucker obvinil \u0161koly | Rodi\u010dov hnev\u00e1, \u017ee musia plati\u0165 desiatky eur za u\u010debnice. \u0160koly dostali pe\u0148az\u00ed dos\u0165, oh\u00fdbaj\u00fa pravdu, vyhl\u00e1sil minister"},"content":{"rendered":"<p>Napriek tomu, \u017ee rodi\u010dia ka\u017ed\u00fd rok \u010delia neust\u00e1le sa zvy\u0161uj\u00facim n\u00e1kladom spojen\u00fdm so za\u010diatkom \u0161kolsk\u00e9ho roka, tento rok ich nemilo prekvapili inform\u00e1cie zo \u0161k\u00f4l, \u017ee musia zaplati\u0165 desiatky eur za pracovn\u00e9 zo\u0161ity.<\/p>\n<p>\u0160koly sa pritom odvol\u00e1vaj\u00fa na to, \u017ee ministerstvo \u0161kolstva nepridelilo na tento \u00fa\u010del dostato\u010dn\u00e9 finan\u010dn\u00e9 prostriedky a zn\u00ed\u017eilo pr\u00edspevok na u\u010debnice na 15 eur na \u017eiaka.<\/p>\n<p>Rozhor\u010den\u00ed rodi\u010dia na soci\u00e1lnych sie\u0165ach zverej\u0148uj\u00fa spr\u00e1vy, ktor\u00e9 im \u0161koly zaslali.<\/p>\n<p><img decoding=\"async\" src=\"https:\/\/www.europesays.com\/sk\/wp-content\/uploads\/2026\/09\/edupage1-1788515444.jpg\"\/><\/p>\n<p class=\"image-description\">Jeden z mnoh\u00fdch oznamov \u0161k\u00f4l, ktor\u00e9 rodi\u010dia zverej\u0148uj\u00fa na soci\u00e1lnych sie\u0165ach. Zdroj: FB\/printscreen<\/p>\n<p>Najhor\u0161ie na tom s\u00fa rodi\u010dia druhostupniarov. \u201eZa pracovn\u00e9 u\u010debnice za piata\u010dku 60 eur, za syna siedmaka 72, a to e\u0161te nepri\u0161iel oznam, ko\u013eko bude st\u00e1\u0165 triedny fond a ZRP\u0160. K tomu treba k\u00fapi\u0165 zo\u0161ity, pera\u010dn\u00edky, per\u00e1, veci na v\u00fdtvarn\u00fa a telesn\u00fa. Som \u0161\u0165astn\u00e1, \u017ee m\u00e1m len dve deti, \u010fal\u0161\u00edm by som nevl\u00e1dala zaplati\u0165 \u0161t\u00e1tnu \u0161kolu,\u201c komentuje situ\u00e1ciu jeden z mnoh\u00fdch nahnevan\u00fdch rodi\u010dov.<\/p>\n<p>Na soci\u00e1lnych sie\u0165ach s\u00fa stovky koment\u00e1rov s osobn\u00fdmi sk\u00fasenos\u0165ami rodi\u010dov, ktor\u00ed s\u00fa zasko\u010den\u00ed vysok\u00fdmi sumami, ktor\u00e9 maj\u00fa v priebehu p\u00e1r dn\u00ed zaplati\u0165.<\/p>\n<p>\u201eDostaneme len oznam, \u017ee treba posla\u0165 po die\u0165ati peniaze do konca t\u00fd\u017ed\u0148a. Nikoho nezauj\u00edma, ak\u00fa m\u00e1me situ\u00e1ciu, \u017ee man\u017eel je nezamestnan\u00fd a ja som dlhodobo pr\u00e1ceneschopn\u00e1,\u201c p\u00ed\u0161e jedna z matiek.<\/p>\n<p>Drucker skritizoval \u0161koly<\/p>\n<p>Vlnu hnevu zo strany rodi\u010dov, ale aj u\u010dite\u013eov a \u0161k\u00f4l zachytil aj minister \u0161kolstva Tom\u00e1\u0161 Drucker, ktor\u00fd vo \u0161tvrtok ve\u010der <a href=\"https:\/\/www.facebook.com\/DruckerTomas\" target=\"_blank\" rel=\"noopener noreferrer nofollow\">na soci\u00e1lnej sieti na vzniknut\u00fa situ\u00e1ciu reagoval<\/a> s t\u00fdm, \u017ee ak \u0161koly tvrdia, \u017ee dostali menej pe\u0148az\u00ed, tak klam\u00fa.<\/p>\n<p>\u201eAk niekto tvrd\u00ed, \u017ee dostali \u0161koly menej, oh\u00fdba pravdu. P\u00fdta\u0165 si od rodi\u010dov pr\u00edspevok s t\u00fdm, \u017ee dostali menej od \u0161t\u00e1tu, nezodpoved\u00e1 realite a je to zav\u00e1dzanie rodi\u010dov,\u201c vyhl\u00e1sil Drucker. Ako doplnil, v tomto roku sa nakupuj\u00fa u\u010debnice pre prv\u00fd a\u017e tret\u00ed ro\u010dn\u00edk, pr\u00edpadne \u0161tvrt\u00fd a\u017e piaty ro\u010dn\u00edk, pod\u013ea nov\u00e9ho \u0161t\u00e1tneho vzdel\u00e1vacieho programu.<\/p>\n<p>\u201eTakto si \u0161koly objednali a nak\u00fapilo sa 1,9 mili\u00f3na u\u010debn\u00edc za 15 mili\u00f3nov eur,\u201c povedal minister \u0161kolstva. Tie s\u00fa v\u0161ak ur\u010den\u00e9 len pre reformn\u00e9 ro\u010dn\u00edky. Vy\u0161\u0161ie ro\u010dn\u00edky, ktor\u00fdch sa reforma net\u00fdka, tak na n\u00e1kup peniaze navy\u0161e nedostali. \u010eal\u0161\u00edch 13 mili\u00f3nov eur zo \u0161t\u00e1tneho rozpo\u010dtu poskytlo ministerstvo \u0161kol\u00e1m na n\u00e1kup eduka\u010dn\u00fdch publik\u00e1ci\u00ed zo schv\u00e1len\u00e9ho zoznamu, vysvet\u013eoval minister.\u00a0<\/p>\n<p>Minister cez status ozn\u00e1mil, \u017ee zverejn\u00ed pri ka\u017edej \u0161kole v\u00fd\u0161ku pr\u00edspevku, ktor\u00fd re\u00e1lne dostala od \u0161t\u00e1tu, a za ko\u013eko eur si objednala u\u010debnice. \u201ePri ka\u017edej \u0161kole bude zverejnen\u00e1 suma, ktor\u00fa dostala \u0161kola minul\u00fd rok,\u201c vyhl\u00e1sil.<\/p>\n<p>E\u0161te za\u010diatkom j\u00fana \u0161koly upozor\u0148ovali, \u017ee po pr\u00e1zdnin\u00e1ch m\u00f4\u017ee t\u00e1to situ\u00e1cia nasta\u0165. Ministerstvo \u0161kolstva toti\u017e na \u0161kolsk\u00fd rok 2026\/27 zn\u00ed\u017eilo pr\u00edspevok zo \u0161t\u00e1tneho rozpo\u010dtu z 22,50 eura na 15 eur na jedn\u00e9ho \u017eiaka za rok. Nav\u00fd\u0161en\u00e1 suma, o ktorej minister hovoril, poch\u00e1dza z pl\u00e1nu obnovy a t\u00fdka sa len reformn\u00fdch ro\u010dn\u00edkov na n\u00e1kup u\u010debn\u00edc z centr\u00e1lneho zoznamu.\u00a0<\/p>\n<p>\u201eSom u\u010dite\u013eka a m\u00e1m z\u00e1rove\u0148 \u0161kolopovinn\u00e9 die\u0165a. \u0160kolstvo m\u00e1me jednoducho zaostal\u00e9 \u2013 od financovania, programovo a perspekt\u00edva na zlep\u0161enie \u017eiadna. Hnev\u00e1m sa a som frustrovan\u00e1. Hnev\u00e1 ma, \u017ee popri v\u0161etk\u00fdch starostiach sa mus\u00edme br\u00e1ni\u0165 e\u0161te aj vo\u010di va\u0161im klamstv\u00e1m a zav\u00e1dzaniam,\u201c reaguje na ministra u\u010dite\u013eka vystupuj\u00faca pod cel\u00fdm menom.\u00a0<\/p>\n","protected":false},"excerpt":{"rendered":"Napriek tomu, \u017ee rodi\u010dia ka\u017ed\u00fd rok \u010delia neust\u00e1le sa zvy\u0161uj\u00facim n\u00e1kladom spojen\u00fdm so za\u010diatkom \u0161kolsk\u00e9ho roka, tento rok&hellip;\n","protected":false},"author":2,"featured_media":170444,"comment_status":"","ping_status":"","sticky":false,"template":"","format":"standard","meta":{"footnotes":"","_share_on_mastodon":"0"},"categories":[6],"tags":[43,40,44,39,42,45,41],"class_list":["post-170443","post","type-post","status-publish","format-standard","has-post-thumbnail","category-slovensko","tag-sk","tag-slovak","tag-slovak-republic","tag-slovakia","tag-slovencina","tag-slovenska-republika","tag-slovensko"],"share_on_mastodon":{"url":"https:\/\/pubeurope.com\/@sk\/117212995397023292","error":""},"_links":{"self":[{"href":"https:\/\/www.europesays.com\/sk\/wp-json\/wp\/v2\/posts\/170443","targetHints":{"allow":["GET"]}}],"collection":[{"href":"https:\/\/www.europesays.com\/sk\/wp-json\/wp\/v2\/posts"}],"about":[{"href":"https:\/\/www.europesays.com\/sk\/wp-json\/wp\/v2\/types\/post"}],"author":[{"embeddable":true,"href":"https:\/\/www.europesays.com\/sk\/wp-json\/wp\/v2\/users\/2"}],"replies":[{"embeddable":true,"href":"https:\/\/www.europesays.com\/sk\/wp-json\/wp\/v2\/comments?post=170443"}],"version-history":[{"count":0,"href":"https:\/\/www.europesays.com\/sk\/wp-json\/wp\/v2\/posts\/170443\/revisions"}],"wp:featuredmedia":[{"embeddable":true,"href":"https:\/\/www.europesays.com\/sk\/wp-json\/wp\/v2\/media\/170444"}],"wp:attachment":[{"href":"https:\/\/www.europesays.com\/sk\/wp-json\/wp\/v2\/media?parent=170443"}],"wp:term":[{"taxonomy":"category","embeddable":true,"href":"https:\/\/www.europesays.com\/sk\/wp-json\/wp\/v2\/categories?post=170443"},{"taxonomy":"post_tag","embeddable":true,"href":"https:\/\/www.europesays.com\/sk\/wp-json\/wp\/v2\/tags?post=170443"}],"curies":[{"name":"wp","href":"https:\/\/api.w.org\/{rel}","templated":true}]}}