{"id":170457,"date":"2026-09-04T13:38:20","date_gmt":"2026-09-04T13:38:20","guid":{"rendered":"https:\/\/www.europesays.com\/sk\/170457\/"},"modified":"2026-09-04T13:38:20","modified_gmt":"2026-09-04T13:38:20","slug":"kajucnik-alebo-taktik-pozadie-vypovede-ludovita-makoa-v-kauze-ocistec-videopodcast-aktuality","status":"publish","type":"post","link":"https:\/\/www.europesays.com\/sk\/170457\/","title":{"rendered":"Kaj\u00facnik alebo taktik? Pozadie v\u00fdpovede \u013dudov\u00edta Mak\u00f3a v kauze O\u010distec (videopodcast) &#8211; Aktuality"},"content":{"rendered":"<p><a href=\"https:\/\/news.google.com\/rss\/articles\/CBMiwwFBVV95cUxNVDhmZ1BjdUdEcnZ0T1RiM0s2aGNMaTVabHJjNkUtRDktVGROSm50S042V3VnZjJOYTlzcFlianR5bngxY0dRUS1zU0RCdExWSHRNWDB4a0pRVTFfUFEwbENBdF9ScWo5RklZZHRLMm5uTkFtc1dQUV9SWGQ5VmZiZnlLWFdFNEJtdHpPN0pzRUl2S0VpcjBrYVM5UEs1bGxuZjlSVzRjLXRaakVpRWEzLVJXZXhIN1hkM2pIQVk0MUExV1k?oc=5\" target=\"_blank\" rel=\"nofollow noopener\">Kaj\u00facnik alebo taktik? Pozadie v\u00fdpovede \u013dudov\u00edta Mak\u00f3a v kauze O\u010distec (videopodcast)<\/a>&nbsp;&nbsp;Aktuality<a href=\"https:\/\/news.google.com\/rss\/articles\/CBMiqwFBVV95cUxNREdhOTRaYzdKRDBpdTVQbGZ6NXVGQ0RiNUFpX2xpR0M3ZmllT1U4b3pVc1RRMm9JaWxaaE41UFZsS05kd04wZ0lhRVBBM0hfWnZQNUgxZjYyUEtYcVJVanNVa25yZkU2dE03VzlUcnpIV3FYWGFPWGxmSklpbXB5MUlIdkxqWHViRlpCYWplM0pOQkdlSlc1V21xZEdLSWNYWmFORXhzR281RUk?oc=5\" target=\"_blank\" rel=\"nofollow noopener\">Da\u0148ko: \u017diadny n\u00e1tlak. Mak\u00f3 vypovedal slobodne na s\u00fade i kedysi pred vy\u0161etrovate\u013emi<\/a>&nbsp;&nbsp;SME.sk<a href=\"https:\/\/news.google.com\/rss\/articles\/CBMisAFBVV95cUxOMnR5Y1BWaFZDRVJ4dHhOcFFabm0xQVVHYVJBSkpwa2xETm5MZHdOeG9oUElBTXcwRG9uV096TVdweEhkTUpMLXI3QzFfa1NUM3FJZEF1TTFFUjdMVWI2YWRRTUNZMk5fbnNtZGxJbzhkTEozZUt6WUJjNU9uZm03Y0ZTaEZkT1lhVGwtNkUwbmpXc3ZWWEUySVRhNnlpOGRpNm9jTDdsTjgzc21PcjdibQ?oc=5\" target=\"_blank\" rel=\"nofollow noopener\">Korup\u010dn\u00fd newsfilter: Skutok v O\u010distci sa stal, teraz mus\u00ed Ga\u0161par n\u00e1js\u0165 procesn\u00fa chybu<\/a>&nbsp;&nbsp;Denn\u00edk N<a href=\"https:\/\/news.google.com\/rss\/articles\/CBMijgFBVV95cUxOeThWQW1zRkh2a2RyV0M1UVhCcHU3N25WVDZKU3hnZFpLV1lXR0l4RVZNS2FfZ2E5ZUVOS0g4N0kzenFEZFZKR2xCTzNiOHpVZkJldTV3R1VtSVlBc1J2LW12dGVhMHVQS1VaVlZfa3pzVnBHcEVJWHdtdjFZdy1oVzZneldYNHpYVHhmbU5B?oc=5\" target=\"_blank\" rel=\"nofollow noopener\">Debata v redakcii | Ga\u0161par trochu cukol, ale aj tak to bol vlastizradn\u00fd v\u00fdrok<\/a>&nbsp;&nbsp;Postoj<a href=\"https:\/\/news.google.com\/rss\/articles\/CBMi2gFBVV95cUxNakVkYVIwYmZCellLY2piR3VNcUlUYnI1a3VHZGpIME5xNUNjaTRhOHg0VmJUMEwzXzhFWUI5cEI0T2lINWptY3ZyaEY4VHpKTXRKckRHdndyYlhkSXJhMDZqcmk0R21GMndlRnlqTElaSjFRdUxfdmxnbTBjNDdJSkFnU1hZc2dzaGg3cEdHNDNEOGZSdnZiRzN6TW1KYUE2cXUwV0ZKa1Nab3pjM0lyWjdkaVctUTNZYy1rQ3lDSTdsWEYxUS1vNW1JT0E3dG94UTEwODdULUNxdw?oc=5\" target=\"_blank\" rel=\"nofollow noopener\">\u013dudov\u00edt Mak\u00f3 v kauze O\u010distec: Prvou v\u00e1\u017enou vecou bola elimin\u00e1cia Matovi\u010da. Op\u00edsal aj postup proti Kiskovi<\/a>&nbsp;&nbsp;HNonline<\/p>\n","protected":false},"excerpt":{"rendered":"Kaj\u00facnik alebo taktik? Pozadie v\u00fdpovede \u013dudov\u00edta Mak\u00f3a v kauze O\u010distec (videopodcast)&nbsp;&nbsp;AktualityDa\u0148ko: \u017diadny n\u00e1tlak. Mak\u00f3 vypovedal slobodne na s\u00fade&hellip;\n","protected":false},"author":2,"featured_media":170458,"comment_status":"","ping_status":"","sticky":false,"template":"","format":"standard","meta":{"footnotes":"","_share_on_mastodon":"0"},"categories":[6],"tags":[48232,48233,48006,48231,21099,43,40,44,39,42,45,41],"class_list":["post-170457","post","type-post","status-publish","format-standard","has-post-thumbnail","category-slovensko","tag-bodor","tag-gaspar","tag-ludovit-mako","tag-mako","tag-ocistec","tag-sk","tag-slovak","tag-slovak-republic","tag-slovakia","tag-slovencina","tag-slovenska-republika","tag-slovensko"],"share_on_mastodon":{"url":"https:\/\/pubeurope.com\/@sk\/117213050251346128","error":""},"_links":{"self":[{"href":"https:\/\/www.europesays.com\/sk\/wp-json\/wp\/v2\/posts\/170457","targetHints":{"allow":["GET"]}}],"collection":[{"href":"https:\/\/www.europesays.com\/sk\/wp-json\/wp\/v2\/posts"}],"about":[{"href":"https:\/\/www.europesays.com\/sk\/wp-json\/wp\/v2\/types\/post"}],"author":[{"embeddable":true,"href":"https:\/\/www.europesays.com\/sk\/wp-json\/wp\/v2\/users\/2"}],"replies":[{"embeddable":true,"href":"https:\/\/www.europesays.com\/sk\/wp-json\/wp\/v2\/comments?post=170457"}],"version-history":[{"count":0,"href":"https:\/\/www.europesays.com\/sk\/wp-json\/wp\/v2\/posts\/170457\/revisions"}],"wp:featuredmedia":[{"embeddable":true,"href":"https:\/\/www.europesays.com\/sk\/wp-json\/wp\/v2\/media\/170458"}],"wp:attachment":[{"href":"https:\/\/www.europesays.com\/sk\/wp-json\/wp\/v2\/media?parent=170457"}],"wp:term":[{"taxonomy":"category","embeddable":true,"href":"https:\/\/www.europesays.com\/sk\/wp-json\/wp\/v2\/categories?post=170457"},{"taxonomy":"post_tag","embeddable":true,"href":"https:\/\/www.europesays.com\/sk\/wp-json\/wp\/v2\/tags?post=170457"}],"curies":[{"name":"wp","href":"https:\/\/api.w.org\/{rel}","templated":true}]}}