{"id":170473,"date":"2026-09-04T13:52:08","date_gmt":"2026-09-04T13:52:08","guid":{"rendered":"https:\/\/www.europesays.com\/sk\/170473\/"},"modified":"2026-09-04T13:52:08","modified_gmt":"2026-09-04T13:52:08","slug":"novy-obchod-otvara-svoje-brany-aj-na-slovensku-je-znama-prva-lokalita","status":"publish","type":"post","link":"https:\/\/www.europesays.com\/sk\/170473\/","title":{"rendered":"Nov\u00fd obchod otv\u00e1ra svoje br\u00e1ny aj na Slovensku, je zn\u00e1ma prv\u00e1 lokalita"},"content":{"rendered":"<p>ShockPrice otvor\u00ed svoje br\u00e1ny aj na Slovensku.\t\t\t\t\t\t(Zdroj: Instagram\/shockprice, TASR\/Franti\u0161ek Iv\u00e1n)\t\t\t\t\t<\/p>\n<p>BRATISLAVA &#8211; Slovensk\u00fd maloobchod \u010dak\u00e1 \u010fal\u0161ia novinka. Na tunaj\u0161\u00ed trh vst\u00fapi zahrani\u010dn\u00fd re\u0165azec ShockPrice, ktor\u00fd chce z\u00e1kazn\u00edkov pril\u00e1ka\u0165 predov\u0161etk\u00fdm n\u00edzkymi cenami a \u0161irokou ponukou zna\u010dkov\u00e9ho tovaru. Prv\u00e1 predaj\u0148a vznikne na z\u00e1padnom Slovensku.<\/p>\n<p>Na prv\u00e9 otv\u00e1ranie konkr\u00e9tnych predajn\u00ed re\u0165azca ShockPrice upozornil port\u00e1l <a href=\"https:\/\/www.aktuality.sk\/clanok\/9dFJoMz\/na-slovensko-prichadza-dalsi-lacny-retazec-vieme-kde-otvori-prvu-predajnu\/\" target=\"_blank\" rel=\"nofollow noopener\">Aktuality.sk<\/a>.\u00a0Nov\u00e1 zna\u010dka bude fungova\u0165 na princ\u00edpe takzvan\u00e9ho off-price predaja. Z\u00e1kazn\u00edci v nej n\u00e1jdu zna\u010dkov\u00fd tovar za v\u00fdrazne ni\u017e\u0161ie ceny, pri\u010dom sortiment sa bude pravidelne obmie\u0148a\u0165. Koncept u\u017e funguje v Po\u013esku a postupne sa m\u00e1 roz\u0161\u00edri\u0165 aj na \u010fal\u0161ie eur\u00f3pske trhy.<\/p>\n<p>Za ShockPrice stoj\u00ed skupina Modivo, do ktorej patria aj zna\u010dky CCC, eobuv.sk, Modivo, HalfPrice \u010di Worldbox. Po Po\u013esku sa re\u0165azec chyst\u00e1 expandova\u0165 napr\u00edklad aj do Rumunska. Slovensko bude patri\u0165 medzi prv\u00e9 zahrani\u010dn\u00e9 trhy, kde sa nov\u00e1 zna\u010dka objav\u00ed.<\/p>\n<p>\t<a href=\"https:\/\/www.topky.sk\/gl\/9604343\/6585493\/Je-to-JASNE--Novy-obchod-otvori-svoje-brany-aj-na-Slovensku--pozname-prvu-lokalitu-\" rel=\"nofollow noopener\" target=\"_blank\"><br \/>\n\t\t<img decoding=\"async\" alt=\"Je to JASN\u00c9: Nov\u00fd\" aria-describedby=\"img-res-6585493\" class=\"\" height=\"2153\" id=\"6585493\" loading=\"lazy\" onerror=\"imgArticleLoadErr(this)\" src=\"https:\/\/www.europesays.com\/sk\/wp-content\/uploads\/2026\/09\/obchod-ShockPrice.jpg\" style=\"aspect-ratio:0.743\" title=\"Je to JASN\u00c9: Nov\u00fd\" width=\"1600\"\/>\t\t\t<\/p>\n<p>\n\t\t\t\tZobrazi\u0165 gal\u00e9riu (2)\t\t\t<\/p>\n<p>\t<\/a><\/p>\n<p>\t\u00a0(Zdroj: Instagram\/shockprice)<\/p>\n<p>Prv\u00e1 predaj\u0148a bude v Skalici, \u010do tam bude dosta\u0165?<\/p>\n<p>Premi\u00e9rov\u00e1 slovensk\u00e1 prev\u00e1dzka ShockPrice vyrastie v Skalici. Umiestnen\u00e1 bude v pripravovanom roz\u0161\u00edren\u00ed n\u00e1kupn\u00e9ho centra Point. Otvorenie je napl\u00e1novan\u00e9 na november 2026.<\/p>\n<p>Ponuka m\u00e1 by\u0165 pestr\u00e1 a predov\u0161etk\u00fdm dynamick\u00e1. Sortiment sa bude meni\u0165 pod\u013ea dostupnosti tovaru, z\u00e1kazn\u00edci tak nemusia pri \u010fal\u0161ej n\u00e1v\u0161teve n\u00e1js\u0165 rovnak\u00e9 v\u00fdrobky.<\/p>\n<p>V predajniach sa m\u00e1 objavi\u0165 oble\u010denie pre dospel\u00fdch aj deti, obuv, spodn\u00e1 bielize\u0148, kozmetika, produkty osobnej starostlivosti, ta\u0161ky, batohy, bytov\u00e9 doplnky, dekor\u00e1cie \u010di sez\u00f3nny tovar. S\u00fa\u010das\u0165ou ponuky m\u00f4\u017eu by\u0165 aj \u0161portov\u00e9 produkty a drobn\u00e9 elektronick\u00e9 pr\u00edslu\u0161enstvo.<\/p>\n<p>Pr\u00e1ve n\u00edzke ceny a r\u00fdchla obmena tovaru maj\u00fa patri\u0165 medzi hlavn\u00e9 l\u00e1kadl\u00e1. Model off-price predaja je zalo\u017een\u00fd napr\u00edklad na ponuke star\u0161\u00edch kolekci\u00ed, nadbyto\u010dn\u00fdch z\u00e1sob alebo tovaru, ktor\u00fd sa nepodarilo preda\u0165 v p\u00f4vodnej distrib\u00facii.<\/p>\n","protected":false},"excerpt":{"rendered":"ShockPrice otvor\u00ed svoje br\u00e1ny aj na Slovensku. (Zdroj: Instagram\/shockprice, TASR\/Franti\u0161ek Iv\u00e1n) BRATISLAVA &#8211; Slovensk\u00fd maloobchod \u010dak\u00e1 \u010fal\u0161ia novinka.&hellip;\n","protected":false},"author":2,"featured_media":170474,"comment_status":"","ping_status":"","sticky":false,"template":"","format":"standard","meta":{"footnotes":"","_share_on_mastodon":"0"},"categories":[6],"tags":[3953,48235,2767,26478,29709,43,6020,40,44,39,42,45,41,3877],"class_list":["post-170473","post","type-post","status-publish","format-standard","has-post-thumbnail","category-slovensko","tag-obchod","tag-otvoranie","tag-predajne","tag-prichod","tag-shockprice","tag-sk","tag-skalica","tag-slovak","tag-slovak-republic","tag-slovakia","tag-slovencina","tag-slovenska-republika","tag-slovensko","tag-vypredaj"],"share_on_mastodon":{"url":"https:\/\/pubeurope.com\/@sk\/117213105430850868","error":""},"_links":{"self":[{"href":"https:\/\/www.europesays.com\/sk\/wp-json\/wp\/v2\/posts\/170473","targetHints":{"allow":["GET"]}}],"collection":[{"href":"https:\/\/www.europesays.com\/sk\/wp-json\/wp\/v2\/posts"}],"about":[{"href":"https:\/\/www.europesays.com\/sk\/wp-json\/wp\/v2\/types\/post"}],"author":[{"embeddable":true,"href":"https:\/\/www.europesays.com\/sk\/wp-json\/wp\/v2\/users\/2"}],"replies":[{"embeddable":true,"href":"https:\/\/www.europesays.com\/sk\/wp-json\/wp\/v2\/comments?post=170473"}],"version-history":[{"count":0,"href":"https:\/\/www.europesays.com\/sk\/wp-json\/wp\/v2\/posts\/170473\/revisions"}],"wp:featuredmedia":[{"embeddable":true,"href":"https:\/\/www.europesays.com\/sk\/wp-json\/wp\/v2\/media\/170474"}],"wp:attachment":[{"href":"https:\/\/www.europesays.com\/sk\/wp-json\/wp\/v2\/media?parent=170473"}],"wp:term":[{"taxonomy":"category","embeddable":true,"href":"https:\/\/www.europesays.com\/sk\/wp-json\/wp\/v2\/categories?post=170473"},{"taxonomy":"post_tag","embeddable":true,"href":"https:\/\/www.europesays.com\/sk\/wp-json\/wp\/v2\/tags?post=170473"}],"curies":[{"name":"wp","href":"https:\/\/api.w.org\/{rel}","templated":true}]}}