{"id":170489,"date":"2026-09-04T14:06:18","date_gmt":"2026-09-04T14:06:18","guid":{"rendered":"https:\/\/www.europesays.com\/sk\/170489\/"},"modified":"2026-09-04T14:06:18","modified_gmt":"2026-09-04T14:06:18","slug":"koniec-dobrych-rokov-pre-vyplaty-slovaci-si-za-ne-kupia-menej-statni-zamestnanci-schytali-tvrdu-ranu-ekonomika-spravy","status":"publish","type":"post","link":"https:\/\/www.europesays.com\/sk\/170489\/","title":{"rendered":"Koniec dobr\u00fdch rokov pre v\u00fdplaty? Slov\u00e1ci si za ne k\u00fapia menej, \u0161t\u00e1tni zamestnanci schytali tvrd\u00fa ranu &#8211; Ekonomika &#8211; Spr\u00e1vy"},"content":{"rendered":"<p>Video<br \/>\nMoje peniaze: Pre\u010do \u017eij\u00fa od v\u00fdplaty k v\u00fdplate aj \u013eudia s nad\u0161tandardn\u00fdm pr\u00edjmom?<\/p>\n<p class=\"detail_text_item_livebox_description\">\u0160tatisticky s\u00fa na\u0161e platy z roka na rok vy\u0161\u0161ie, no realita v pe\u0148a\u017eenk\u00e1ch Slov\u00e1kov rozpr\u00e1va \u00faplne in\u00fd pr\u00edbeh. Najnov\u0161\u00ed prieskum port\u00e1lu profesia.sk odhalil, \u017ee a\u017e dve tretiny zamestnancov na Slovensku vych\u00e1dzaj\u00fa so svoj\u00edm pr\u00edjmom len s ve\u013ek\u00fdmi \u0165a\u017ekos\u0165ami. <\/p>\n<p>\nZdroj:<br \/>\nPravda\n<\/p>\n<p>Najv\u00fdraznej\u0161ie tento obrat poc\u00edtili zamestnanci \u0161t\u00e1tu, ktor\u00fdm platy v uplynul\u00fdch rokoch r\u00e1stli r\u00fdchlej\u0161ie ne\u017e \u013eu\u010fom v s\u00fakromnej sf\u00e9re a vytvorili si v\u00fdrazn\u00fd mzdov\u00fd n\u00e1skok \u2013 teraz v\u0161ak zaznamenali najprud\u0161\u00ed prepad.<\/p>\n<p>Najnov\u0161ie \u010d\u00edsla \u0160tatistick\u00e9ho \u00faradu ukazuj\u00fa, \u017ee priemern\u00e1 hrub\u00e1 mzda na Slovensku v druhom \u0161tvr\u0165roku 2026 dosiahla 1 707 eur. Medziro\u010dne tak st\u00fapla o 3,2 percenta, teda pribli\u017ene o 53 eur. To je takzvan\u00e1 nomin\u00e1lna mzda \u2013 teda suma, ktor\u00fa \u010dlovek vid\u00ed ka\u017ed\u00fd mesiac na v\u00fdplatnej p\u00e1ske. Re\u00e1lna mzda, ktor\u00e1 vyjadruje v\u00fd\u0161ku prijmu po zoh\u013eadnen\u00ed infl\u00e1cie, potom ukazuje nie\u010do d\u00f4le\u017eitej\u0161ie \u2013 \u010do si za tieto peniaze naozaj dok\u00e1\u017eeme k\u00fapi\u0165. V tomto pr\u00edpade plat\u00ed rovnica, \u017ee ke\u010f ceny rast\u00fa r\u00fdchlej\u0161ie ako v\u00fdplata, k\u00fapna sila kles\u00e1.<\/p>\n<p>Po zapo\u010d\u00edtan\u00ed infl\u00e1cie sa re\u00e1lna mzda medziro\u010dne zn\u00ed\u017eila o 0,5 percenta. Hoci \u010d\u00edslo nie je vysok\u00e9, ide o obrat trenda. \u201eStalo sa tak prv\u00fdkr\u00e1t po desiatich \u0161tvr\u0165rokoch nepretr\u017eit\u00e9ho zvy\u0161ovania re\u00e1lnych z\u00e1robkov. Nomin\u00e1lne mzdy vzr\u00e1stli v 16 z 19 odvetv\u00ed ekonomiky, re\u00e1lne si polep\u0161ili zamestnanci v 12 odvetviach,\u201c spres\u0148uj\u00fa \u0161tatistici.<\/p>\n<p>D\u00e1ta z posledn\u00e9ho obdobia pritom ukazuj\u00fa, \u017ee re\u00e1lne platy Slov\u00e1kov viac-menej stabilne r\u00e1stli u\u017e od konca roka 2023. Dom\u00e1cnosti si tak postupne obnovovali \u010das\u0165 k\u00fapnej sily, o ktor\u00fa ich pripravila vysok\u00e1 infl\u00e1cia z predch\u00e1dzaj\u00facich rokov. Tento v\u00fdvoj v\u0161ak pod\u013ea analytika INESS R\u00f3berta Chovanculiaka nemo\u017eno bra\u0165 ako samozrejmos\u0165.<\/p>\n<p>\u201eRast re\u00e1lnych miezd nie je pr\u00edrodn\u00fd z\u00e1kon ani \u013eudsk\u00e9 pr\u00e1vo. Je v\u00fdsledkom ve\u013emi zlo\u017eit\u00fdch a z\u00e1rove\u0148 krehk\u00fdch mechanizmov a vz\u0165ahov na trhu, ktor\u00e9, ak v\u0161etko funguje, ako m\u00e1, v kone\u010dnom d\u00f4sledku ved\u00fa k ekonomick\u00e9mu rastu,\u201c pripomenul pre Pravdu ekonomick\u00fd odborn\u00edk.<\/p>\n<p>S\u00fakromn\u00edci dobiehaj\u00fa \u0161t\u00e1t<\/p>\n<p>S\u00fa\u010dasn\u00fd n\u00e1vrat re\u00e1lnych miezd do m\u00ednusu v\u0161ak pod\u013ea In\u0161tit\u00fatu finan\u010dnej politiky (IFP) zatia\u013e nemus\u00ed znamena\u0165 za\u010diatok dlh\u0161ieho p\u00e1du \u017eivotnej \u00farovne. \u201ePokles re\u00e1lnych miezd bol z ve\u013ekej \u010dasti len jednorazov\u00fdm vplyvom. Medziro\u010dne platy v celej ekonomike vzr\u00e1stli o 3,2 percenta, \u010do bolo bl\u00edzko na\u0161ich o\u010dak\u00e1van\u00ed,\u201c povedal pre Pravdu Branislav \u017d\u00fadel, riadite\u013e Odboru makroekonomick\u00fdch anal\u00fdz a progn\u00f3z IFP.<\/p>\n<p>Najv\u00e4\u010d\u0161\u00ed obrat je vidite\u013en\u00fd vo verejnej spr\u00e1ve. Priemern\u00e1 hrub\u00e1 mzda v tomto odvetv\u00ed dosiahla v druhom \u0161tvr\u0165roku tohto roka 2 269 eur a medziro\u010dne klesla o 4,8 percenta. Po zapo\u010d\u00edtan\u00ed infl\u00e1cie sa k\u00fapna sila z\u00e1robkov prepadla a\u017e o 8,2 percenta, \u010do bol najhor\u0161\u00ed v\u00fdsledok spomedzi v\u0161etk\u00fdch sledovan\u00fdch odvetv\u00ed.<\/p>\n<p>\u010c\u00edslo v\u0161ak na prv\u00fd poh\u013ead vyzer\u00e1 hor\u0161ie, ne\u017e bol skuto\u010dn\u00fd z\u00e1sah do platov. Vlani v rovnakom obdob\u00ed dostali zamestnanci \u0161t\u00e1tu plo\u0161n\u00fd jednorazov\u00fd bonus 800 eur a \u010fal\u0161ie odmeny, ktor\u00e9 vytiahli vtedaj\u0161\u00ed priemer v\u00fdrazne nahor. Tento rok sa u\u017e tak\u00e1to injekcia nezopakovala. Z\u00e1rove\u0148 verejn\u00e1 spr\u00e1va poc\u00edtila konsolid\u00e1ciu verejn\u00fdch financi\u00ed a zastavenie plo\u0161nej valoriz\u00e1cie platov, pri\u010dom osobitn\u00fd re\u017eim zostal najm\u00e4 v \u0161kolstve a zdravotn\u00edctve.<\/p>\n<p>Ak by sa minuloro\u010dn\u00fd bonus zo \u0161tatistiky vybral, obraz by bol \u00faplne in\u00fd. \u201eBez vplyvu minuloro\u010dnej jednorazovej odmeny by re\u00e1lne mzdy vo verejnej spr\u00e1ve namiesto viac ne\u017e 8-percentn\u00e9ho prepadu e\u0161te mierne vzr\u00e1stli, pribli\u017ene o 1,5 percenta. S\u00fa\u010dasn\u00fd pokles tak mo\u017eno takmer cel\u00fd prip\u00edsa\u0165 vysokej porovn\u00e1vacej z\u00e1kladni po vyplaten\u00ed 800-eurov\u00e9ho bonusu v minulom roku,\u201c spres\u0148uje \u017d\u00fadel. V\u00fdsledok pod\u013ea odborn\u00edka zhor\u0161il, aj ke\u010f v men\u0161ej miere, konflikt na Bl\u00edzkom v\u00fdchode, ktor\u00fd do\u010dasne zv\u00fd\u0161il spotrebite\u013esk\u00e9 ceny, najm\u00e4 ceny pal\u00edv.<\/p>\n<p>\u013dudia pracuj\u00faci vo verejnom sektore pritom maj\u00fa v posledn\u00fdch rokoch nielen vy\u0161\u0161iu priemern\u00fa mzdu, ale ich platy r\u00e1stli aj r\u00fdchlej\u0161ie. Tento rok sa v\u0161ak karta v tempe rastu za\u010d\u00edna obraca\u0165. IFP po\u010d\u00edta so zv\u00fd\u0161en\u00edm miezd v s\u00fakromnom sektore o 4,6 percenta, k\u00fdm vo verejnom o 4,2 percenta. Priemern\u00fd plat s\u00fakromn\u00edka by tak mal dosiahnu\u0165 1 615 eur a vo verejnom sektore 1 966 eur. Firmy teda po rokoch za\u010d\u00ednaj\u00fa \u0161t\u00e1t v raste v\u00fdplat predbieha\u0165. To v\u0161ak e\u0161te neznamen\u00e1, \u017ee jeho mzdov\u00fd n\u00e1skok r\u00fdchlo zma\u017e\u00fa. Ani progn\u00f3za IFP zatia\u013e to nenazna\u010duje. V roku 2027 sa m\u00e1 rozdiel medzi priemern\u00fdmi platmi mierne zmen\u0161i\u0165, nesk\u00f4r v\u0161ak op\u00e4\u0165 nar\u00e1s\u0165.<\/p>\n<p>Pod\u013ea analytika Slovenskej sporite\u013ene Maximili\u00e1na W\u00e9bera to bude z\u00e1visie\u0165 najm\u00e4 od toho, ako r\u00fdchlo bude v s\u00fakromnej ekonomike r\u00e1s\u0165 produktivita. \u201eAk sa rast miezd vo verejnom sektore spomal\u00ed a v s\u00fakromnom sektore sa dosiahne rast produktivity, m\u00f4\u017ee to vies\u0165 k zmen\u0161eniu rozdielu medzi verejn\u00fdm a s\u00fakromn\u00fdm sektorom na Slovensku,\u201c vysvet\u013euje pre Pravdu. \u201eJedna \u010das\u0165 tejto rovnice, konkr\u00e9tne rast miezd vo verejnom sektore, je do ur\u010ditej miery politick\u00fdm rozhodnut\u00edm, a preto je \u0165a\u017ek\u00e9 poveda\u0165, ak\u00fdm smerom sa bud\u00fa mzdy vo verejnom sektore v nasleduj\u00facich rokoch vyv\u00edja\u0165,\u201c upozor\u0148uje W\u00e9ber.<\/p>\n<p>Za v\u00fdvojom v\u00fdplat v\u0161ak stoj\u00ed e\u0161te jeden v\u00fdraznej\u0161\u00ed probl\u00e9m. Slovensk\u00e1 ekonomika toti\u017e u\u017e nieko\u013eko rokov napreduje len ve\u013emi pomaly a bez v\u00fdraznej\u0161ieho rastu hospod\u00e1rstva bude \u010doraz \u0165a\u017e\u0161ie dlhodobo zvy\u0161ova\u0165 aj \u017eivotn\u00fa \u00farove\u0148 \u013eud\u00ed. \u201e Posledn\u00e9 \u0161tyri roky rastieme v priemere tempom tesne nad jedn\u00fdm percentom. Tento aj minul\u00fd rok dokonca pod jedn\u00fdm percentom. Pri takomto raste nem\u00f4\u017eeme o\u010dak\u00e1va\u0165 v\u00fdrazn\u00fd rast re\u00e1lnych miezd,\u201c upozor\u0148uje Chovanculiak.<\/p>\n<p>Pod\u013ea experta z INESS vy\u0161\u0161ie z\u00e1robky nemo\u017eno dlhodobo vytvori\u0165 iba administrat\u00edvnymi z\u00e1sahmi. \u201eMzdy sa v hospod\u00e1rstve toti\u017eto nezvy\u0161uj\u00fa z\u00e1konmi, soci\u00e1lnymi politikami ani zvy\u0161ovan\u00edm minim\u00e1lnej mzdy. Rast miezd si vy\u017eaduje dlhodob\u00fd a stabiln\u00fd rast ekonomiky,\u201c dod\u00e1va.<\/p>\n<p>Pomal\u00fd rast ekonomiky<\/p>\n<p>Ve\u013ek\u00fd obrat zatia\u013e ne\u010dak\u00e1 ani Rada pre rozpo\u010dtov\u00fa zodpovednos\u0165 (RRZ). Vo svojej aktu\u00e1lnej progn\u00f3ze odhaduje, \u017ee slovensk\u00e9 hospod\u00e1rstvo tento rok vzrastie iba o 0,8 percenta. Ani v roku 2027 nem\u00e1 pr\u00eds\u0165 v\u00fdrazn\u00e9 zr\u00fdchlenie \u2013 rast by mal dosiahnu\u0165 1,4 percenta. V \u010fal\u0161\u00edch rokoch RRZ o\u010dak\u00e1va tempo v priemere okolo 1,5 percenta a upozor\u0148uje, \u017ee ekonomika bude a\u017e do konca desa\u0165ro\u010dia r\u00e1s\u0165 v\u00fdrazne pod svojimi mo\u017enos\u0165ami.<\/p>\n<p>Rada tie\u017e poukazuje na pokra\u010duj\u00facu konsolid\u00e1ciu verejn\u00fdch financi\u00ed, d\u00f4sledky obchodnej politiky Spojen\u00fdch \u0161t\u00e1tov, probl\u00e9my automobilov\u00e9ho priemyslu aj zhor\u0161uj\u00facu sa konkurencieschopnos\u0165 slovensk\u00fdch fabr\u00edk. Slab\u0161\u00ed v\u00fdkon ekonomiky potom znamen\u00e1 aj men\u0161\u00ed priestor pre firmy na v\u00fdrazn\u00e9 a dlhodobo udr\u017eate\u013en\u00e9 zvy\u0161ovanie v\u00fdplat.<\/p>\n<p>Druh\u00fd \u0161tvr\u0165rok napriek tomu nemus\u00ed ur\u010dova\u0165 smer na cel\u00fd rok. Pod\u013ea odborn\u00edkov by sa rast v\u00fdplat v \u010fal\u0161\u00edch mesiacoch mohol op\u00e4\u0165 mierne zr\u00fdchli. \u201eO\u010dak\u00e1vame, \u017ee v nasleduj\u00facich \u0161tvr\u0165rokoch bude dynamika rastu miezd v porovnan\u00ed s druh\u00fdm kvart\u00e1lom mierne vy\u0161\u0161ia a za cel\u00fd rok dosiahne rast nomin\u00e1lnych miezd v priemere \u00farove\u0148 bl\u00edzko piatich percent. Rast re\u00e1lnych miezd by sa mal v tomto roku pohybova\u0165 okolo 1,3 percenta,\u201c hovor\u00ed W\u00e9ber zo Slovenskej sporite\u013ene.<\/p>\n<p>Pe\u0148a\u017eenky dom\u00e1cnost\u00ed by mohla e\u0161te o nie\u010do podpori\u0165 \u0161t\u00e1tna pomoc s energiami. Pod\u013ea W\u00e9bera by po zapo\u010d\u00edtan\u00ed energo\u0161ekov, ktor\u00e9 tlmia vy\u0161\u0161ie n\u00e1klady na teplo, mohla k\u00fapna sila dom\u00e1cnost\u00ed r\u00e1s\u0165 pribli\u017ene o \u010fal\u0161ieho pol percentu\u00e1lneho bodu. Rozhoduj\u00face v\u0161ak bude, kam sa pohn\u00fa ceny \u2013 Slovensk\u00e1 sporite\u013e\u0148a moment\u00e1lne o\u010dak\u00e1va celoro\u010dn\u00fa infl\u00e1ciu pribli\u017ene na \u00farovni 3,7 percenta.<\/p>\n<p>\u00a9 Autorsk\u00e9 pr\u00e1va vyhraden\u00e9<\/p>\n<p><a href=\"https:\/\/debata.pravda.sk\/debata\/2035319-slovaci-zacali-znovu-chudobniet-drahota-po-rokoch-prevalcovala-platy-ktori-zamestnanci-dopadli-najhorsie\/\" class=\"detail_text_socials_item debata debata-count-decorator\" data-count=\"8\" rel=\"nofollow noopener\" target=\"_blank\"><\/p>\n<p>debata<\/p>\n<p><\/a><\/p>\n<p><a href=\"https:\/\/www.pravda.sk\/mreporter\" class=\"detail_text_socials_item hide\" id=\"mreporter-button\" rel=\"nofollow noopener\" target=\"_blank\"><\/p>\n<p>mReport\u00e9r<\/p>\n<p><\/a><\/p>\n<p><img decoding=\"async\" src=\"https:\/\/ipravda.sk\/res\/www\/sorry.svg\" alt=\"\u013dutujeme\" height=\"75\"\/><\/p>\n<p>V\u00e1\u017een\u00ed \u010ditatelia, pod t\u00fdmto \u010dl\u00e1nkom sme diskusiu zastavili<\/p>\n<p>\nPrevl\u00e1dali v nej pr\u00edspevky, ktor\u00e9 boli v rozpore s pravidlami debaty aj dobr\u00fdmi mravmi. Cel\u00fa debatu sme<br \/>\nvymazali, autorom v\u0161etk\u00fdch slu\u0161n\u00fdch pr\u00edspevkov sa ospravedl\u0148ujeme.\n<\/p>\n<p>\n\u010eakujeme za pochopenie a te\u0161\u00edme sa na slu\u0161n\u00e9 debaty pod in\u00fdmi \u010dl\u00e1nkami.\n<\/p>\n<p>Rozumiem<\/p>\n","protected":false},"excerpt":{"rendered":"Video Moje peniaze: Pre\u010do \u017eij\u00fa od v\u00fdplaty k v\u00fdplate aj \u013eudia s nad\u0161tandardn\u00fdm pr\u00edjmom? \u0160tatisticky s\u00fa na\u0161e platy&hellip;\n","protected":false},"author":2,"featured_media":170490,"comment_status":"","ping_status":"","sticky":false,"template":"","format":"standard","meta":{"footnotes":"","_share_on_mastodon":"0"},"categories":[6],"tags":[43,40,44,39,42,45,41],"class_list":["post-170489","post","type-post","status-publish","format-standard","has-post-thumbnail","category-slovensko","tag-sk","tag-slovak","tag-slovak-republic","tag-slovakia","tag-slovencina","tag-slovenska-republika","tag-slovensko"],"share_on_mastodon":{"url":"https:\/\/pubeurope.com\/@sk\/117213160314545270","error":""},"_links":{"self":[{"href":"https:\/\/www.europesays.com\/sk\/wp-json\/wp\/v2\/posts\/170489","targetHints":{"allow":["GET"]}}],"collection":[{"href":"https:\/\/www.europesays.com\/sk\/wp-json\/wp\/v2\/posts"}],"about":[{"href":"https:\/\/www.europesays.com\/sk\/wp-json\/wp\/v2\/types\/post"}],"author":[{"embeddable":true,"href":"https:\/\/www.europesays.com\/sk\/wp-json\/wp\/v2\/users\/2"}],"replies":[{"embeddable":true,"href":"https:\/\/www.europesays.com\/sk\/wp-json\/wp\/v2\/comments?post=170489"}],"version-history":[{"count":0,"href":"https:\/\/www.europesays.com\/sk\/wp-json\/wp\/v2\/posts\/170489\/revisions"}],"wp:featuredmedia":[{"embeddable":true,"href":"https:\/\/www.europesays.com\/sk\/wp-json\/wp\/v2\/media\/170490"}],"wp:attachment":[{"href":"https:\/\/www.europesays.com\/sk\/wp-json\/wp\/v2\/media?parent=170489"}],"wp:term":[{"taxonomy":"category","embeddable":true,"href":"https:\/\/www.europesays.com\/sk\/wp-json\/wp\/v2\/categories?post=170489"},{"taxonomy":"post_tag","embeddable":true,"href":"https:\/\/www.europesays.com\/sk\/wp-json\/wp\/v2\/tags?post=170489"}],"curies":[{"name":"wp","href":"https:\/\/api.w.org\/{rel}","templated":true}]}}