{"id":170519,"date":"2026-09-04T14:34:18","date_gmt":"2026-09-04T14:34:18","guid":{"rendered":"https:\/\/www.europesays.com\/sk\/170519\/"},"modified":"2026-09-04T14:34:18","modified_gmt":"2026-09-04T14:34:18","slug":"prezidentka-policajneho-zboru-jana-maskarova-rokovala-so-sefom-europolu-jurgenom-ebnerom","status":"publish","type":"post","link":"https:\/\/www.europesays.com\/sk\/170519\/","title":{"rendered":"Prezidentka Policajn\u00e9ho zboru Jana Ma\u0161karov\u00e1 rokovala so \u0161\u00e9fom Europolu J\u00fcrgenom Ebnerom"},"content":{"rendered":"<p>Prezidentka Policajn\u00e9ho zboru Jana Ma\u0161karov\u00e1 sa v Bratislave stretla s poveren\u00fdm v\u00fdkonn\u00fdm riadite\u013eom Europolu J\u00fcrgenom Ebnerom. T\u00e9mou ich rokovania boli bezpe\u010dnostn\u00e9 v\u00fdzvy, boj proti cezhrani\u010dnej kriminalite aj policajn\u00e1 spolupr\u00e1ca v kontexte vojny na Ukrajine.<\/p>\n<p class=\"article-content-paragraph mb-4\">Prezidentka Policajn\u00e9ho zboru (PZ) Jana Ma\u0161karov\u00e1 rokovala v Bratislave s poveren\u00fdm v\u00fdkonn\u00fdm riadite\u013eom Europolu J\u00fcrgenom Ebnerom. Diskutovali o bezpe\u010dnostn\u00fdch v\u00fdzvach, medzin\u00e1rodnej policajnej spolupr\u00e1ci a \u010fal\u0161om rozvoji partnerstva medzi PZ SR a Europolom aj v kontexte vojny na Ukrajine. Obe strany potvrdili v\u00fdznam \u00fazkej spolupr\u00e1ce pri efekt\u00edvnom boji proti organizovanej a cezhrani\u010dnej kriminalite. Informovala o tom pol\u00edcia na soci\u00e1lnej sieti.<\/p>\n<p class=\"article-content-paragraph mb-4\">\u201eV \u010dase, ke\u010f kriminalita nepozn\u00e1 hranice, mus\u00ed by\u0165 aj na\u0161a spolupr\u00e1ca bez hran\u00edc. Europol je pre n\u00e1s mimoriadne d\u00f4le\u017eit\u00fdm partnerom, ktor\u00fd sp\u00e1ja sk\u00fasenosti, inform\u00e1cie a expert\u00edzu eur\u00f3pskych policajn\u00fdch zborov pri vy\u0161etrovan\u00ed najz\u00e1va\u017enej\u0161\u00edch foriem trestnej \u010dinnosti. Ve\u013emi si v\u00e1\u017eim na\u0161e medzin\u00e1rodn\u00e9 partnerstv\u00e1, preto\u017ee pr\u00e1ve vz\u00e1jomn\u00e1 d\u00f4vera a spolo\u010dn\u00e9 \u00fasilie n\u00e1m umo\u017e\u0148uj\u00fa \u00fa\u010dinnej\u0161ie chr\u00e1ni\u0165 ob\u010danov Slovenska aj celej Eur\u00f3py. Siln\u00fd Europol znamen\u00e1 bezpe\u010dnej\u0161iu Eur\u00f3pu,\u201c uviedla Ma\u0161karov\u00e1.<\/p>\n","protected":false},"excerpt":{"rendered":"Prezidentka Policajn\u00e9ho zboru Jana Ma\u0161karov\u00e1 sa v Bratislave stretla s poveren\u00fdm v\u00fdkonn\u00fdm riadite\u013eom Europolu J\u00fcrgenom Ebnerom. T\u00e9mou ich&hellip;\n","protected":false},"author":2,"featured_media":170520,"comment_status":"","ping_status":"","sticky":false,"template":"","format":"standard","meta":{"footnotes":"","_share_on_mastodon":"0"},"categories":[6],"tags":[43,40,44,39,42,45,41],"class_list":["post-170519","post","type-post","status-publish","format-standard","has-post-thumbnail","category-slovensko","tag-sk","tag-slovak","tag-slovak-republic","tag-slovakia","tag-slovencina","tag-slovenska-republika","tag-slovensko"],"share_on_mastodon":{"url":"https:\/\/pubeurope.com\/@sk\/117213270020516788","error":""},"_links":{"self":[{"href":"https:\/\/www.europesays.com\/sk\/wp-json\/wp\/v2\/posts\/170519","targetHints":{"allow":["GET"]}}],"collection":[{"href":"https:\/\/www.europesays.com\/sk\/wp-json\/wp\/v2\/posts"}],"about":[{"href":"https:\/\/www.europesays.com\/sk\/wp-json\/wp\/v2\/types\/post"}],"author":[{"embeddable":true,"href":"https:\/\/www.europesays.com\/sk\/wp-json\/wp\/v2\/users\/2"}],"replies":[{"embeddable":true,"href":"https:\/\/www.europesays.com\/sk\/wp-json\/wp\/v2\/comments?post=170519"}],"version-history":[{"count":0,"href":"https:\/\/www.europesays.com\/sk\/wp-json\/wp\/v2\/posts\/170519\/revisions"}],"wp:featuredmedia":[{"embeddable":true,"href":"https:\/\/www.europesays.com\/sk\/wp-json\/wp\/v2\/media\/170520"}],"wp:attachment":[{"href":"https:\/\/www.europesays.com\/sk\/wp-json\/wp\/v2\/media?parent=170519"}],"wp:term":[{"taxonomy":"category","embeddable":true,"href":"https:\/\/www.europesays.com\/sk\/wp-json\/wp\/v2\/categories?post=170519"},{"taxonomy":"post_tag","embeddable":true,"href":"https:\/\/www.europesays.com\/sk\/wp-json\/wp\/v2\/tags?post=170519"}],"curies":[{"name":"wp","href":"https:\/\/api.w.org\/{rel}","templated":true}]}}