{"id":170533,"date":"2026-09-04T14:48:10","date_gmt":"2026-09-04T14:48:10","guid":{"rendered":"https:\/\/www.europesays.com\/sk\/170533\/"},"modified":"2026-09-04T14:48:10","modified_gmt":"2026-09-04T14:48:10","slug":"na-r1-pri-zarnovici-havaroval-motorkar-na-miesto-letel-vrtulnik","status":"publish","type":"post","link":"https:\/\/www.europesays.com\/sk\/170533\/","title":{"rendered":"Na R1 pri \u017darnovici havaroval motork\u00e1r, na miesto letel vrtu\u013en\u00edk"},"content":{"rendered":"<p>\u017dARNOVICA &#8211; Leteck\u00ed z\u00e1chran\u00e1ri v piatok pom\u00e1hali motork\u00e1rovi, ktor\u00fd havaroval na r\u00fdchlostnej ceste R1 na \u00farovni Voznice v smere do \u017darnovice. Dia\u013enica bola v tomto \u00faseku pod\u013ea banskobystrickej krajskej pol\u00edcie po\u010das prist\u00e1vania vrtu\u013en\u00edka uzavret\u00e1, aktu\u00e1lne je prejazdn\u00e1 v jednom jazdnom pruhu.<\/p>\n<p>Ako pol\u00edcia uviedla na soci\u00e1lnej sieti, nehoda sa stala kr\u00e1tko popoludn\u00ed a na mieste zasahovali v\u0161etky z\u00e1chrann\u00e9 zlo\u017eky. \u201ePod\u013ea doposia\u013e zisten\u00fdch inform\u00e1ci\u00ed motork\u00e1r z nezn\u00e1mych pr\u00ed\u010din nezvl\u00e1dol riadenie a spadol z motocykla, v d\u00f4sledku \u010doho si sp\u00f4sobil zranenia, ktor\u00e9 si vy\u017eiadali jeho transport leteckou z\u00e1chrannou slu\u017ebou do nemocnice,\u201c uviedla pol\u00edcia.<\/p>\n<p>Ke\u010f\u017ee pre zranenia nebolo mo\u017en\u00e9 u motork\u00e1ra vykona\u0165 dychov\u00fa sk\u00fa\u0161ku na mieste, na zistenie pr\u00edtomnosti alkoholu nariadili odber krvi. Presn\u00e1 pr\u00ed\u010dina dopravnej nehody, ako aj jej bli\u017e\u0161ie okolnosti s\u00fa pod\u013ea pol\u00edcie v \u0161t\u00e1diu objas\u0148ovania.<\/p>\n","protected":false},"excerpt":{"rendered":"\u017dARNOVICA &#8211; Leteck\u00ed z\u00e1chran\u00e1ri v piatok pom\u00e1hali motork\u00e1rovi, ktor\u00fd havaroval na r\u00fdchlostnej ceste R1 na \u00farovni Voznice v&hellip;\n","protected":false},"author":2,"featured_media":170534,"comment_status":"","ping_status":"","sticky":false,"template":"","format":"standard","meta":{"footnotes":"","_share_on_mastodon":"0"},"categories":[6],"tags":[48243,7948,535,525,43,40,44,39,42,45,41],"class_list":["post-170533","post","type-post","status-publish","format-standard","has-post-thumbnail","category-slovensko","tag-dialnica-r1","tag-motorkar","tag-nehoda","tag-policia","tag-sk","tag-slovak","tag-slovak-republic","tag-slovakia","tag-slovencina","tag-slovenska-republika","tag-slovensko"],"share_on_mastodon":{"url":"https:\/\/pubeurope.com\/@sk\/117213325379900693","error":""},"_links":{"self":[{"href":"https:\/\/www.europesays.com\/sk\/wp-json\/wp\/v2\/posts\/170533","targetHints":{"allow":["GET"]}}],"collection":[{"href":"https:\/\/www.europesays.com\/sk\/wp-json\/wp\/v2\/posts"}],"about":[{"href":"https:\/\/www.europesays.com\/sk\/wp-json\/wp\/v2\/types\/post"}],"author":[{"embeddable":true,"href":"https:\/\/www.europesays.com\/sk\/wp-json\/wp\/v2\/users\/2"}],"replies":[{"embeddable":true,"href":"https:\/\/www.europesays.com\/sk\/wp-json\/wp\/v2\/comments?post=170533"}],"version-history":[{"count":0,"href":"https:\/\/www.europesays.com\/sk\/wp-json\/wp\/v2\/posts\/170533\/revisions"}],"wp:featuredmedia":[{"embeddable":true,"href":"https:\/\/www.europesays.com\/sk\/wp-json\/wp\/v2\/media\/170534"}],"wp:attachment":[{"href":"https:\/\/www.europesays.com\/sk\/wp-json\/wp\/v2\/media?parent=170533"}],"wp:term":[{"taxonomy":"category","embeddable":true,"href":"https:\/\/www.europesays.com\/sk\/wp-json\/wp\/v2\/categories?post=170533"},{"taxonomy":"post_tag","embeddable":true,"href":"https:\/\/www.europesays.com\/sk\/wp-json\/wp\/v2\/tags?post=170533"}],"curies":[{"name":"wp","href":"https:\/\/api.w.org\/{rel}","templated":true}]}}