{"id":170549,"date":"2026-09-04T15:02:13","date_gmt":"2026-09-04T15:02:13","guid":{"rendered":"https:\/\/www.europesays.com\/sk\/170549\/"},"modified":"2026-09-04T15:02:13","modified_gmt":"2026-09-04T15:02:13","slug":"tragicka-nehoda-pri-hrhove-zrazilo-sa-nakladne-auto-s-dvoma-osobnymi-vozidlami-nehoda-si-vyziadala-obet","status":"publish","type":"post","link":"https:\/\/www.europesays.com\/sk\/170549\/","title":{"rendered":"Tragick\u00e1 nehoda pri Hrhove: Zrazilo sa n\u00e1kladn\u00e9 auto s dvoma osobn\u00fdmi vozidlami, nehoda si vy\u017eiadala obe\u0165"},"content":{"rendered":"<p>K nehode do\u0161lo na ceste I\/16 pri obci Hrhov v okrese Ro\u017e\u0148ava, na hlavnom \u0165ahu medzi Ro\u017e\u0148avou a Ko\u0161icami. Pod\u013ea prvotn\u00fdch inform\u00e1ci\u00ed sa zrazilo n\u00e1kladn\u00e9 vozidlo s dvoma osobn\u00fdmi autami. Informovala o tom <a href=\"https:\/\/www.minv.sk\/?policia\" target=\"_blank\" rel=\"nofollow noopener\">pol\u00edcia<\/a> na soci\u00e1lnej sieti.<\/p>\n<p>Pri nehode do\u0161lo k \u010delnej zr\u00e1\u017eke kami\u00f3na s osobn\u00fdm autom. Vodi\u010d osobn\u00e9ho vozidla utrpel zranenia nezlu\u010dite\u013en\u00e9 so \u017eivotom a na mieste zomrel. \u010eal\u0161ie osoby pod\u013ea doteraj\u0161\u00edch inform\u00e1ci\u00ed neutrpeli zranenia.<\/p>\n<p>Dopravu riadi pol\u00edcia<\/p>\n<p>Na mieste moment\u00e1lne prebieha vy\u0161etrovanie <a href=\"https:\/\/www.noviny.sk\/krimi\/1248184-tragedia-na-zlatych-pieskoch-vo-vode-objavili-telo-muza\" target=\"_blank\" rel=\"nofollow noopener\">tragickej nehody.<\/a> Jeden jazdn\u00fd pruh je uzavret\u00fd a prem\u00e1vku riadi pol\u00edcia.<\/p>\n<p>Vodi\u010di by mali v \u00faseku zv\u00fd\u0161i\u0165 opatrnos\u0165 a re\u0161pektova\u0165 pokyny policajtov. Treba z\u00e1rove\u0148 po\u010d\u00edta\u0165 so spomalen\u00edm prem\u00e1vky.<\/p>\n<p>Pr\u00ed\u010dina nehody sa vy\u0161etruje<\/p>\n<p>Presn\u00e9 okolnosti a pr\u00ed\u010dina dopravnej nehody zatia\u013e nie s\u00fa zn\u00e1me. Pol\u00edcia ich objas\u0148uje v r\u00e1mci vy\u0161etrovania.<\/p>\n","protected":false},"excerpt":{"rendered":"K nehode do\u0161lo na ceste I\/16 pri obci Hrhov v okrese Ro\u017e\u0148ava, na hlavnom \u0165ahu medzi Ro\u017e\u0148avou a&hellip;\n","protected":false},"author":2,"featured_media":170550,"comment_status":"","ping_status":"","sticky":false,"template":"","format":"standard","meta":{"footnotes":"","_share_on_mastodon":"0"},"categories":[6],"tags":[535,43,40,44,39,42,45,41,729],"class_list":["post-170549","post","type-post","status-publish","format-standard","has-post-thumbnail","category-slovensko","tag-nehoda","tag-sk","tag-slovak","tag-slovak-republic","tag-slovakia","tag-slovencina","tag-slovenska-republika","tag-slovensko","tag-tragedia"],"share_on_mastodon":{"url":"https:\/\/pubeurope.com\/@sk\/117213380487209678","error":""},"_links":{"self":[{"href":"https:\/\/www.europesays.com\/sk\/wp-json\/wp\/v2\/posts\/170549","targetHints":{"allow":["GET"]}}],"collection":[{"href":"https:\/\/www.europesays.com\/sk\/wp-json\/wp\/v2\/posts"}],"about":[{"href":"https:\/\/www.europesays.com\/sk\/wp-json\/wp\/v2\/types\/post"}],"author":[{"embeddable":true,"href":"https:\/\/www.europesays.com\/sk\/wp-json\/wp\/v2\/users\/2"}],"replies":[{"embeddable":true,"href":"https:\/\/www.europesays.com\/sk\/wp-json\/wp\/v2\/comments?post=170549"}],"version-history":[{"count":0,"href":"https:\/\/www.europesays.com\/sk\/wp-json\/wp\/v2\/posts\/170549\/revisions"}],"wp:featuredmedia":[{"embeddable":true,"href":"https:\/\/www.europesays.com\/sk\/wp-json\/wp\/v2\/media\/170550"}],"wp:attachment":[{"href":"https:\/\/www.europesays.com\/sk\/wp-json\/wp\/v2\/media?parent=170549"}],"wp:term":[{"taxonomy":"category","embeddable":true,"href":"https:\/\/www.europesays.com\/sk\/wp-json\/wp\/v2\/categories?post=170549"},{"taxonomy":"post_tag","embeddable":true,"href":"https:\/\/www.europesays.com\/sk\/wp-json\/wp\/v2\/tags?post=170549"}],"curies":[{"name":"wp","href":"https:\/\/api.w.org\/{rel}","templated":true}]}}