{"id":170559,"date":"2026-09-04T15:12:15","date_gmt":"2026-09-04T15:12:15","guid":{"rendered":"https:\/\/www.europesays.com\/sk\/170559\/"},"modified":"2026-09-04T15:12:15","modified_gmt":"2026-09-04T15:12:15","slug":"ostra-kritika-mu-definitivne-zavrela-dvere-spoluhrac-dubravku-sa-nedostal-na-supisku-tottenhamu","status":"publish","type":"post","link":"https:\/\/www.europesays.com\/sk\/170559\/","title":{"rendered":"Ostr\u00e1 kritika mu definit\u00edvne zavrela dvere: Spoluhr\u00e1\u010d D\u00fabravku sa nedostal na s\u00fapisku Tottenhamu"},"content":{"rendered":"<p>\t<a href=\"https:\/\/sportky.zoznam.sk\/g\/494013\/ostra-kritika-mu-definitivne-zavrela-dvere-spoluhrac-dubravku-sa-nedostal-na-supisku-tottenhamu?image=1196135\" title=\"Richarlison\" rel=\"nofollow noopener\" target=\"_blank\">\t\t\t<img decoding=\"async\" loading=\"lazy\" src=\"https:\/\/www.europesays.com\/sk\/wp-content\/uploads\/2026\/09\/premier-league-tottenham-hotspur-1196135.jpg\"  alt=\"Richarlison\"\/><\/a>Richarlison\t\t\t Zdroj: SITA\/AP\/Ian Walton\t\t\t\t<\/p>\n<p>\t\t\t<a class=\"box-article-author-image\"><br \/>\n\t\t\t\t<img decoding=\"async\" src=\"https:\/\/sportky.zoznam.sk\/static\/2019_default\/img\/author.svg\"\/><br \/>\n\t\t\t<\/a><\/p>\n<p class=\"perex\">LOND\u00ddN &#8211; Braz\u00edlsky futbalista Richarlison u\u017e mo\u017eno neodohr\u00e1 \u010fal\u0161\u00ed z\u00e1pas za Tottenham Hotspur. Lond\u00fdnsky klub ho vo \u0161tvrtok po uz\u00e1vierke prestupov nezaradil na 25-\u010dlenn\u00fa s\u00fapisku pre Premier League.\t<\/p>\n<p>Tr\u00e9ner Roberto De Zerbi po sobot\u0148aj\u0161ej dom\u00e1cej prehre 0:2 s Newcastlom uviedol, \u017ee Richarlison \u201eu\u017e pr\u00edli\u0161 ve\u013eakr\u00e1t povedal, \u017ee chce od\u00eds\u0165\u201c. Rokovania o jeho mo\u017enom n\u00e1vrate do Evertonu, kde p\u00f4sobil v rokoch 2018 a\u017e 2022, sa v\u0161ak pred utorkovou uz\u00e1vierkou prestupov v Anglicku zastavili. O hr\u00e1\u010da sa pod\u013ea m\u00e9di\u00ed zauj\u00edma aj tureck\u00fd Trabzonspor.<\/p>\n<p>&#13;<br \/>\n&#13;<\/p>\n<p>Dvadsa\u0165dev\u00e4\u0165ro\u010dn\u00fd \u00fato\u010dn\u00edk sa v pondelok ostro vyjadril na soci\u00e1lnej sieti. \u201ePo v\u0161etkom, \u010d\u00edm som si v posledn\u00fdch rokoch pre\u0161iel, som sa rozhodol, \u017ee u\u017e nikdy nedovol\u00edm, aby o mojej bud\u00facnosti rozhodoval niekto in\u00fd,\u201c nap\u00edsal Richarlison. Dodal, \u017ee prestup by prijal iba v pr\u00edpade, ak by bol v\u00fdhodn\u00fd aj pre Tottenham, a \u017eiada, aby klub re\u0161pektoval jeho postoj.<\/p>\n<p>&#13;<br \/>\n&#13;<\/p>\n<p>Richarlison pri\u0161iel do Tottenhamu pred \u0161tyrmi rokmi, no v\u00fdraznej\u0161ie sa nepresadil. V sez\u00f3ne 2025\/26 strelil 12 g\u00f3lov a Spurs sa len tesne vyhli zostupu z Premier League. Informovala agent\u00fara AFP.<\/p>\n<p>&#13;<\/p>\n<p>\t\t\tAutor: \u00a9 Zoznam\/\t\t\tZdroj: TASR\t<\/p>\n","protected":false},"excerpt":{"rendered":"Richarlison Zdroj: SITA\/AP\/Ian Walton LOND\u00ddN &#8211; Braz\u00edlsky futbalista Richarlison u\u017e mo\u017eno neodohr\u00e1 \u010fal\u0161\u00ed z\u00e1pas za Tottenham Hotspur. Lond\u00fdnsky&hellip;\n","protected":false},"author":2,"featured_media":170560,"comment_status":"","ping_status":"","sticky":false,"template":"","format":"standard","meta":{"footnotes":"","_share_on_mastodon":"0"},"categories":[13],"tags":[4214,48198,29471,43,40,39,42,41,69,68,7530],"class_list":["post-170559","post","type-post","status-publish","format-standard","has-post-thumbnail","category-sport","tag-martin-dubravka","tag-richarlison","tag-roberto-de-zerbi","tag-sk","tag-slovak","tag-slovakia","tag-slovencina","tag-slovensko","tag-sport","tag-sports","tag-tottenham-hotspur"],"share_on_mastodon":{"url":"https:\/\/pubeurope.com\/@sk\/117213420007979480","error":""},"_links":{"self":[{"href":"https:\/\/www.europesays.com\/sk\/wp-json\/wp\/v2\/posts\/170559","targetHints":{"allow":["GET"]}}],"collection":[{"href":"https:\/\/www.europesays.com\/sk\/wp-json\/wp\/v2\/posts"}],"about":[{"href":"https:\/\/www.europesays.com\/sk\/wp-json\/wp\/v2\/types\/post"}],"author":[{"embeddable":true,"href":"https:\/\/www.europesays.com\/sk\/wp-json\/wp\/v2\/users\/2"}],"replies":[{"embeddable":true,"href":"https:\/\/www.europesays.com\/sk\/wp-json\/wp\/v2\/comments?post=170559"}],"version-history":[{"count":0,"href":"https:\/\/www.europesays.com\/sk\/wp-json\/wp\/v2\/posts\/170559\/revisions"}],"wp:featuredmedia":[{"embeddable":true,"href":"https:\/\/www.europesays.com\/sk\/wp-json\/wp\/v2\/media\/170560"}],"wp:attachment":[{"href":"https:\/\/www.europesays.com\/sk\/wp-json\/wp\/v2\/media?parent=170559"}],"wp:term":[{"taxonomy":"category","embeddable":true,"href":"https:\/\/www.europesays.com\/sk\/wp-json\/wp\/v2\/categories?post=170559"},{"taxonomy":"post_tag","embeddable":true,"href":"https:\/\/www.europesays.com\/sk\/wp-json\/wp\/v2\/tags?post=170559"}],"curies":[{"name":"wp","href":"https:\/\/api.w.org\/{rel}","templated":true}]}}