{"id":170561,"date":"2026-09-04T15:15:13","date_gmt":"2026-09-04T15:15:13","guid":{"rendered":"https:\/\/www.europesays.com\/sk\/170561\/"},"modified":"2026-09-04T15:15:13","modified_gmt":"2026-09-04T15:15:13","slug":"pri-kradezi-paliva-v-nigerii-zahynulo-najmenej-37-ludi","status":"publish","type":"post","link":"https:\/\/www.europesays.com\/sk\/170561\/","title":{"rendered":"Pri kr\u00e1de\u017ei paliva v Nig\u00e9rii zahynulo najmenej 37 \u013eud\u00ed"},"content":{"rendered":"<p>PORT HARCOURT &#8211; Najmenej 37 \u013eud\u00ed zahynulo vo \u0161tvrtok skoro r\u00e1no v delte rieky Niger na juhu Nig\u00e9rie po tom, ako sa pri kr\u00e1de\u017ei paliva z potrubia nad\u00fdchli v\u00fdparov ropn\u00fdch l\u00e1tok. Uviedla to miestna mimovl\u00e1dna organiz\u00e1cia, ktor\u00fa citovala agent\u00fara AFP.<\/p>\n<p>Centrum pre obhajobu pr\u00e1v ml\u00e1de\u017ee a \u017eivotn\u00e9ho prostredia (YEAC-Nigeria) na z\u00e1klade inform\u00e1ci\u00ed od svojej siete dobrovo\u013en\u00edkov a obhajcov \u013eudsk\u00fdch pr\u00e1v v delte Nigeru, v oblasti Okrika v \u0161t\u00e1te Rivers, potvrdilo smr\u0165 najmenej 37 \u013eud\u00ed, ktor\u00ed zomreli po vd\u00fdchnut\u00ed v\u00fdparov z ropn\u00fdch produktov. YEAC-Nigeria uviedlo, \u017ee \u201emnoho \u010fal\u0161\u00edch \u013eud\u00ed je st\u00e1le nezvestn\u00fdch\u201c. Pol\u00edcia incident potvrdila, po\u010det obet\u00ed v\u0161ak neuviedla.<\/p>\n<p>Organiz\u00e1cia YEAC-Nigeria doplnila, \u017ee mlad\u00ed mu\u017ei &#8211; podozriv\u00ed z kr\u00e1de\u017ee &#8211; pripojili svoje potrubie k miestu odberu na ropovode, ktor\u00fdm sa za be\u017en\u00fdch okolnost\u00ed prepravuje surovina od producenta Indorama Eleme Petrochemical cez rafin\u00e9riu v Port Harcourte k plavidl\u00e1m. Mu\u017ei pri kr\u00e1de\u017ei od\u010derp\u00e1vali ropn\u00fd produkt z potrubia a z\u00e1rove\u0148 ho pre\u010derp\u00e1vali do svojich \u010dlnov.<\/p>\n<p>AFP doplnila, \u017ee kr\u00e1de\u017ee ropy s\u00fa v Nig\u00e9rii, ktor\u00e1 je jedn\u00fdm z jej najv\u00e4\u010d\u0161\u00edch producentov v Afrike, v\u00e1\u017enym probl\u00e9mom. Pa\u0161er\u00e1ci tam po\u0161kodzuj\u00fa potrubia, aby kradli surov\u00fa ropu, ktor\u00fa n\u00e1sledne sprac\u00favaj\u00fa na palivo ur\u010den\u00e9 na predaj.<\/p>\n","protected":false},"excerpt":{"rendered":"PORT HARCOURT &#8211; Najmenej 37 \u013eud\u00ed zahynulo vo \u0161tvrtok skoro r\u00e1no v delte rieky Niger na juhu Nig\u00e9rie&hellip;\n","protected":false},"author":2,"featured_media":170562,"comment_status":"","ping_status":"","sticky":false,"template":"","format":"standard","meta":{"footnotes":"","_share_on_mastodon":"0"},"categories":[8],"tags":[298,33,10797,6288,43,40,42,36,50,729,49,48],"class_list":["post-170561","post","type-post","status-publish","format-standard","has-post-thumbnail","category-svet","tag-kradez","tag-news","tag-nigeria","tag-palivo","tag-sk","tag-slovak","tag-slovencina","tag-spravy","tag-svet","tag-tragedia","tag-world","tag-world-news"],"share_on_mastodon":{"url":"https:\/\/pubeurope.com\/@sk\/117213431259730488","error":""},"_links":{"self":[{"href":"https:\/\/www.europesays.com\/sk\/wp-json\/wp\/v2\/posts\/170561","targetHints":{"allow":["GET"]}}],"collection":[{"href":"https:\/\/www.europesays.com\/sk\/wp-json\/wp\/v2\/posts"}],"about":[{"href":"https:\/\/www.europesays.com\/sk\/wp-json\/wp\/v2\/types\/post"}],"author":[{"embeddable":true,"href":"https:\/\/www.europesays.com\/sk\/wp-json\/wp\/v2\/users\/2"}],"replies":[{"embeddable":true,"href":"https:\/\/www.europesays.com\/sk\/wp-json\/wp\/v2\/comments?post=170561"}],"version-history":[{"count":0,"href":"https:\/\/www.europesays.com\/sk\/wp-json\/wp\/v2\/posts\/170561\/revisions"}],"wp:featuredmedia":[{"embeddable":true,"href":"https:\/\/www.europesays.com\/sk\/wp-json\/wp\/v2\/media\/170562"}],"wp:attachment":[{"href":"https:\/\/www.europesays.com\/sk\/wp-json\/wp\/v2\/media?parent=170561"}],"wp:term":[{"taxonomy":"category","embeddable":true,"href":"https:\/\/www.europesays.com\/sk\/wp-json\/wp\/v2\/categories?post=170561"},{"taxonomy":"post_tag","embeddable":true,"href":"https:\/\/www.europesays.com\/sk\/wp-json\/wp\/v2\/tags?post=170561"}],"curies":[{"name":"wp","href":"https:\/\/api.w.org\/{rel}","templated":true}]}}