{"id":170563,"date":"2026-09-04T15:16:13","date_gmt":"2026-09-04T15:16:13","guid":{"rendered":"https:\/\/www.europesays.com\/sk\/170563\/"},"modified":"2026-09-04T15:16:13","modified_gmt":"2026-09-04T15:16:13","slug":"zasahovy-tim-eliminoval-zranenu-medvedicu-pri-mosovciach-informovala-obec","status":"publish","type":"post","link":"https:\/\/www.europesays.com\/sk\/170563\/","title":{"rendered":"Z\u00e1sahov\u00fd t\u00edm eliminoval zranen\u00fa medvedicu pri Mo\u0161ovciach, informovala obec"},"content":{"rendered":"<p>MO\u0160OVCE &#8211; Z\u00e1sahov\u00fd t\u00edm Fatra vo \u0161tvrtok (3. 9.) doh\u013eadal a eliminoval zranen\u00fa medvedicu, ktor\u00e1 sa pohybovala v bl\u00edzkosti Mo\u0161oviec v okrese Tur\u010dianske Teplice. Informovala o tom v piatok obec Mo\u0161ovce na soci\u00e1lnej sieti.<\/p>\n<p>Samospr\u00e1va uviedla, \u017ee z\u00e1sahov\u00fd t\u00edm sa vo \u0161tvrtok vo ve\u010dern\u00fdch hodin\u00e1ch vr\u00e1til do okolia obce s dronom a odborne okolie preh\u013eadal, najm\u00e4 pri\u013eahl\u00e9 polia s kukuricou. \u201eZranen\u00e9 zviera v kukuri\u010dnom poli doh\u013eadali a eliminovali pribli\u017ene 300 metrov od obce a asi 20 metrov od panelovej cesty,\u201c pribl\u00ed\u017eila.<\/p>\n<p>Pod\u013ea obce i\u0161lo o medvedicu, ktor\u00e1 mala neo\u0161etren\u00e9 zranenia star\u0161ieho d\u00e1ta, r\u00f4zne z\u00e1paly in\u00e9ho charakteru, vykazovala dehydrat\u00e1ciu \u010di in\u00e9 znaky toho, \u017ee by v kr\u00e1tkej dobe sama uhynula. O v\u00fdskyte zranenej \u0161elmy informovala obec vo \u0161tvrtok r\u00e1no, na miesto pri\u0161iel i z\u00e1sahov\u00fd t\u00edm, ktor\u00fd po\u010das d\u0148a stopy \u010di pobytov\u00e9 znaky nena\u0161iel.<\/p>\n<p>Hl\u00e1senie o zranenom medve\u010fovi v katastri Mo\u0161oviec, pravdepodobne po zr\u00e1\u017eke s motorov\u00fdm vozidlom, prijal Z\u00e1sahov\u00fd t\u00edm pre medve\u010fa hned\u00e9ho Fatra vo \u0161tvrtok r\u00e1no, informoval Silver Jurtinus, PR mana\u017e\u00e9r Spr\u00e1vy N\u00e1rodn\u00e9ho parku Ve\u013ek\u00e1 Fatra, pod ktor\u00e9ho z\u00e1sahov\u00fd t\u00edm patr\u00ed. Pribl\u00ed\u017eil, \u017ee na miesto t\u00edm vykonal v\u00fdjazd a n\u00e1sledne realizoval p\u00e1traciu akciu. \u201ePo\u010das rann\u00e9ho p\u00e1trania sa v\u0161ak medve\u010fa n\u00e1js\u0165 nepodarilo. P\u00e1tracia akcia pokra\u010dovala vo ve\u010dern\u00fdch hodin\u00e1ch, ke\u010f bol medve\u010f lokalizovan\u00fd pomocou termov\u00edzneho dronu. N\u00e1sledne bol z d\u00f4vodu zranen\u00ed a mo\u017en\u00e9ho ohrozenia bezpe\u010dnosti vykonan\u00fd sanit\u00e1rny odstrel,\u201c doplnil Jurtinus.<\/p>\n","protected":false},"excerpt":{"rendered":"MO\u0160OVCE &#8211; Z\u00e1sahov\u00fd t\u00edm Fatra vo \u0161tvrtok (3. 9.) doh\u013eadal a eliminoval zranen\u00fa medvedicu, ktor\u00e1 sa pohybovala v&hellip;\n","protected":false},"author":2,"featured_media":170564,"comment_status":"","ping_status":"","sticky":false,"template":"","format":"standard","meta":{"footnotes":"","_share_on_mastodon":"0"},"categories":[6],"tags":[5552,48056,43,40,44,39,42,45,41,12460],"class_list":["post-170563","post","type-post","status-publish","format-standard","has-post-thumbnail","category-slovensko","tag-medvedica","tag-mosovce","tag-sk","tag-slovak","tag-slovak-republic","tag-slovakia","tag-slovencina","tag-slovenska-republika","tag-slovensko","tag-zasahovy-tim"],"share_on_mastodon":{"url":"https:\/\/pubeurope.com\/@sk\/117213435173501526","error":""},"_links":{"self":[{"href":"https:\/\/www.europesays.com\/sk\/wp-json\/wp\/v2\/posts\/170563","targetHints":{"allow":["GET"]}}],"collection":[{"href":"https:\/\/www.europesays.com\/sk\/wp-json\/wp\/v2\/posts"}],"about":[{"href":"https:\/\/www.europesays.com\/sk\/wp-json\/wp\/v2\/types\/post"}],"author":[{"embeddable":true,"href":"https:\/\/www.europesays.com\/sk\/wp-json\/wp\/v2\/users\/2"}],"replies":[{"embeddable":true,"href":"https:\/\/www.europesays.com\/sk\/wp-json\/wp\/v2\/comments?post=170563"}],"version-history":[{"count":0,"href":"https:\/\/www.europesays.com\/sk\/wp-json\/wp\/v2\/posts\/170563\/revisions"}],"wp:featuredmedia":[{"embeddable":true,"href":"https:\/\/www.europesays.com\/sk\/wp-json\/wp\/v2\/media\/170564"}],"wp:attachment":[{"href":"https:\/\/www.europesays.com\/sk\/wp-json\/wp\/v2\/media?parent=170563"}],"wp:term":[{"taxonomy":"category","embeddable":true,"href":"https:\/\/www.europesays.com\/sk\/wp-json\/wp\/v2\/categories?post=170563"},{"taxonomy":"post_tag","embeddable":true,"href":"https:\/\/www.europesays.com\/sk\/wp-json\/wp\/v2\/tags?post=170563"}],"curies":[{"name":"wp","href":"https:\/\/api.w.org\/{rel}","templated":true}]}}