{"id":170575,"date":"2026-09-04T15:30:18","date_gmt":"2026-09-04T15:30:18","guid":{"rendered":"https:\/\/www.europesays.com\/sk\/170575\/"},"modified":"2026-09-04T15:30:18","modified_gmt":"2026-09-04T15:30:18","slug":"ak-vam-este-neprisiel-rodicovsky-dochodok-nezufajte-peniaze-dostane-druha-velka-skupina-seniorov","status":"publish","type":"post","link":"https:\/\/www.europesays.com\/sk\/170575\/","title":{"rendered":"Ak v\u00e1m e\u0161te nepri\u0161iel rodi\u010dovsk\u00fd d\u00f4chodok, nez\u00fafajte. Peniaze dostane druh\u00e1 ve\u013ek\u00e1 skupina seniorov"},"content":{"rendered":"<p>V s\u00fa\u010dasnosti bola ukon\u010den\u00e1 prv\u00e1 vlna <a href=\"https:\/\/www.interez.sk\/vyplacanie-rodicovskych-dochodkov-zacne-v-auguste-mnohi-seniori-si-ale-pockaju-do-septembra\/\" target=\"_blank\" rel=\"noopener nofollow\">vypl\u00e1cania rodi\u010dovsk\u00fdch d\u00f4chodkov<\/a>. V tomto term\u00edne dostali peniaze iba t\u00ed seniori, ktor\u00fdch deti podali da\u0148ov\u00e9 priznanie v riadnom term\u00edne, teda do 31. marca 2026. Platba v\u00e4\u010d\u0161inou dorazila v rovnakom v\u00fdplatnom term\u00edne ako pravideln\u00fd mesa\u010dn\u00fd d\u00f4chodok. Ak z technick\u00fdch d\u00f4vodov nebolo mo\u017en\u00e9 v\u00fdplatu sprostredkova\u0165 spolu s penziou, Soci\u00e1lna pois\u0165ov\u0148a ju zaslala v samostatnom mimoriadnom term\u00edne, av\u0161ak st\u00e1le do konca augusta.<\/p>\n<p>\n\t\t\t\t\tGoogle News<br \/>\n\t\t\t\t\tSledujte interez v Google News \u2014 <br \/>spr\u00e1vy od n\u00e1s budete ma\u0165 ako prv\u00ed.\n\t\t\t\t<\/p>\n<p>\t\t\t\t<a href=\"https:\/\/www.google.com\/preferences\/source?q=interez.sk\" target=\"_blank\" rel=\"noopener nofollow\"><\/p>\n<p>\t\t\t\t\tPrida\u0165 ako zdroj<br \/>\n\t\t\t\t<\/a><\/p>\n<p>Kedy dostan\u00fa peniaze \u010fal\u0161\u00ed seniori<\/p>\n<p>Teraz prich\u00e1dza na rad druh\u00e1 vlna vypl\u00e1cania rodi\u010dovsk\u00fdch d\u00f4chodkov. T\u00e1 sa t\u00fdka t\u00fdch poberate\u013eov, za ktor\u00fdch deti v poz\u00edcii zamestnancov podali vyhl\u00e1senie o pouk\u00e1zan\u00ed podielu zaplatenej dane do 30. apr\u00edla 2026. T\u00edto seniori m\u00f4\u017eu o\u010dak\u00e1va\u0165 v\u00fdplatu rodi\u010dovsk\u00e9ho d\u00f4chodku po\u010das septembra.<\/p>\n<p>Najdlh\u0161ie si po\u010dkaj\u00fa seniori, ktor\u00fdch deti si z\u00e1konne pred\u013a\u017eili lehotu na podanie da\u0148ov\u00e9ho priznania (uplatnili si odklad). Platby pre nich bud\u00fa realizovan\u00e9 priebe\u017ene a\u017e po tom, \u010do Finan\u010dn\u00e9 riadite\u013estvo SR dod\u00e1 potrebn\u00e9 d\u00e1ta Soci\u00e1lnej pois\u0165ovni.<\/p>\n<p>\u0160pecifick\u00e1 skupina poberate\u013eov<\/p>\n<p>\u0160pecifick\u00fa skupinu tvoria poberatelia d\u00f4chodkov zo silov\u00fdch rezortov. T\u00fdmto seniorom vyplat\u00ed asign\u00e1ciu dane Soci\u00e1lna pois\u0165ov\u0148a najnesk\u00f4r do 15. d\u0148a kalend\u00e1rneho mesiaca po doru\u010den\u00ed \u00fadajov, a to rovnak\u00fdm sp\u00f4sobom, ak\u00fdm dost\u00e1vaj\u00fa svoj \u0161tandardn\u00fd d\u00f4chodok.<\/p>\n<p><a href=\"https:\/\/www.interez.sk\/k-penzii-mozete-dostat-viac-nez-100-eur-mesacne-navyse-stat-vam-ich-neda-sam-treba-o-ne-poziadat\/ruka-seniorky-drzanie\/\" rel=\"attachment wp-att-839821 nofollow noopener\" target=\"_blank\"><img loading=\"lazy\" decoding=\"async\" class=\"size-full wp-image-839821\" src=\"data:image\/svg+xml,%3Csvg%20xmlns=\" http:=\"\" alt=\"Ruky seniorky\" width=\"1280\" height=\"853\" data-lazy- data-lazy- data-lazy-src=\"https:\/\/www.europesays.com\/sk\/wp-content\/uploads\/2026\/09\/ruka-seniorky-drzanie.jpg\"\/><img loading=\"lazy\" decoding=\"async\" class=\"size-full wp-image-839821\" src=\"https:\/\/www.europesays.com\/sk\/wp-content\/uploads\/2026\/09\/ruka-seniorky-drzanie.jpg\" alt=\"Ruky seniorky\" width=\"1280\" height=\"853\"  \/><\/a>Foto: Pixabay<\/p>\n<p>Peniaze z asign\u00e1cie dane dostan\u00fa seniori rovnak\u00fdm sp\u00f4sobom, ak\u00fdm prij\u00edmaj\u00fa svoj be\u017en\u00fd d\u00f4chodok \u2013 bu\u010f prevodom na bankov\u00fd \u00fa\u010det, alebo v hotovosti prostredn\u00edctvom doru\u010dovate\u013ea Slovenskej po\u0161ty. P\u00f4jde o samostatn\u00fa platbu, pri\u010dom pri prip\u00edsan\u00ed bude zrete\u013ene uveden\u00fd text \u201e2 percent\u00e1 dane\u201c, aby nedo\u0161lo k z\u00e1mene s in\u00fdmi soci\u00e1lnymi d\u00e1vkami. Tak \u010di onak, peniaze dostan\u00fa automaticky a nie je potrebn\u00e9 o ne \u017eiada\u0165 ani vypisova\u0165 \u017eiadne \u010fal\u0161ie tla\u010div\u00e1.<\/p>\n<p>\u010coskoro sa mo\u017eno bud\u00fa meni\u0165<\/p>\n<p>Zatia\u013e \u010do niektor\u00ed seniori na svoje rodi\u010dovsk\u00e9 d\u00f4chodky e\u0161te st\u00e1le \u010dakaj\u00fa, v parlamente st\u00e1le le\u017e\u00ed na stole n\u00e1vrh na ich \u00fapravu, ktor\u00e1 by mohla plati\u0165 od bud\u00faceho roka. Ako sme v\u00e1s toti\u017e ned\u00e1vno informovali, nieko\u013eko poslank\u00fd\u0148 a poslancov v zlo\u017een\u00ed\u00a0Be\u00e1ta Jur\u00edk, Simona Petr\u00edk, \u0160tefan Ki\u0161\u0161, Darina Lu\u0161\u010d\u00edkov\u00e1\u00a0a\u00a0Lucia Plav\u00e1kov\u00e1\u00a0predlo\u017eilo do legislat\u00edvneho procesu\u00a0<a href=\"https:\/\/www.interez.sk\/o-osude-dochodcov-rozhodnu-poslanci-uz-o-par-dni-v-hre-su-vyssie-penzie-aj-podpora-od-vnucat\/\" target=\"_blank\" rel=\"noopener nofollow\">n\u00e1vrh novely z\u00e1kona<\/a>, ktor\u00e1 by op\u00e4\u0165 zmenila rodi\u010dovsk\u00fd d\u00f4chodok a roz\u0161\u00edrila okruh jeho poberate\u013eov.<\/p>\n<p><a href=\"https:\/\/www.interez.sk\/parlament-schvalil-eticky-kodex-poslanca-apeluje-na-slusne-spravanie-stanovuje-aj-pravidla-obliekania\/parlament-14\/\" rel=\"attachment wp-att-766138 nofollow noopener\" target=\"_blank\"><img loading=\"lazy\" decoding=\"async\" class=\"size-full wp-image-766138\" src=\"data:image\/svg+xml,%3Csvg%20xmlns=\" http:=\"\" alt=\"Parlament SR\" width=\"1600\" height=\"840\" data-lazy- data-lazy- data-lazy-src=\"https:\/\/www.europesays.com\/sk\/wp-content\/uploads\/2026\/09\/parlament-1.jpg\"\/><img loading=\"lazy\" decoding=\"async\" class=\"size-full wp-image-766138\" src=\"https:\/\/www.europesays.com\/sk\/wp-content\/uploads\/2026\/09\/parlament-1.jpg\" alt=\"Parlament SR\" width=\"1600\" height=\"840\"  \/><\/a>Foto: TASR \u2013 Jakub Kotian<\/p>\n<p>Poslanci predlo\u017een\u00fd n\u00e1vrh pracovne nazvali \u201eZ\u00e1kon o darovan\u00ed 2 % z dan\u00ed\u201c. Jeho cie\u013eom bolo roz\u0161\u00edri\u0165 okruh os\u00f4b, ktor\u00fdm m\u00f4\u017eu da\u0148ovn\u00edci priamo pom\u00f4c\u0165 zo svojich odveden\u00fdch dan\u00ed, a to tak, \u017ee zatia\u013e \u010do doteraz mohli len deti finan\u010dne podpori\u0165 svojich rodi\u010dov,\u00a0po novom by mohli aj vn\u00fa\u010dat\u00e1 venova\u0165 \u010das\u0165 svojich dan\u00ed svojim star\u00fdm rodi\u010dom.<\/p>\n<p>Inici\u00e1tori zmeny tvrdili, \u017ee teraj\u0161\u00ed syst\u00e9m dostato\u010dne nereaguje na skuto\u010dn\u00e9 rodinn\u00e9 vz\u0165ahy a finan\u010dn\u00fa situ\u00e1ciu slovensk\u00fdch rod\u00edn. Novinku by pod\u013ea nich priv\u00edtali najm\u00e4 ekonomicky akt\u00edvni vnuci a vnu\u010dky, ktor\u00ed chc\u00fa materi\u00e1lne pom\u00f4c\u0165 star\u00fdm rodi\u010dom, no legislat\u00edva im v tom moment\u00e1lne br\u00e1ni.<\/p>\n<p>Kedy sa o tom rozhodne<\/p>\n<p>N\u00e1vrh\u00a0<a href=\"https:\/\/www.nrsr.sk\/web\/Default.aspx?sid=zakony\/zakon&amp;MasterID=10821\" target=\"_blank\" rel=\"nofollow noopener\">novely<\/a>\u00a0\u00faspe\u0161ne pre\u0161iel \u00favodn\u00fdm prijat\u00edm v parlamente a predseda NR SR ho pridelil na pos\u00fadenie \u00dastavnopr\u00e1vnemu v\u00fdboru a V\u00fdboru pre financie a rozpo\u010det. Legislat\u00edvny proces tak v s\u00fa\u010dasnosti pokra\u010duje a spom\u00ednan\u00e9 v\u00fdbory maj\u00fa \u010das na prerokovanie n\u00e1vrhu do polovice septembra. O tom, \u010di tento poslaneck\u00fd n\u00e1vrh nakoniec z\u00edska dostato\u010dn\u00fa podporu a prejde do \u010fal\u0161ieho legislat\u00edvneho konania, sa tak definit\u00edvne rozhodne a\u017e\u00a0na jesennej sch\u00f4dzi parlamentu.<\/p>\n<p>Lehota pre tieto v\u00fdbory je\u00a011. september 2026\u00a0a gestorsk\u00fd V\u00fdbor pre financie a rozpo\u010det m\u00e1 n\u00e1sledne lehotu do\u00a014. septembra 2026. Potom sa n\u00e1vrh m\u00f4\u017ee dosta\u0165 sp\u00e4\u0165 pred poslancov do druh\u00e9ho \u010d\u00edtania, kde sa o \u0148om bude \u010falej rokova\u0165 a nesk\u00f4r hlasova\u0165.<\/p>\n<p>Pozri aj:<\/p>\n<p>                                                                <a href=\"https:\/\/www.interez.sk\/spievajuci-skladnik-z-presova-dojal-divakov-po-vypadnuti-zo-superstar-prenho-ziadaju-divoku-kartu\/\" onclick=\"ga(&#039;interez_Tracker.send&#039;, &#039;event&#039;, &#039;Pozri aj&#039;, &#039;Pozri aj - obr\u00e1zok&#039;, &#039;Spievaj\u00faci skladn\u00edk z Pre\u0161ova dojal div\u00e1kov: Po vypadnut\u00ed zo SuperStar pre\u0148ho \u017eiadaj\u00fa divok\u00fa kartu&#039;)\" rel=\"nofollow noopener\" target=\"_blank\"><br \/>\n                                                                    <img loading=\"lazy\" decoding=\"async\" class=\"img-responsive pozri-aj-img\" src=\"data:image\/svg+xml,%3Csvg%20xmlns=\" http:=\"\" width=\"133\" height=\"70\" alt=\"Pozri aj tento \u010dl\u00e1nok\" data-lazy-src=\"https:\/\/www.europesays.com\/sk\/wp-content\/uploads\/2026\/09\/adam-sutaziaci-superstar-425x222.jpg\"\/><img loading=\"lazy\" decoding=\"async\" class=\"img-responsive pozri-aj-img\" src=\"https:\/\/www.europesays.com\/sk\/wp-content\/uploads\/2026\/09\/adam-sutaziaci-superstar-425x222.jpg\" width=\"133\" height=\"70\" alt=\"Pozri aj tento \u010dl\u00e1nok\"\/><br \/>\n                                                                <\/a><\/p>\n","protected":false},"excerpt":{"rendered":"V s\u00fa\u010dasnosti bola ukon\u010den\u00e1 prv\u00e1 vlna vypl\u00e1cania rodi\u010dovsk\u00fdch d\u00f4chodkov. V tomto term\u00edne dostali peniaze iba t\u00ed seniori, ktor\u00fdch&hellip;\n","protected":false},"author":2,"featured_media":170576,"comment_status":"","ping_status":"","sticky":false,"template":"","format":"standard","meta":{"footnotes":"","_share_on_mastodon":"0"},"categories":[6],"tags":[695,14807,2004,585,43,40,44,39,42,45,41],"class_list":["post-170575","post","type-post","status-publish","format-standard","has-post-thumbnail","category-slovensko","tag-dochodky","tag-rodicovske-dochodky","tag-rodicovsky-dochodok","tag-seniori","tag-sk","tag-slovak","tag-slovak-republic","tag-slovakia","tag-slovencina","tag-slovenska-republika","tag-slovensko"],"share_on_mastodon":{"url":"https:\/\/pubeurope.com\/@sk\/117213490647013208","error":""},"_links":{"self":[{"href":"https:\/\/www.europesays.com\/sk\/wp-json\/wp\/v2\/posts\/170575","targetHints":{"allow":["GET"]}}],"collection":[{"href":"https:\/\/www.europesays.com\/sk\/wp-json\/wp\/v2\/posts"}],"about":[{"href":"https:\/\/www.europesays.com\/sk\/wp-json\/wp\/v2\/types\/post"}],"author":[{"embeddable":true,"href":"https:\/\/www.europesays.com\/sk\/wp-json\/wp\/v2\/users\/2"}],"replies":[{"embeddable":true,"href":"https:\/\/www.europesays.com\/sk\/wp-json\/wp\/v2\/comments?post=170575"}],"version-history":[{"count":0,"href":"https:\/\/www.europesays.com\/sk\/wp-json\/wp\/v2\/posts\/170575\/revisions"}],"wp:featuredmedia":[{"embeddable":true,"href":"https:\/\/www.europesays.com\/sk\/wp-json\/wp\/v2\/media\/170576"}],"wp:attachment":[{"href":"https:\/\/www.europesays.com\/sk\/wp-json\/wp\/v2\/media?parent=170575"}],"wp:term":[{"taxonomy":"category","embeddable":true,"href":"https:\/\/www.europesays.com\/sk\/wp-json\/wp\/v2\/categories?post=170575"},{"taxonomy":"post_tag","embeddable":true,"href":"https:\/\/www.europesays.com\/sk\/wp-json\/wp\/v2\/tags?post=170575"}],"curies":[{"name":"wp","href":"https:\/\/api.w.org\/{rel}","templated":true}]}}