{"id":170585,"date":"2026-09-04T15:44:09","date_gmt":"2026-09-04T15:44:09","guid":{"rendered":"https:\/\/www.europesays.com\/sk\/170585\/"},"modified":"2026-09-04T15:44:09","modified_gmt":"2026-09-04T15:44:09","slug":"v-schranke-si-nasiel-obalku-s-desivym-obsahom-policia-teraz-patra-po-muzovi-na-fotke-nepoznate-ho","status":"publish","type":"post","link":"https:\/\/www.europesays.com\/sk\/170585\/","title":{"rendered":"V schr\u00e1nke si na\u0161iel ob\u00e1lku s desiv\u00fdm obsahom, pol\u00edcia teraz p\u00e1tra po mu\u017eovi na fotke: Nepozn\u00e1te ho?"},"content":{"rendered":"<p>   Pol\u00edcia v Trnave vy\u0161etruje pre\u010din nebezpe\u010dn\u00e9ho vyhr\u00e1\u017eania spojen\u00fd s n\u00e1bojom.Nezn\u00e1my mu\u017e vlo\u017eil zalepen\u00fa ob\u00e1lku s n\u00e1bojom do schr\u00e1nky.N\u00e1lez n\u00e1boja mal u adres\u00e1ta vyvola\u0165 obavy o \u017eivot a zdravie.   <\/p>\n<p article=\"[object Object]\" class=\"md:text-article-content leading-relaxed md:leading-normal mt-5 lg:mt-10 false\">Z\u00e1rove\u0148 \u017eiada verejnos\u0165 o pomoc pri stoto\u017enen\u00ed mu\u017ea zachyten\u00e9ho na kamerov\u00fdch z\u00e1znamoch. V obdob\u00ed od 15. j\u00fala do 18. j\u00fala do 10.00 h mal vlo\u017ei\u0165 do po\u0161tovej schr\u00e1nky jedn\u00e9ho z bytov\u00fdch domov na Pal\u00e1rikovej ulici v Trnave nepop\u00edsan\u00fa a zalepen\u00fa ob\u00e1lku s n\u00e1bojom a n\u00e1bojnicou. Trnavsk\u00e1 pol\u00edcia o tom informovala na soci\u00e1lnej sieti.<\/p>\n<p article=\"[object Object]\" class=\"md:text-article-content leading-relaxed md:leading-normal mt-5 lg:mt-10 false\">Konanie nezn\u00e1meho mu\u017ea malo pod\u013ea pol\u00edcie u majite\u013ea po\u0161tovej schr\u00e1nky vyvola\u0165 obavy o jeho \u017eivot a zdravie. Pol\u00edcia po\u010das vy\u0161etrovania zabezpe\u010dila kamerov\u00e9 z\u00e1znamy. Tie zachytili osobu, ktorej toto\u017enos\u0165 by mohla prispie\u0165 k objasneniu pr\u00edpadu. Fotografiu zverejnili na soci\u00e1lnej sieti.<\/p>\n<p article=\"[object Object]\" class=\"md:text-article-content leading-relaxed md:leading-normal mt-5 lg:mt-10 false\">Pol\u00edcia \u017eiada ob\u010danov, ktor\u00ed mu\u017ea na zverejnen\u00fdch z\u00e1beroch spoznaj\u00fa alebo maj\u00fa ak\u00e9ko\u013evek inform\u00e1cie o jeho toto\u017enosti \u010di pohybe, aby ich bezodkladne ozn\u00e1mili na bezplatnom telef\u00f3nnom \u010d\u00edsle 158 alebo osobne na ktoromko\u013evek policajnom oddelen\u00ed.<\/p>\n","protected":false},"excerpt":{"rendered":"Pol\u00edcia v Trnave vy\u0161etruje pre\u010din nebezpe\u010dn\u00e9ho vyhr\u00e1\u017eania spojen\u00fd s n\u00e1bojom.Nezn\u00e1my mu\u017e vlo\u017eil zalepen\u00fa ob\u00e1lku s n\u00e1bojom do schr\u00e1nky.N\u00e1lez&hellip;\n","protected":false},"author":2,"featured_media":170586,"comment_status":"","ping_status":"","sticky":false,"template":"","format":"standard","meta":{"footnotes":"","_share_on_mastodon":"0"},"categories":[6],"tags":[43,40,44,39,42,45,41],"class_list":["post-170585","post","type-post","status-publish","format-standard","has-post-thumbnail","category-slovensko","tag-sk","tag-slovak","tag-slovak-republic","tag-slovakia","tag-slovencina","tag-slovenska-republika","tag-slovensko"],"share_on_mastodon":{"url":"https:\/\/pubeurope.com\/@sk\/117213545558282673","error":""},"_links":{"self":[{"href":"https:\/\/www.europesays.com\/sk\/wp-json\/wp\/v2\/posts\/170585","targetHints":{"allow":["GET"]}}],"collection":[{"href":"https:\/\/www.europesays.com\/sk\/wp-json\/wp\/v2\/posts"}],"about":[{"href":"https:\/\/www.europesays.com\/sk\/wp-json\/wp\/v2\/types\/post"}],"author":[{"embeddable":true,"href":"https:\/\/www.europesays.com\/sk\/wp-json\/wp\/v2\/users\/2"}],"replies":[{"embeddable":true,"href":"https:\/\/www.europesays.com\/sk\/wp-json\/wp\/v2\/comments?post=170585"}],"version-history":[{"count":0,"href":"https:\/\/www.europesays.com\/sk\/wp-json\/wp\/v2\/posts\/170585\/revisions"}],"wp:featuredmedia":[{"embeddable":true,"href":"https:\/\/www.europesays.com\/sk\/wp-json\/wp\/v2\/media\/170586"}],"wp:attachment":[{"href":"https:\/\/www.europesays.com\/sk\/wp-json\/wp\/v2\/media?parent=170585"}],"wp:term":[{"taxonomy":"category","embeddable":true,"href":"https:\/\/www.europesays.com\/sk\/wp-json\/wp\/v2\/categories?post=170585"},{"taxonomy":"post_tag","embeddable":true,"href":"https:\/\/www.europesays.com\/sk\/wp-json\/wp\/v2\/tags?post=170585"}],"curies":[{"name":"wp","href":"https:\/\/api.w.org\/{rel}","templated":true}]}}