{"id":170591,"date":"2026-09-04T15:53:13","date_gmt":"2026-09-04T15:53:13","guid":{"rendered":"https:\/\/www.europesays.com\/sk\/170591\/"},"modified":"2026-09-04T15:53:13","modified_gmt":"2026-09-04T15:53:13","slug":"kate-middleton-ma-v-satniku-2-najvacsie-trendy-sezony-takto-ich-mozete-nosit-aj-vy","status":"publish","type":"post","link":"https:\/\/www.europesays.com\/sk\/170591\/","title":{"rendered":"Kate Middleton m\u00e1 v \u0161atn\u00edku 2 najv\u00e4\u010d\u0161ie trendy sez\u00f3ny: Takto ich m\u00f4\u017eete nosi\u0165 aj vy"},"content":{"rendered":"<p class=\"joj-description-18 font-semibold\">M\u00f3dne trendy sa menia ka\u017ed\u00fa sez\u00f3nu, no Kate Middleton kv\u00f4li nim svoj \u0161atn\u00edk prekop\u00e1va\u0165 nemus\u00ed. Dva prvky, ktor\u00e9 sa teraz dost\u00e1vaj\u00fa do centra pozornosti, toti\u017e princezn\u00e1 z Walesu vyu\u017e\u00edva vo svojich outfitoch u\u017e roky. A oba sa daj\u00fa jednoducho prenies\u0165 aj do be\u017en\u00e9ho \u0161atn\u00edka.<\/p>\n<p data-start=\"376\" data-end=\"590\" class=\"PDq2pG_selectionAnchorContainer\">Niektor\u00e9 <a href=\"https:\/\/www.joj.sk\/clanok\/1234425-znama-herecka-ozivila-trend-ktory-sme-milovali-gladiatorky-su-spaet-a-takto-ich-noste-v-roku-2026\" target=\"_blank\" rel=\"nofollow noopener\">trendy<\/a> pr\u00eddu, na p\u00e1r mesiacov ovl\u00e1dnu obchody a potom po nich takmer niet stopy. In\u00e9 s\u00fa sk\u00f4r n\u00e1vratom k tomu, \u010do v m\u00f3de fungovalo cel\u00e9 roky. A pr\u00e1ve do druhej skupiny patria dva v\u00fdrazn\u00e9 prvky novej sez\u00f3ny.<\/p>\n<p data-start=\"592\" data-end=\"794\">Ke\u010f sa pozrieme na \u0161atn\u00edk <a href=\"https:\/\/www.instagram.com\/princeandprincessofwales\/\" target=\"_blank\" title=\"Instagram Kate Middleton\" rel=\"nofollow noopener\">Kate Middleton<\/a>, m\u00f4\u017eu n\u00e1m by\u0165 n\u00e1padne povedom\u00e9. V\u00fdrazn\u00e1 \u010derven\u00e1, prec\u00edzne strihy a jasne definovan\u00fd p\u00e1s patria medzi prvky, ku ktor\u00fdm sa princezn\u00e1 z Walesu opakovane vracia.<\/p>\n<p data-start=\"796\" data-end=\"1165\">Zauj\u00edmav\u00e9 je, \u017ee pr\u00e1ve podobn\u00fdm smerom sa teraz vyd\u00e1va aj m\u00f3da. <a data-start=\"860\" data-end=\"953\" rel=\"noopener nofollow\" target=\"_new\" class=\"decorated-link\" href=\"https:\/\/www.vogue.com\/article\/fall-winter-2026-fashion-trends?utm_source=chatgpt.com\">Vogue<\/a> medzi aktu\u00e1lnymi trendmi upozor\u0148uje na n\u00e1vrat sofistikovanej\u0161ieho power dressingu so soch\u00e1rskej\u0161\u00edmi sakami a tvarovan\u00fdm p\u00e1som. \u010cerven\u00e1 zase patr\u00ed medzi v\u00fdrazn\u00e9 farby sez\u00f3ny. <\/p>\n<p>\u010cerven\u00e1 nie je pre Kate Middleton \u017eiadnou novinkou<\/p>\n<p data-start=\"1222\" data-end=\"1407\">\u010cerven\u00e1 m\u00f4\u017ee na prv\u00fd poh\u013ead p\u00f4sobi\u0165 ako farba, ktor\u00fa si nech\u00e1vame na v\u00fdnimo\u010dn\u00e9 pr\u00edle\u017eitosti. <a href=\"https:\/\/www.joj.sk\/clanok\/1243627-kate-middleton-ma-jednoduchy-modny-trik-vdaka-ktoremu-vyzera-elegantne-aj-v-lezernom-obleceni\" target=\"_blank\" rel=\"nofollow noopener\">Kate Middleton<\/a> v\u0161ak ukazuje, \u017ee m\u00f4\u017ee pokojne fungova\u0165 aj ako z\u00e1klad elegantn\u00e9ho outfitu.<\/p>\n<p data-start=\"1409\" data-end=\"1746\">Dobr\u00fdm pr\u00edkladom je v\u00fdrazn\u00fd \u010derven\u00fd nohavicov\u00fd kost\u00fdm, ktor\u00fd si obliekla v janu\u00e1ri 2026 po\u010das stretnutia s v\u00ed\u0165azkami \u017eensk\u00e9ho Rugby World Cupu na Windsorskom hrade. Ne\u0161lo pritom o nov\u00fd k\u00fasok. Rovnak\u00fd kost\u00fdm Alexander McQueen mala na sebe u\u017e po\u010das korunova\u010dn\u00e9ho v\u00edkendu kr\u00e1\u013ea Karola III. v roku 2023. <\/p>\n<p data-start=\"1748\" data-end=\"2140\">A pr\u00e1ve \u010derven\u00e1 m\u00e1 po\u010das novej sez\u00f3ny siln\u00e9 postavenie. <a data-start=\"1804\" data-end=\"1888\" rel=\"noopener nofollow\" target=\"_new\" class=\"decorated-link\" href=\"https:\/\/www.vogue.com\/article\/fall-2026-color-trends?utm_source=chatgpt.com\">Vogue<\/a> ju zaradil medzi k\u013e\u00fa\u010dov\u00e9 farby a na prehliadkach sa objavila v podobe v\u00fdrazn\u00fdch celkov aj jednotliv\u00fdch k\u00faskov. Redaktori magaz\u00ednu z\u00e1rove\u0148 odpor\u00fa\u010daj\u00fa jednoduch\u0161\u00ed \u201epop of red\u201c \u2013 teda jedin\u00fd \u010derven\u00fd akcent v outfite.<\/p>\n<p>        <img decoding=\"async\" src=\"https:\/\/www.europesays.com\/sk\/wp-content\/uploads\/2026\/09\/1238ccc3-3f4a-4f4c-8cf0-b0bbacddeb00.png\" alt=\"\u010cerven\u00e1 farba na jese\u0148 - vizualiz\u00e1cia\" class=\"img-fluid lazyload rounded-[15px]\" draggable=\"false\" onerror=\"this.style.display='none';this.nextElementSibling.style.display='flex';\"\/><\/p>\n<p class=\"text desc\">\u010cerven\u00e1 farba na jese\u0148 &#8211; vizualiz\u00e1cia<\/p>\n<p class=\"text joj-description-12 flex items-center gap-[12px]\">\n          Zdroj fotky<\/p>\n<p>Open ai<\/p>\n<p>Nemus\u00edte sa obliec\u0165 do \u010dervenej od hlavy po p\u00e4ty<\/p>\n<p data-start=\"2196\" data-end=\"2260\">A tu sa d\u00e1 trend prenies\u0165 do re\u00e1lneho \u017eivota ove\u013ea jednoduch\u0161ie.<\/p>\n<p data-start=\"2262\" data-end=\"2481\">Ak v\u00e1m cel\u00fd \u010derven\u00fd kost\u00fdm pripad\u00e1 pr\u00edli\u0161 v\u00fdrazn\u00fd, sk\u00faste \u010derven\u00e9 sako k d\u017e\u00ednsom a bielemu tri\u010dku. K siv\u00fdm nohaviciam m\u00f4\u017ee fungova\u0165 \u010derven\u00fd sveter a k b\u00e9\u017eov\u00e9mu tren\u010dkotu zase kabelka alebo baler\u00edny v rovnakej farbe.<\/p>\n<p data-start=\"2483\" data-end=\"2636\">V\u00fdhodou je, \u017ee \u010derven\u00e1 dok\u00e1\u017ee prebudi\u0165 aj kombin\u00e1cie, ktor\u00e9 u\u017e pozn\u00e1te naspam\u00e4\u0165. Nemus\u00edte preto meni\u0165 cel\u00fd outfit \u2013 niekedy sta\u010d\u00ed jedin\u00fd farebn\u00fd bod.<\/p>\n<p data-start=\"2638\" data-end=\"2820\">A e\u0161te pred n\u00e1kupom sa oplat\u00ed pozrie\u0165 do vlastnej skrine. \u010cerven\u00e1 sa do m\u00f3dy pravidelne vracia, tak\u017ee kabelka, sveter \u010di sako z minul\u00fdch rokov m\u00f4\u017eu zrazu p\u00f4sobi\u0165 op\u00e4\u0165 ve\u013emi aktu\u00e1lne.<\/p>\n<p>Zv\u00fdraznen\u00fd p\u00e1s je pozn\u00e1vac\u00edm znamen\u00edm jej \u0161t\u00fdlu<\/p>\n<p data-start=\"2874\" data-end=\"2977\">Druh\u00fd trend je e\u0161te zauj\u00edmavej\u0161\u00ed, preto\u017ee ho na outfitoch <a href=\"https:\/\/www.joj.sk\/clanok\/1233568-kate-middleton-ohurila-svet-rafinovanym-modnym-kuskom-zeny-toto-musite-mat-v-satniku-aj-vy\" target=\"_blank\" rel=\"nofollow noopener\">Kate Middleton<\/a> m\u00f4\u017eeme sledova\u0165 opakovane.<\/p>\n<p data-start=\"2979\" data-end=\"3212\">Sak\u00e1, kab\u00e1ty a \u0161aty \u010dasto vyber\u00e1 tak, aby bola silueta v oblasti p\u00e1su jasne definovan\u00e1. Vrchn\u00e1 \u010das\u0165 pritom nemus\u00ed by\u0165 tesn\u00e1 \u2013 ramen\u00e1 m\u00f4\u017eu zosta\u0165 v\u00fdraznej\u0161ie a spodn\u00e1 \u010das\u0165 objemnej\u0161ia. Pr\u00e1ve kontrast medzi nimi vytv\u00e1ra \u017eensk\u00fa siluetu.<\/p>\n<p data-start=\"3214\" data-end=\"3289\">A podobn\u00e1 pr\u00e1ca s proporciami sa teraz objavuje aj na m\u00f3dnych prehliadkach.<\/p>\n<p data-start=\"3291\" data-end=\"3678\">Aktu\u00e1lny preh\u013ead <a data-start=\"3308\" data-end=\"3401\" rel=\"noopener nofollow\" target=\"_new\" class=\"decorated-link\" href=\"https:\/\/www.vogue.com\/article\/fall-winter-2026-fashion-trends?utm_source=chatgpt.com\">Vogue<\/a> opisuje n\u00e1vrat modernej\u0161ieho \u017eensk\u00e9ho kraj\u010d\u00edrstva, pri ktorom sa objavuj\u00fa tvarovan\u00e9 sak\u00e1, jemne klesaj\u00face l\u00ednie p\u00e1su a soch\u00e1rske siluety.<\/p>\n<p>Tento trik v\u00e1s pritom nemus\u00ed st\u00e1\u0165 ani euro<\/p>\n<p data-start=\"3727\" data-end=\"3806\">Najlep\u0161ie na tomto trende je, \u017ee kv\u00f4li nemu nemus\u00edte okam\u017eite h\u013eada\u0165 nov\u00e9 sako.<\/p>\n<p data-start=\"3808\" data-end=\"3944\">M\u00e1te doma oversized model? Sk\u00faste cez\u0148 zapn\u00fa\u0165 ten\u0161\u00ed opasok. Rovnak\u00fdm sp\u00f4sobom m\u00f4\u017eete prep\u00e1sa\u0165 kardig\u00e1n, tren\u010dkot alebo \u013eah\u0161iu bundu.<\/p>\n<p data-start=\"3946\" data-end=\"4156\">Ak si nov\u00fd k\u00fasok predsa len kupujete, namiesto ve\u013ekosti sledujte predov\u0161etk\u00fdm jeho kon\u0161trukciu. Sako nemus\u00ed by\u0165 obtiahnut\u00e9 na celom tele. Sta\u010d\u00ed, ke\u010f m\u00e1 trochu v\u00fdraznej\u0161ie ramen\u00e1 a smerom k p\u00e1su sa jemne zu\u017euje.<\/p>\n<p data-start=\"4158\" data-end=\"4227\">Pr\u00e1ve tak vznikne silueta bez toho, aby ste sa museli vzda\u0165 pohodlia.<\/p>\n<p>        <img decoding=\"async\" src=\"https:\/\/www.europesays.com\/sk\/wp-content\/uploads\/2026\/09\/766a0dbc-e19a-438c-8d40-019899daeb74.png\" alt=\"Jednoduch\u00fd trik, ako si zv\u00fdrazni\u0165 p\u00e1s\" class=\"img-fluid lazyload rounded-[15px]\" draggable=\"false\" onerror=\"this.style.display='none';this.nextElementSibling.style.display='flex';\"\/><\/p>\n<p class=\"text desc\">Jednoduch\u00fd trik, ako si zv\u00fdrazni\u0165 p\u00e1s<\/p>\n<p class=\"text joj-description-12 flex items-center gap-[12px]\">\n          Zdroj fotky<\/p>\n<p>Open ai<\/p>\n<p>Kate Middleton ukazuje e\u0161te jedno d\u00f4le\u017eit\u00e9 m\u00f3dne pravidlo<\/p>\n<p data-start=\"4291\" data-end=\"4382\">Mo\u017eno najzauj\u00edmavej\u0161ia lekcia v\u0161ak nespo\u010d\u00edva ani v \u010dervenej farbe, ani vo zv\u00fdraznenom p\u00e1se.<\/p>\n<p data-start=\"4384\" data-end=\"4453\">Dobr\u00fd osobn\u00fd \u0161t\u00fdl nemus\u00edte meni\u0165 zaka\u017ed\u00fdm, ke\u010f pr\u00edde nov\u00e1 sez\u00f3na.<\/p>\n<p data-start=\"4455\" data-end=\"4681\">Kate Middleton sa pravidelne vracia k oble\u010deniu, ktor\u00e9 u\u017e vlastn\u00ed.\u00a0Namiesto slep\u00e9ho nasledovania ka\u017edej novinky tak m\u00f4\u017ee by\u0165 ove\u013ea praktickej\u0161ie n\u00e1js\u0165 farby a siluety, ktor\u00e9 v\u00e1m funguj\u00fa, a postupne meni\u0165 iba sp\u00f4sob ich kombinovania.<\/p>\n<p data-start=\"4850\" data-end=\"4956\">A ke\u010f sa po nieko\u013ek\u00fdch rokoch vr\u00e1tia medzi najv\u00e4\u010d\u0161ie trendy? Mo\u017eno zist\u00edte, \u017ee ich u\u017e d\u00e1vno m\u00e1te doma.<\/p>\n<p><script async src=\"\/\/www.instagram.com\/embed.js\"><\/script><\/p>\n","protected":false},"excerpt":{"rendered":"M\u00f3dne trendy sa menia ka\u017ed\u00fa sez\u00f3nu, no Kate Middleton kv\u00f4li nim svoj \u0161atn\u00edk prekop\u00e1va\u0165 nemus\u00ed. Dva prvky, ktor\u00e9&hellip;\n","protected":false},"author":2,"featured_media":170592,"comment_status":"","ping_status":"","sticky":false,"template":"","format":"standard","meta":{"footnotes":"","_share_on_mastodon":"0"},"categories":[15],"tags":[1420,70,1424,73,1418,2380,1421,2050,174,1419,887,1423,994,1265,43,40,39,42,41,107,97,1012,1422,71,687],"class_list":["post-170591","post","type-post","status-publish","format-standard","has-post-thumbnail","category-zabava","tag-archiv","tag-entertainment","tag-epizody","tag-filmy","tag-joj","tag-kate-middleton","tag-live","tag-moda","tag-online","tag-plus","tag-program","tag-relacie","tag-rozhovory","tag-serialy","tag-sk","tag-slovak","tag-slovakia","tag-slovencina","tag-slovensko","tag-televizia","tag-tv","tag-video","tag-vysielanie","tag-zabava","tag-zakulisie"],"share_on_mastodon":{"url":"https:\/\/pubeurope.com\/@sk\/117213581291066547","error":""},"_links":{"self":[{"href":"https:\/\/www.europesays.com\/sk\/wp-json\/wp\/v2\/posts\/170591","targetHints":{"allow":["GET"]}}],"collection":[{"href":"https:\/\/www.europesays.com\/sk\/wp-json\/wp\/v2\/posts"}],"about":[{"href":"https:\/\/www.europesays.com\/sk\/wp-json\/wp\/v2\/types\/post"}],"author":[{"embeddable":true,"href":"https:\/\/www.europesays.com\/sk\/wp-json\/wp\/v2\/users\/2"}],"replies":[{"embeddable":true,"href":"https:\/\/www.europesays.com\/sk\/wp-json\/wp\/v2\/comments?post=170591"}],"version-history":[{"count":0,"href":"https:\/\/www.europesays.com\/sk\/wp-json\/wp\/v2\/posts\/170591\/revisions"}],"wp:featuredmedia":[{"embeddable":true,"href":"https:\/\/www.europesays.com\/sk\/wp-json\/wp\/v2\/media\/170592"}],"wp:attachment":[{"href":"https:\/\/www.europesays.com\/sk\/wp-json\/wp\/v2\/media?parent=170591"}],"wp:term":[{"taxonomy":"category","embeddable":true,"href":"https:\/\/www.europesays.com\/sk\/wp-json\/wp\/v2\/categories?post=170591"},{"taxonomy":"post_tag","embeddable":true,"href":"https:\/\/www.europesays.com\/sk\/wp-json\/wp\/v2\/tags?post=170591"}],"curies":[{"name":"wp","href":"https:\/\/api.w.org\/{rel}","templated":true}]}}