{"id":170599,"date":"2026-09-04T16:00:21","date_gmt":"2026-09-04T16:00:21","guid":{"rendered":"https:\/\/www.europesays.com\/sk\/170599\/"},"modified":"2026-09-04T16:00:21","modified_gmt":"2026-09-04T16:00:21","slug":"vychod-caka-uz-12-rocnik-podujatia-kosice-night-run-bezci-pojdu-po-obmenenej-trase-3","status":"publish","type":"post","link":"https:\/\/www.europesays.com\/sk\/170599\/","title":{"rendered":"V\u00fdchod \u010dak\u00e1 u\u017e 12. ro\u010dn\u00edk podujatia Ko\u0161ice Night Run, be\u017eci p\u00f4jdu po obmenenej trase"},"content":{"rendered":"<p>4.9.2026 (SITA.sk) &#8211; <\/p>\n<p>Metropolu v\u00fdchodu \u010dak\u00e1 v piatok 4. septembra u\u017e 12. ro\u010dn\u00edk no\u010dn\u00e9ho behu <a href=\"https:\/\/spravy.pozri.sk\/vyhladavanie\/kosice-night-run\" rel=\"nofollow noopener\" target=\"_blank\">Ko\u0161ice Night Run<\/a>. Ako informovali organiz\u00e1tori na soci\u00e1lnej sieti, tento rok \u010dak\u00e1 no\u010dn\u00fdch be\u017ecov aj mierne obmenen\u00e1 trasa.&#13;<\/p>\n<p>\u0160tart <\/p>\n<p>\u201eBe\u017eci od\u0161tartuj\u00fa pri Immaculate (Morov\u00fd st\u013ap) a pokra\u010duj\u00fa smerom k D\u00f3mu sv. Al\u017ebety, odtia\u013e po Al\u017ebetinej, Moyzesovej, potom sa vr\u00e1tia na Dominik\u00e1nske n\u00e1mestie, be\u017eia cez M\u00e4siarsku okolo sochy S\u00e1ndora M\u00e1raiho. Na Zbrojni\u010dnej odbo\u010dia k obchodn\u00e9mu domu Urban, potom smeruj\u00fa na Kas\u00e1rensk\u00e9 n\u00e1mestie, energiu im zaru\u010dene dod\u00e1 aj dobre ozvu\u010den\u00e1 Kov\u00e1\u010dska a Mlynsk\u00e1 ulica. Samozrejme, ch\u00fdba\u0165 nesmie Hrn\u010diarska, Vodn\u00e1 a Mestsk\u00fd park, z ktor\u00e9ho be\u017eci vybehn\u00fa op\u00e4\u0165 na Mlynsk\u00fa, Pu\u0161kinovu, Krmanovu, Orliu a potom sp\u00e4\u0165 cez Mlynsk\u00fa na Hlavn\u00fa k Immaculate,\u201d spresnili.<\/p>\n<p>Doplnili, \u017ee u\u017e tradi\u010dne nebud\u00fa po\u010das Ko\u0161ice Night Run ch\u00fdba\u0165 hudobn\u00e9 p\u00f3di\u00e1, d\u00edd\u017eeji \u010di \u017eiv\u00e1 hudba, ktor\u00e9 dotvoria atmosf\u00e9ru na trati. Mesto Ko\u0161ice na soci\u00e1lnej sieti upozornilo na <a href=\"https:\/\/spravy.pozri.sk\/vyhladavanie\/dopravne-obmedzenia\" rel=\"nofollow noopener\" target=\"_blank\">dopravn\u00e9 obmedzenia<\/a> s\u00favisiace s podujat\u00edm.&#13;<\/p>\n<p>Dopravn\u00e9 obmedzenia<\/p>\n<p>Pripomenulo, \u017ee be\u017eci sa po rokoch vr\u00e1tia na Al\u017ebetinu \u010di Moyzesovu ulicu, a tie\u017e na Dominik\u00e1nske n\u00e1mestie. Samospr\u00e1va spresnila, \u017ee doprava v centre mesta bude v piatok 4. septembra obmedzen\u00e1 od 18:00.<\/p>\n<p>\u201eOd 19:30 do 22:00 bude centrum pre dopravu \u00faplne uzavret\u00e9. Uz\u00e1vera sa dotkne M\u00e4siarskej, Al\u017ebetinej, Kov\u00e1\u010dskej, Pu\u0161kinovej a Zbrojni\u010dnej ulice, Dominik\u00e1nskeho n\u00e1mestia aj Kas\u00e1rensk\u00e9ho n\u00e1mestia,\u201d spresnilo mesto.<\/p>\n<p>Doplnilo, \u017ee Moyzesova ulica bude v \u00faseku od Al\u017ebetinej po Dominik\u00e1nske n\u00e1mestie uzavret\u00e1 iba \u010diasto\u010dne, prem\u00e1vka pri tom obmedzen\u00e1 nebude. Na obyvate\u013eov samospr\u00e1va apelovala, aby s do\u010dasn\u00fdmi zmenami po\u010d\u00edtali. <\/p>\n<p>        Viac k t\u00e9me:  <a href=\"https:\/\/spravy.pozri.sk\/vyhladavanie\/dopravne-obmedzenia\" style=\"text-decoration: underline\" rel=\"nofollow noopener\" target=\"_blank\">Dopravn\u00e9 obmedzenia<\/a>, <a href=\"https:\/\/spravy.pozri.sk\/vyhladavanie\/kosice-night-run\" style=\"text-decoration: underline\" rel=\"nofollow noopener\" target=\"_blank\">Ko\u0161ice Night Run<\/a><br \/>Zdroj: SITA.sk &#8211; <a href=\"https:\/\/sita.sk\/vychod-caka-uz-12-rocnik-podujatia-kosice-night-run-bezci-pojdu-po-obmenenej-trase\" style=\"text-decoration: underline\" id=\"scid-950100\" rel=\"nofollow noopener\" target=\"_blank\">V\u00fdchod \u010dak\u00e1 u\u017e 12. ro\u010dn\u00edk podujatia Ko\u0161ice Night Run, be\u017eci p\u00f4jdu po obmenenej trase<\/a> \u00a9 SITA V\u0161etky pr\u00e1va vyhraden\u00e9.        <\/p>\n<p> Zdroj <a href=\"https:\/\/sita.sk\/vychod-caka-uz-12-rocnik-podujatia-kosice-night-run-bezci-pojdu-po-obmenenej-trase\" rel=\"nofollow noopener\" target=\"_blank\">SITA.sk&lt;&#8220; style=&#8220;color:#747474&#8243;&gt;WebNoviny.sk<\/a> \u00a9 SITA V\u0161etky pr\u00e1va vyhraden\u00e9 <\/p>\n<p>Ministerstvo vn\u00fatra chce v Bratislave s\u00eddli\u0165 v \u0161tyroch budov\u00e1ch, invest\u00edcia m\u00e1 st\u00e1\u0165 85 mili\u00f3nov eur<img decoding=\"async\" width=\"100%\" src=\"https:\/\/www.europesays.com\/sk\/wp-content\/uploads\/2026\/09\/2488513.jpg\" alt=\"ministerstvo vnutra chce v bratislave sidlit v styroch budovach investicia ma stat 85 milionov eur\"\/><\/p>\n<p>4.9.2026 (SITA.sk) &#8211; <a href=\"https:\/\/spravy.pozri.sk\/vyhladavanie\/ministerstvo-vnutra-sr\" rel=\"nofollow noopener\" target=\"_blank\">Ministerstvo vn\u00fatra<\/a> chce v r\u00e1mci optimaliz\u00e1cie svojho fungovania v bud\u00facnosti s\u00eddli\u0165 v Bratislave v \u0161tyroch budov\u00e1ch. Ako \u010falej na piatkovej tla\u010dovej konferencii povedal \u0161\u00e9f rezortu <a href=\"https:\/\/spravy.pozri.sk\/vyhladavanie\/matus-sutaj-estok\" rel=\"nofollow noopener\" target=\"_blank\">Mat\u00fa\u0161 \u0160utaj E\u0161tok<\/a>, ministerstvo chce zrekon\u0161truova\u0165 historick\u00fa budovu na Pribinovej ulici a ved\u013ea nej postavi\u0165 nov\u00fa budovu.&#13;<\/p>\n<p>V jednom are\u00e1li by tak pracovalo vy\u0161e 1 000 zamestnancov rezortu. Z\u00e1rove\u0148 chce ministerstvo z\u00edska\u0165 do vlastn\u00edctva budovu na \u0160tef\u00e1nikovej ulici, kde je dnes v n\u00e1jme.&#13;<\/p>\n<p>\u201eChceme nepotrebn\u00e9 budovy a pozemky preda\u0165 alebo efekt\u00edvne zameni\u0165,\u201c zd\u00f4raznil minister s t\u00fdm, \u017ee celkovo rezort uvo\u013en\u00ed 14 nehnute\u013enost\u00ed vr\u00e1tane dvoch prenajat\u00fdch priestorov. Ministerstvo chce tie\u017e pod\u013ea \u0160utaja E\u0161toka zefekt\u00edvni\u0165 n\u00e1jmy, aby mohlo za\u010da\u0165 s rekon\u0161trukciou a predajom budov a zamestnancov niekde do\u010dasne umiestni\u0165. N\u00e1jom by v\u0161ak pod\u013ea ministra mal by\u0165 efekt\u00edvny a hospod\u00e1rny.&#13;<\/p>\n<p>Optimaliz\u00e1cia bude ma\u0165 pod\u013ea ministra nulov\u00fd vplyv na \u0161t\u00e1tny rozpo\u010det. Financovan\u00e1 bude toti\u017e z v\u00fdnosu z predaja nehnute\u013enost\u00ed. \u201eZnaleck\u00e9 posudky odhaduj\u00fa ich hodnotu pribli\u017ene na \u00farovni 65 mili\u00f3nov eur,\u201c povedal \u0160utaj E\u0161tok. Doplnil, \u017ee zo \u0161t\u00e1tneho rozpo\u010dtu si na projekt nep\u00fdta ani euro navy\u0161e. \u201eD\u00e1vame tak jasn\u00fd z\u00e1v\u00e4zok, \u017ee pok\u00fdm nebude jednozna\u010dn\u00e9 finan\u010dn\u00e9 krytie z predaja, tak sa ak\u00e9ko\u013evek zmluvy nepodp\u00ed\u0161u,\u201c vyhl\u00e1sil minister vn\u00fatra.&#13;<\/p>\n<p>N\u00e1klady na projekt<\/p>\n<p>Celkov\u00e9 n\u00e1klady na projekt boli pod\u013ea \u0160utaja E\u0161toka vy\u010d\u00edslen\u00e9 na 85 mili\u00f3nov eur, rezort v\u0161ak po\u010d\u00edta s ni\u017e\u0161ou sumou. \u201eIde o predbe\u017en\u00fd odhad,\u201c doplnil s t\u00fdm, \u017ee 30 mili\u00f3nov eur by mala st\u00e1\u0165 rekon\u0161trukcia historickej budovy a 40 mili\u00f3nov nov\u00e1 budova s podzemn\u00fdmi gar\u00e1\u017eami a krytom civilnej ochrany.&#13;<\/p>\n<p>Vl\u00e1da koncom augusta schv\u00e1lila \u201eZ\u00e1mer optimaliz\u00e1cie priestorov\u00e9ho zabezpe\u010denia administrat\u00edvnych kapac\u00edt rezortu vn\u00fatra v Bratislave\u201c, ktor\u00e9ho cie\u013eom je modernizova\u0165 a zefekt\u00edvni\u0165 administrat\u00edvne z\u00e1zemie Ministerstva vn\u00fatra SR. Ako rezort v tejto s\u00favislosti ozrejmil, z\u00e1mer po\u010d\u00edta so s\u00fastreden\u00edm zna\u010dnej \u010dasti zamestnancov rezortu do modern\u00fdch administrat\u00edvnych priestorov, zn\u00ed\u017een\u00edm po\u010dtu vyu\u017e\u00edvan\u00fdch budov a z\u00e1rove\u0148 zn\u00ed\u017een\u00edm prev\u00e1dzkov\u00fdch n\u00e1kladov. Tento cie\u013e sa m\u00e1 dosiahnu\u0165 rekon\u0161trukciou existuj\u00facej budovy s\u00eddla ministerstva vn\u00fatra na Pribinovej ulici a v\u00fdstavbou novej modernej administrat\u00edvnej budovy v jej are\u00e1li. Po ukon\u010den\u00ed realiz\u00e1cie projektu by administrat\u00edvne centrum na Pribinovej ulici mohlo disponova\u0165 kapacitou 1 018 a\u017e 1 350 zamestnancov ministerstva, \u010do predstavuje viac ako polovicu aktu\u00e1lneho administrat\u00edvneho apar\u00e1tu rezortu.&#13;<\/p>\n<p>Financovanie projektu<\/p>\n<p>Projekt m\u00e1 by\u0165 financovan\u00fd z predaja prebyto\u010dn\u00e9ho majetku. Celkov\u00e9 predpokladan\u00e9 n\u00e1klady na realiz\u00e1ciu administrat\u00edvneho centra predstavuj\u00fa 85,3 mili\u00f3na eur. Pr\u00edpadn\u00fd rozdiel medzi v\u00fdnosmi z predaja a celkov\u00fdmi investi\u010dn\u00fdmi n\u00e1kladmi bude dofinancovan\u00fd zo zdrojov <a href=\"https:\/\/spravy.pozri.sk\/vyhladavanie\/eu\" rel=\"nofollow noopener\" target=\"_blank\">Eur\u00f3pskej \u00fanie<\/a>.&#13;<\/p>\n<p>V s\u00fa\u010dasnosti s\u00fa zamestnanci Ministerstva vn\u00fatra SR v Bratislave rozpt\u00fdlen\u00ed vo viac ako 10 budov\u00e1ch. Viacer\u00e9 z nich s\u00fa pod\u013ea rezortu v technicky nevyhovuj\u00facom stave a nezodpovedaj\u00fa s\u00fa\u010dasn\u00fdm po\u017eiadavk\u00e1m na energetick\u00fa hospod\u00e1rnos\u0165 a modern\u00e9 administrat\u00edvne priestory. &#13;<\/p>\n","protected":false},"excerpt":{"rendered":"4.9.2026 (SITA.sk) &#8211; Metropolu v\u00fdchodu \u010dak\u00e1 v piatok 4. septembra u\u017e 12. ro\u010dn\u00edk no\u010dn\u00e9ho behu Ko\u0161ice Night Run.&hellip;\n","protected":false},"author":2,"featured_media":170600,"comment_status":"","ping_status":"","sticky":false,"template":"","format":"standard","meta":{"footnotes":"","_share_on_mastodon":"0"},"categories":[22],"tags":[1163,1169,66,635,137,1165,142,43,40,39,42,41,1167,343,36,1164,1166,1168,48250],"class_list":["post-170599","post","type-post","status-publish","format-standard","has-post-thumbnail","category-kosice","tag-aktualne-spravy","tag-auto-moto","tag-ekonomika","tag-financie","tag-kosice","tag-najnovsie-spravy","tag-politika","tag-sk","tag-slovak","tag-slovakia","tag-slovencina","tag-slovensko","tag-soubiznis","tag-spravodajstvo","tag-spravy","tag-spravy-dnes","tag-spravy-zo-sveta","tag-technika","tag-vychod-caka-uz"],"share_on_mastodon":{"url":"https:\/\/pubeurope.com\/@sk\/117213608705731010","error":""},"_links":{"self":[{"href":"https:\/\/www.europesays.com\/sk\/wp-json\/wp\/v2\/posts\/170599","targetHints":{"allow":["GET"]}}],"collection":[{"href":"https:\/\/www.europesays.com\/sk\/wp-json\/wp\/v2\/posts"}],"about":[{"href":"https:\/\/www.europesays.com\/sk\/wp-json\/wp\/v2\/types\/post"}],"author":[{"embeddable":true,"href":"https:\/\/www.europesays.com\/sk\/wp-json\/wp\/v2\/users\/2"}],"replies":[{"embeddable":true,"href":"https:\/\/www.europesays.com\/sk\/wp-json\/wp\/v2\/comments?post=170599"}],"version-history":[{"count":0,"href":"https:\/\/www.europesays.com\/sk\/wp-json\/wp\/v2\/posts\/170599\/revisions"}],"wp:featuredmedia":[{"embeddable":true,"href":"https:\/\/www.europesays.com\/sk\/wp-json\/wp\/v2\/media\/170600"}],"wp:attachment":[{"href":"https:\/\/www.europesays.com\/sk\/wp-json\/wp\/v2\/media?parent=170599"}],"wp:term":[{"taxonomy":"category","embeddable":true,"href":"https:\/\/www.europesays.com\/sk\/wp-json\/wp\/v2\/categories?post=170599"},{"taxonomy":"post_tag","embeddable":true,"href":"https:\/\/www.europesays.com\/sk\/wp-json\/wp\/v2\/tags?post=170599"}],"curies":[{"name":"wp","href":"https:\/\/api.w.org\/{rel}","templated":true}]}}