{"id":170619,"date":"2026-09-04T16:39:11","date_gmt":"2026-09-04T16:39:11","guid":{"rendered":"https:\/\/www.europesays.com\/sk\/170619\/"},"modified":"2026-09-04T16:39:11","modified_gmt":"2026-09-04T16:39:11","slug":"policia-chcela-zachranovat-zranenu-srnu-namiesto-toho-ich-cakala-drevena-maketa","status":"publish","type":"post","link":"https:\/\/www.europesays.com\/sk\/170619\/","title":{"rendered":"Pol\u00edcia chcela zachra\u0148ova\u0165 zranen\u00fa srnu, namiesto toho ich \u010dakala dreven\u00e1 maketa"},"content":{"rendered":"<p>Toto &#8222;zviera&#8220; rozhodne pomoc nepotrebovalo.\t\t\t\t\t\t(Zdroj: Gemini, M\u011bstsk\u00e1 policie Kladno)\t\t\t\t\t<\/p>\n<p>KLADNO \u2013 V\u00fdjazd, ktor\u00fd mal pom\u00f4c\u0165 zranen\u00e9mu zviera\u0165u, sa napokon skon\u010dil \u00fasmevnou pointou. Mu\u017e upozornil mestsk\u00fdch policajtov na srnu, ktor\u00e1 sa pod\u013ea neho takmer hodinu neh\u00fdbala. Ke\u010f v\u0161ak str\u00e1\u017enici dorazili na miesto, zistili, \u017ee zviera potrebova\u0165 pomoc rozhodne nebude.<\/p>\n<p>Na linku mestskej pol\u00edcie v Kladne sa v utorok ve\u010der kr\u00e1tko pred pol jeden\u00e1stou obr\u00e1til mu\u017e s nezvy\u010dajn\u00fdm ozn\u00e1men\u00edm. V okol\u00ed kri\u017eovatky ul\u00edc Litevsk\u00e1 a Ba\u017eantnice si v\u0161imol zranen\u00fa srnu a po\u017eiadal o pomoc.<\/p>\n<p>Str\u00e1\u017enici preto vyrazili na miesto a najsk\u00f4r kontaktovali oznamovate\u013ea. Ten mal o osud zviera\u0165a v\u00e1\u017ene obavy. Srnu pod\u013ea svojich slov sledoval takmer hodinu, no po\u010das cel\u00e9ho \u010dasu sa ani nepohla.\u00a0&#8222;O \u017eivot zviera\u0165a mal obavy \u2013 srnu vraj pozoroval takmer hodinu a neh\u00fdbala sa,&#8220;\u00a0uviedli str\u00e1\u017enici.<\/p>\n<p>U\u017e chceli vola\u0165 aj po\u013eovn\u00edka<\/p>\n<p>Hliadka sa n\u00e1sledne vydala situ\u00e1ciu preveri\u0165. Bola pripraven\u00e1 v pr\u00edpade potreby privola\u0165 aj po\u013eovn\u00edka, ktor\u00fd by sa o zranen\u00e9 zviera postaral. Na okraji lesn\u00e9ho porastu ich v\u0161ak \u010dakalo prekvapenie.<\/p>\n<p>Namiesto vystra\u0161enej alebo zranenej srny tam toti\u017e na\u0161li dreven\u00fa z\u00e1hradn\u00fa dekor\u00e1ciu v tvare srny. Toto &#8222;zviera&#8220; teda bolo po cel\u00fd \u010das v bezpe\u010d\u00ed \u2013 a dokonca sa ani nemohlo pohn\u00fa\u0165.<\/p>\n<p>\t<a href=\"https:\/\/www.topky.sk\/gl\/9603659\/6583545\/Policia-sa-prehnala-UPLNE-zbytocne--Vodic-im-nahlasil-zranenu-srnu--NEUVERITE--co-nakoniec-nasli\" rel=\"nofollow noopener\" target=\"_blank\"><br \/>\n\t\t<img decoding=\"async\" alt=\"Pol\u00edcia sa prehnala \u00daPLNE\" aria-describedby=\"img-res-6583545\" class=\"\" height=\"1200\" id=\"6583545\" loading=\"lazy\" onerror=\"imgArticleLoadErr(this)\" src=\"https:\/\/www.europesays.com\/sk\/wp-content\/uploads\/2026\/09\/dekoracia-maketa-drevena-srna.jpg\" style=\"aspect-ratio:1.333\" title=\"Pol\u00edcia sa prehnala \u00daPLNE\" width=\"1600\"\/>\t\t\t<\/p>\n<p>\n\t\t\t\tZobrazi\u0165 gal\u00e9riu (2)\t\t\t<\/p>\n<p>\t<\/a><\/p>\n<p>\t\u00a0(Zdroj: M\u011bstsk\u00e1 policie Kladno)<\/p>\n","protected":false},"excerpt":{"rendered":"Toto &#8222;zviera&#8220; rozhodne pomoc nepotrebovalo. (Zdroj: Gemini, M\u011bstsk\u00e1 policie Kladno) KLADNO \u2013 V\u00fdjazd, ktor\u00fd mal pom\u00f4c\u0165 zranen\u00e9mu zviera\u0165u,&hellip;\n","protected":false},"author":2,"featured_media":170620,"comment_status":"","ping_status":"","sticky":false,"template":"","format":"standard","meta":{"footnotes":"","_share_on_mastodon":"0"},"categories":[8],"tags":[48252,48254,44760,2588,4326,33,43,40,42,36,45815,50,8545,49,48,48253],"class_list":["post-170619","post","type-post","status-publish","format-standard","has-post-thumbnail","category-svet","tag-dekoracia","tag-drevena-maketa","tag-kladno","tag-maketa","tag-muz","tag-news","tag-sk","tag-slovak","tag-slovencina","tag-spravy","tag-srna","tag-svet","tag-vodic","tag-world","tag-world-news","tag-zranena-srna"],"share_on_mastodon":{"url":"https:\/\/pubeurope.com\/@sk\/117213762135321846","error":""},"_links":{"self":[{"href":"https:\/\/www.europesays.com\/sk\/wp-json\/wp\/v2\/posts\/170619","targetHints":{"allow":["GET"]}}],"collection":[{"href":"https:\/\/www.europesays.com\/sk\/wp-json\/wp\/v2\/posts"}],"about":[{"href":"https:\/\/www.europesays.com\/sk\/wp-json\/wp\/v2\/types\/post"}],"author":[{"embeddable":true,"href":"https:\/\/www.europesays.com\/sk\/wp-json\/wp\/v2\/users\/2"}],"replies":[{"embeddable":true,"href":"https:\/\/www.europesays.com\/sk\/wp-json\/wp\/v2\/comments?post=170619"}],"version-history":[{"count":0,"href":"https:\/\/www.europesays.com\/sk\/wp-json\/wp\/v2\/posts\/170619\/revisions"}],"wp:featuredmedia":[{"embeddable":true,"href":"https:\/\/www.europesays.com\/sk\/wp-json\/wp\/v2\/media\/170620"}],"wp:attachment":[{"href":"https:\/\/www.europesays.com\/sk\/wp-json\/wp\/v2\/media?parent=170619"}],"wp:term":[{"taxonomy":"category","embeddable":true,"href":"https:\/\/www.europesays.com\/sk\/wp-json\/wp\/v2\/categories?post=170619"},{"taxonomy":"post_tag","embeddable":true,"href":"https:\/\/www.europesays.com\/sk\/wp-json\/wp\/v2\/tags?post=170619"}],"curies":[{"name":"wp","href":"https:\/\/api.w.org\/{rel}","templated":true}]}}