{"id":170625,"date":"2026-09-04T16:51:15","date_gmt":"2026-09-04T16:51:15","guid":{"rendered":"https:\/\/www.europesays.com\/sk\/170625\/"},"modified":"2026-09-04T16:51:15","modified_gmt":"2026-09-04T16:51:15","slug":"rimavsku-sobotu-caka-velka-odstavka-elektriny","status":"publish","type":"post","link":"https:\/\/www.europesays.com\/sk\/170625\/","title":{"rendered":"Rimavsk\u00fa Sobotu \u010dak\u00e1 ve\u013ek\u00e1 odst\u00e1vka elektriny."},"content":{"rendered":"<p><img decoding=\"async\" loading=\"lazy\" width=\"1024\" height=\"640\" src=\"https:\/\/www.europesays.com\/sk\/wp-content\/uploads\/2026\/09\/verejne-osvetlenie-klenovec-4-edited.jpg\" alt=\"\" class=\"wp-image-338206\"  \/><\/p>\n<p>Obyvatelia viacer\u00fdch \u010dast\u00ed Rimavskej Soboty by sa mali pripravi\u0165 na rozsiahlej\u0161iu odst\u00e1vku elektriny. V pondelok 7. septembra bude dod\u00e1vka preru\u0161en\u00e1 od r\u00e1na a\u017e do popoludnia. Dotkne sa obytn\u00fdch ul\u00edc, Mestskej z\u00e1hrady aj lokality \u0161portov\u00edsk.<\/p>\n<p>RIMAVSK\u00c1 SOBOTA &#8211; Bez elektriny zostane v pondelok 7. septembra ve\u013ek\u00e9 mno\u017estvo odbern\u00fdch miest v Rimavskej Sobote. Stredoslovensk\u00e1 distribu\u010dn\u00e1 napl\u00e1novala odst\u00e1vku od 7.30 do 16.30 hod., obyvatelia dotknut\u00fdch lokal\u00edt tak musia po\u010d\u00edta\u0165 a\u017e s dev\u00e4\u0165hodinov\u00fdm preru\u0161en\u00edm distrib\u00facie. D\u00f4vodom s\u00fa pl\u00e1novan\u00e9 pr\u00e1ce na zariadeniach distribu\u010dnej s\u00fastavy. <\/p>\n<p>\u010cl\u00e1nok pokra\u010duje pod reklamou<\/p>\n<p>&#13;<br \/>\n<br \/>Odst\u00e1vka zasiahne viacero \u010dast\u00ed mesta<\/p>\n<p>Zoznam dotknut\u00fdch odbern\u00fdch miest je rozsiahly. Elektrina bude preru\u0161en\u00e1 na Cukrovarskej, \u010ceskej, Dr. V. Clementisa, Kirejevskej, Kol\u00ednskej, L. Novomesk\u00e9ho, P. Dob\u0161insk\u00e9ho, S. Koll\u00e1ra, Sedliackej, \u0160portovej a Toma\u0161ovskej ulici. Odst\u00e1vka sa t\u00fdka aj Mestskej z\u00e1hrady, lokality \u0161tadi\u00f3na a gar\u00e1\u017e\u00ed na \u0160portovej ulici.<\/p>\n<p>Na viacer\u00fdch uliciach pritom nejde iba o jeden \u010di dva domy. Na \u010ceskej ulici s\u00fa v zozname \u010d\u00edsla 18, 20, 22, 24, 26, 28, 30 a 407. Na Kol\u00ednskej ide o \u010d\u00edsla 1 a\u017e 10 a na Toma\u0161ovskej o \u010d\u00edsla 2, 4, 6, 8, 10, 12, 14, 16 a 18.<\/p>\n<p>V\u00fdraznej\u0161ie sa odst\u00e1vka dotkne aj Kirejevskej ulice, kde je v zozname ve\u013ek\u00e9 mno\u017estvo odbern\u00fdch miest. Podobne je to na uliciach Dr. V. Clementisa, L. Novomesk\u00e9ho, S. Koll\u00e1ra \u010di Sedliackej. Na \u0160portovej ulici s\u00fa medzi dotknut\u00fdmi miestami \u010d\u00edsla 1, 8, 1012, 2737, 4064 a 4131 a tie\u017e desiatky gar\u00e1\u017e\u00ed.<\/p>\n<p>Na dev\u00e4\u0165hodinov\u00fa odst\u00e1vku sa oplat\u00ed pripravi\u0165<\/p>\n<p>Dev\u00e4\u0165 hod\u00edn bez elektriny u\u017e m\u00f4\u017ee ovplyvni\u0165 be\u017en\u00e9 fungovanie dom\u00e1cnosti. E\u0161te pred odst\u00e1vkou je preto dobr\u00e9 nabi\u0165 mobiln\u00e9 telef\u00f3ny, powerbanky, notebooky \u010di \u010fal\u0161ie zariadenia, ktor\u00e9 budete po\u010das d\u0148a potrebova\u0165. Ak pou\u017e\u00edvate elektrick\u00fa gar\u00e1\u017eov\u00fa br\u00e1nu alebo vstupn\u00fa br\u00e1nu, overte si aj mo\u017enos\u0165 jej manu\u00e1lneho otvorenia.<\/p>\n<p>Po\u010das odst\u00e1vky je vhodn\u00e9 zbyto\u010dne neotv\u00e1ra\u0165 chladni\u010dku a mrazni\u010dku, aby si \u010do najdlh\u0161ie udr\u017eali n\u00edzku teplotu. Citlivej\u0161iu elektroniku mo\u017eno pred za\u010diatkom pl\u00e1novan\u00e9ho preru\u0161enia odpoji\u0165 zo z\u00e1suvky.<\/p>\n<p>Pozornos\u0165 venujte aj star\u0161\u00edm pr\u00edbuzn\u00fdm \u010di susedom, ktor\u00ed \u017eij\u00fa sami. Nie ka\u017ed\u00fd senior sleduje internet alebo soci\u00e1lne siete, preto im inform\u00e1ciu o pondelkovej odst\u00e1vke rad\u0161ej povedzte osobne alebo telefonicky. Pom\u00f4c\u0165 m\u00f4\u017eete aj s nabit\u00edm telef\u00f3nu a skontrolova\u0165, \u010di po\u010das d\u0148a nebud\u00fa potrebova\u0165 zariadenie z\u00e1visl\u00e9 od elektrick\u00e9ho nap\u00e1jania.<\/p>\n<p>\u010cl\u00e1nok pokra\u010duje pod reklamou<\/p>\n<p>&#13;<\/p>\n<p>Osobitne by si mali odst\u00e1vku vopred preveri\u0165 \u013eudia, ktor\u00ed doma pou\u017e\u00edvaj\u00fa zdravotn\u00edcku pom\u00f4cku alebo pr\u00edstroj vy\u017eaduj\u00faci elektrick\u00e9 nap\u00e1janie. V takom pr\u00edpade je d\u00f4le\u017eit\u00e9 riadi\u0165 sa pokynmi v\u00fdrobcu alebo zdravotn\u00edckeho pracovn\u00edka a ma\u0165 vopred pripraven\u00e9 bezpe\u010dn\u00e9 rie\u0161enie pre pr\u00edpad preru\u0161enia nap\u00e1jania.<\/p>\n<p>Obyvatelia bytov\u00fdch domov by mali po\u010d\u00edta\u0165 aj s t\u00fdm, \u017ee odst\u00e1vka m\u00f4\u017ee ovplyvni\u0165 zariadenia a spolo\u010dn\u00e9 technol\u00f3gie domu, ktor\u00e9 elektrinu potrebuj\u00fa. Konkr\u00e9tny rozsah z\u00e1vis\u00ed od vybavenia jednotliv\u00fdch budov.<\/p>\n<p>Distribu\u010dn\u00e1 spolo\u010dnos\u0165 v ozn\u00e1men\u00ed z\u00e1rove\u0148 uv\u00e1dza, \u017ee pri preru\u0161en\u00ed distrib\u00facie v d\u00f4sledku pl\u00e1novan\u00fdch pr\u00e1c odberate\u013eom nevznik\u00e1 n\u00e1rok na n\u00e1hradu \u0161kody sp\u00f4sobenej takouto odst\u00e1vkou.<\/p>\n<p>Odst\u00e1vka je napl\u00e1novan\u00e1 na pondelok 7. septembra od 7.30 do 16.30 hod. Ak v niektorej z dotknut\u00fdch lokal\u00edt b\u00fdvaj\u00fa va\u0161i rodi\u010dia, star\u00ed rodi\u010dia \u010di osamel\u00ed seniori, inform\u00e1ciu im rad\u0161ej posu\u0148te.<\/p>\n<p><a href=\"https:\/\/www.rimava.sk\/wp-content\/uploads\/2026\/09\/oznam-03.jpg\" rel=\"nofollow noopener\" target=\"_blank\"><img decoding=\"async\" loading=\"lazy\" width=\"791\" height=\"1024\" data-id=\"338208\" src=\"https:\/\/www.europesays.com\/sk\/wp-content\/uploads\/2026\/09\/oznam-03-791x1024.jpg\" alt=\"\" class=\"wp-image-338208\"  \/><\/a><\/p>\n<p><a href=\"https:\/\/www.rimava.sk\/wp-content\/uploads\/2026\/09\/oznam-04.jpg\" rel=\"nofollow noopener\" target=\"_blank\"><img decoding=\"async\" loading=\"lazy\" width=\"791\" height=\"1024\" data-id=\"338210\" src=\"https:\/\/www.europesays.com\/sk\/wp-content\/uploads\/2026\/09\/oznam-04-791x1024.jpg\" alt=\"\" class=\"wp-image-338210\"  \/><\/a><\/p>\n<p><a href=\"https:\/\/www.rimava.sk\/wp-content\/uploads\/2026\/09\/oznam-05.jpg\" rel=\"nofollow noopener\" target=\"_blank\"><img decoding=\"async\" loading=\"lazy\" width=\"791\" height=\"1024\" data-id=\"338213\" src=\"https:\/\/www.europesays.com\/sk\/wp-content\/uploads\/2026\/09\/oznam-05-791x1024.jpg\" alt=\"\" class=\"wp-image-338213\"  \/><\/a><\/p>\n<p><a href=\"https:\/\/www.rimava.sk\/wp-content\/uploads\/2026\/09\/oznam-06.jpg\" rel=\"nofollow noopener\" target=\"_blank\"><img decoding=\"async\" loading=\"lazy\" width=\"791\" height=\"1024\" data-id=\"338211\" src=\"https:\/\/www.europesays.com\/sk\/wp-content\/uploads\/2026\/09\/oznam-06-791x1024.jpg\" alt=\"\" class=\"wp-image-338211\"  \/><\/a><\/p>\n<p><a href=\"https:\/\/www.rimava.sk\/wp-content\/uploads\/2026\/09\/oznam-07.jpg\" rel=\"nofollow noopener\" target=\"_blank\"><img decoding=\"async\" loading=\"lazy\" width=\"791\" height=\"1024\" data-id=\"338212\" src=\"https:\/\/www.europesays.com\/sk\/wp-content\/uploads\/2026\/09\/oznam-07-791x1024.jpg\" alt=\"\" class=\"wp-image-338212\"  \/><\/a><\/p>\n<p><a href=\"https:\/\/www.rimava.sk\/wp-content\/uploads\/2026\/09\/oznam-08.jpg\" rel=\"nofollow noopener\" target=\"_blank\"><img decoding=\"async\" loading=\"lazy\" width=\"791\" height=\"1024\" data-id=\"338215\" src=\"https:\/\/www.europesays.com\/sk\/wp-content\/uploads\/2026\/09\/oznam-08-791x1024.jpg\" alt=\"\" class=\"wp-image-338215\"  \/><\/a><\/p>\n<p><a href=\"https:\/\/www.rimava.sk\/wp-content\/uploads\/2026\/09\/oznam-09.jpg\" rel=\"nofollow noopener\" target=\"_blank\"><img decoding=\"async\" loading=\"lazy\" width=\"791\" height=\"1024\" data-id=\"338214\" src=\"https:\/\/www.europesays.com\/sk\/wp-content\/uploads\/2026\/09\/oznam-09-791x1024.jpg\" alt=\"\" class=\"wp-image-338214\"  \/><\/a><\/p>\n<p><a href=\"https:\/\/www.rimava.sk\/wp-content\/uploads\/2026\/09\/oznam-10.jpg\" rel=\"nofollow noopener\" target=\"_blank\"><img decoding=\"async\" loading=\"lazy\" width=\"791\" height=\"1024\" data-id=\"338209\" src=\"https:\/\/www.europesays.com\/sk\/wp-content\/uploads\/2026\/09\/oznam-10-791x1024.jpg\" alt=\"\" class=\"wp-image-338209\"  \/><\/a><\/p>\n<p>Zdroj: Oznamy mesto Rimavsk\u00e1 Sobota<\/p>\n<p>Mohlo by v\u00e1s zauj\u00edma\u0165: <a href=\"https:\/\/www.rimava.sk\/publicistika\/pred-billou-uz-stoja-rampy-kedy-ich-spustia%ef%bf%bc\/\" target=\"_blank\" rel=\"noopener nofollow\" title=\"AKTUALIZOVAN\u00c9: Rampy pred Billou za\u010dali demontova\u0165\">AKTUALIZOVAN\u00c9: Rampy pred Billou za\u010dali demontova\u0165<\/a><\/p>\n<p>Pre\u010d\u00edtajte si tie\u017e: <a href=\"https:\/\/novohradske.sk\/potrebujete-si-overit-podpis-od-1-septembra-platia-nove-pravidla\/\" target=\"_blank\" rel=\"noopener nofollow\" title=\"Potrebujete si overi\u0165 podpis? Od 1. septembra platia nov\u00e9 pravidl\u00e1\">Potrebujete si overi\u0165 podpis? Od 1. septembra platia nov\u00e9 pravidl\u00e1<\/a><\/p>\n<p class=\"has-text-align-center has-white-color has-vivid-cyan-blue-background-color has-text-color has-background\">NENECHAJTE SI UJS\u0164<\/p>\n","protected":false},"excerpt":{"rendered":"Obyvatelia viacer\u00fdch \u010dast\u00ed Rimavskej Soboty by sa mali pripravi\u0165 na rozsiahlej\u0161iu odst\u00e1vku elektriny. V pondelok 7. septembra bude&hellip;\n","protected":false},"author":2,"featured_media":170626,"comment_status":"","ping_status":"","sticky":false,"template":"","format":"standard","meta":{"footnotes":"","_share_on_mastodon":"0"},"categories":[11],"tags":[64,65,66,43,40,39,42,41],"class_list":["post-170625","post","type-post","status-publish","format-standard","has-post-thumbnail","category-ekonomika","tag-business","tag-economic","tag-ekonomika","tag-sk","tag-slovak","tag-slovakia","tag-slovencina","tag-slovensko"],"share_on_mastodon":{"url":"https:\/\/pubeurope.com\/@sk\/117213809108385582","error":""},"_links":{"self":[{"href":"https:\/\/www.europesays.com\/sk\/wp-json\/wp\/v2\/posts\/170625","targetHints":{"allow":["GET"]}}],"collection":[{"href":"https:\/\/www.europesays.com\/sk\/wp-json\/wp\/v2\/posts"}],"about":[{"href":"https:\/\/www.europesays.com\/sk\/wp-json\/wp\/v2\/types\/post"}],"author":[{"embeddable":true,"href":"https:\/\/www.europesays.com\/sk\/wp-json\/wp\/v2\/users\/2"}],"replies":[{"embeddable":true,"href":"https:\/\/www.europesays.com\/sk\/wp-json\/wp\/v2\/comments?post=170625"}],"version-history":[{"count":0,"href":"https:\/\/www.europesays.com\/sk\/wp-json\/wp\/v2\/posts\/170625\/revisions"}],"wp:featuredmedia":[{"embeddable":true,"href":"https:\/\/www.europesays.com\/sk\/wp-json\/wp\/v2\/media\/170626"}],"wp:attachment":[{"href":"https:\/\/www.europesays.com\/sk\/wp-json\/wp\/v2\/media?parent=170625"}],"wp:term":[{"taxonomy":"category","embeddable":true,"href":"https:\/\/www.europesays.com\/sk\/wp-json\/wp\/v2\/categories?post=170625"},{"taxonomy":"post_tag","embeddable":true,"href":"https:\/\/www.europesays.com\/sk\/wp-json\/wp\/v2\/tags?post=170625"}],"curies":[{"name":"wp","href":"https:\/\/api.w.org\/{rel}","templated":true}]}}