{"id":170637,"date":"2026-09-04T17:05:12","date_gmt":"2026-09-04T17:05:12","guid":{"rendered":"https:\/\/www.europesays.com\/sk\/170637\/"},"modified":"2026-09-04T17:05:12","modified_gmt":"2026-09-04T17:05:12","slug":"nema-volant-pedale-a-dvere-sa-otvaraju-ako-motylie-kridla-musk-posiela-na-cesty-auto-buducnosti","status":"publish","type":"post","link":"https:\/\/www.europesays.com\/sk\/170637\/","title":{"rendered":"Nem\u00e1 volant, ped\u00e1le a dvere sa otv\u00e1raj\u00fa ako mot\u00fdlie kr\u00eddla: Musk posiela na cesty auto bud\u00facnosti"},"content":{"rendered":"<p>\n                        Elon Musk sp\u00fa\u0161\u0165a svoju najv\u00e4\u010d\u0161iu st\u00e1vku: Fin\u00e1lna verzia Cybercabu ide ofici\u00e1lne do ul\u00edc.\n                    <\/p>\n<p>Tesla vo \u0161tvrtok v texaskom Austine usporiada \u0161peci\u00e1lnu udalos\u0165 venovan\u00fa ofici\u00e1lnej prezent\u00e1cii modelu Cybercab. Tento projekt predstavuje prv\u00e9 vozidlo spolo\u010dnosti vyvinut\u00e9 v\u00fdhradne pre auton\u00f3mnu jazdu, bez potreby pr\u00edtomnosti alebo z\u00e1sahu \u013eudsk\u00e9ho vodi\u010da, informuje Reuters. <\/p>\n<p>Futuristick\u00fd elektromobil Cybercab nem\u00e1 volant ani ped\u00e1le a pon\u00faka netradi\u010dn\u00e9 usporiadanie s dvoma sedadlami a dverami otv\u00e1raj\u00facimi sa do tvaru \u201emot\u00fdl\u00edch kr\u00eddel\u201c. V kone\u010dnej s\u00e9riovej verzii je vozidlo kompletne navrhnut\u00e9 okolo softv\u00e9rov\u00fdch syst\u00e9mov auton\u00f3mnej navig\u00e1cie. <\/p>\n<p>                <a class=\"article-image-container\" title=\"Fotogal\u00e9ria Nem\u00e1 volant, ped\u00e1le a dvere sa otv\u00e1raj\u00fa ako mot\u00fdlie kr\u00eddla: Musk posiela na cesty auto bud\u00facnosti\" href=\"https:\/\/zive.aktuality.sk\/fotogaleria\/xgKYywC\/nema-volant-pedale-a-dvere-sa-otvaraju-ako-motylie-kridla-musk-posiela-na-cesty-auto-buducnosti\/1\/\" data-event=\"clanok|foto-v-clanku|1\" rel=\"nofollow noopener\" target=\"_blank\"><br \/>\n                                            <img decoding=\"async\" class=\"image lazyload\" src=\"https:\/\/www.europesays.com\/sk\/wp-content\/uploads\/2026\/09\/RG_ktkqTURBXy80YmQ1MTIwNjg5MjllOTBjYTMzNzFmNzY1YTkxYzVkNy5qcGVnkZUCzQfQAMLD.jpeg\" alt=\"Cybercab\" title=\"Cybercab\"\/><\/p>\n<p>                fotogal\u00e9ria<\/p>\n<p>                        <\/a><\/p>\n<p>                Cybercab<\/p>\n<p>                    Zdroj: Pou\u017e\u00edvate\u013e Elon Musk na soci\u00e1lnej sieti X<\/p>\n<p>V\u00fdroba s\u00e9riov\u00fdch kusov za\u010dala u\u017e v apr\u00edli tohto roka a nieko\u013eko vozidiel pre\u0161lo intenz\u00edvnym testovan\u00edm na verejn\u00fdch cest\u00e1ch v USA. <\/p>\n<p>Po\u010das po\u010diato\u010dn\u00fdch testov boli niektor\u00e9 prototypy vybaven\u00e9 do\u010dasn\u00fdm volantom, aby vyhoveli dopravn\u00fdm predpisom po\u010das homolog\u00e1cie. <\/p>\n<p>                                                                                                                                                    Relat\u00edvne lacn\u00e9<\/p>\n<p>Elon Musk, gener\u00e1lny riadite\u013e Tesly, pova\u017euje technol\u00f3giu auton\u00f3mnej jazdy za k\u013e\u00fa\u010dov\u00fd pilier bud\u00faceho rozvoja automobilky. Uviedol, \u017ee s\u00e9riov\u00e1 verzia Cybercabu by mala by\u0165 cenovo dostupn\u00e1, pribli\u017ene za 30 000 dol\u00e1rov. <\/p>\n<p>                <a class=\"article-image-container\" title=\"Fotogal\u00e9ria Nem\u00e1 volant, ped\u00e1le a dvere sa otv\u00e1raj\u00fa ako mot\u00fdlie kr\u00eddla: Musk posiela na cesty auto bud\u00facnosti\" href=\"https:\/\/zive.aktuality.sk\/fotogaleria\/xgKYywC\/nema-volant-pedale-a-dvere-sa-otvaraju-ako-motylie-kridla-musk-posiela-na-cesty-auto-buducnosti\/2\/\" data-event=\"clanok|foto-v-clanku|2\" rel=\"nofollow noopener\" target=\"_blank\"><br \/>\n                                            <img decoding=\"async\" class=\"image lazyload\" src=\"https:\/\/www.europesays.com\/sk\/wp-content\/uploads\/2026\/09\/VsKktkpTURBXy9jYzliNzBiYTMxOGY5MTA0ZThiMTdjNTVhZWVlZjliOS5qcGeRlQLNB9AAwsM.jpeg\" alt=\"Cybercab\" title=\"Cybercab\"\/><\/p>\n<p>                fotogal\u00e9ria<\/p>\n<p>                        <\/a><\/p>\n<p>                Cybercab<\/p>\n<p>                    Zdroj: Tesla, Electrek.com<\/p>\n<p>Postupn\u00e9 uvedenie na trh za\u010dne testovac\u00edmi jazdami pre zamestnancov spolo\u010dnosti na texask\u00fdch cest\u00e1ch. O nieko\u013eko dn\u00ed nesk\u00f4r bud\u00fa vozidl\u00e1 Cybercab zaraden\u00e9 do robotaxi slu\u017eby v Austine, kde bud\u00fa spolupracova\u0165 s u\u017e existuj\u00facimi elektromobilmi Model Y. <\/p>\n<p>Ofici\u00e1lna prezent\u00e1cia Cybercabu sa pritom uskuto\u010dnila len v \u00fazkom kruhu. Tesla pozvala vybran\u00fdch vern\u00fdch z\u00e1kazn\u00edkov robotaxi slu\u017eby a \u010fal\u0161\u00edch host\u00ed z odvetvia. Pr\u00edtomn\u00ed nemali by\u0165 ani novin\u00e1ri. <\/p>\n<p>                                                    <a style=\"\" class=\"banner-link\" href=\"https:\/\/zive.aktuality.sk\/ai-news\/\" rel=\"nofollow noopener\" target=\"_blank\"><\/p>\n<p>                                                                                    <img decoding=\"async\" src=\"https:\/\/s.aktuality.sk\/img\/yJSsKPvdL-v-Ikz6FBS7.jpg?st=LGePPDj2_zL206pXecRzK4XdvDQweuHuM4JN8p1dwYE&amp;ts=1786095422&amp;e=0&amp;v=1\" alt=\"ai-news-banner\" class=\"banner-image\"\/><\/p>\n<p>                                                        <\/a><\/p>\n","protected":false},"excerpt":{"rendered":"Elon Musk sp\u00fa\u0161\u0165a svoju najv\u00e4\u010d\u0161iu st\u00e1vku: Fin\u00e1lna verzia Cybercabu ide ofici\u00e1lne do ul\u00edc. Tesla vo \u0161tvrtok v texaskom&hellip;\n","protected":false},"author":2,"featured_media":170638,"comment_status":"","ping_status":"","sticky":false,"template":"","format":"standard","meta":{"footnotes":"","_share_on_mastodon":"0"},"categories":[11],"tags":[64,65,66,43,40,39,42,41],"class_list":["post-170637","post","type-post","status-publish","format-standard","has-post-thumbnail","category-ekonomika","tag-business","tag-economic","tag-ekonomika","tag-sk","tag-slovak","tag-slovakia","tag-slovencina","tag-slovensko"],"share_on_mastodon":{"url":"https:\/\/pubeurope.com\/@sk\/117213864017248880","error":""},"_links":{"self":[{"href":"https:\/\/www.europesays.com\/sk\/wp-json\/wp\/v2\/posts\/170637","targetHints":{"allow":["GET"]}}],"collection":[{"href":"https:\/\/www.europesays.com\/sk\/wp-json\/wp\/v2\/posts"}],"about":[{"href":"https:\/\/www.europesays.com\/sk\/wp-json\/wp\/v2\/types\/post"}],"author":[{"embeddable":true,"href":"https:\/\/www.europesays.com\/sk\/wp-json\/wp\/v2\/users\/2"}],"replies":[{"embeddable":true,"href":"https:\/\/www.europesays.com\/sk\/wp-json\/wp\/v2\/comments?post=170637"}],"version-history":[{"count":0,"href":"https:\/\/www.europesays.com\/sk\/wp-json\/wp\/v2\/posts\/170637\/revisions"}],"wp:featuredmedia":[{"embeddable":true,"href":"https:\/\/www.europesays.com\/sk\/wp-json\/wp\/v2\/media\/170638"}],"wp:attachment":[{"href":"https:\/\/www.europesays.com\/sk\/wp-json\/wp\/v2\/media?parent=170637"}],"wp:term":[{"taxonomy":"category","embeddable":true,"href":"https:\/\/www.europesays.com\/sk\/wp-json\/wp\/v2\/categories?post=170637"},{"taxonomy":"post_tag","embeddable":true,"href":"https:\/\/www.europesays.com\/sk\/wp-json\/wp\/v2\/tags?post=170637"}],"curies":[{"name":"wp","href":"https:\/\/api.w.org\/{rel}","templated":true}]}}