{"id":170647,"date":"2026-09-04T17:19:07","date_gmt":"2026-09-04T17:19:07","guid":{"rendered":"https:\/\/www.europesays.com\/sk\/170647\/"},"modified":"2026-09-04T17:19:07","modified_gmt":"2026-09-04T17:19:07","slug":"poznala-ich-cela-monarchia-potom-pionieri-zabudnute-slovenske-kupele-dnes-lakaju-zvedavych-turistov","status":"publish","type":"post","link":"https:\/\/www.europesays.com\/sk\/170647\/","title":{"rendered":"Poznala ich cel\u00e1 monarchia, potom pionieri.\u00a0Zabudnut\u00e9 slovensk\u00e9 k\u00fapele dnes l\u00e1kaj\u00fa zvedav\u00fdch turistov"},"content":{"rendered":"<p>Nemus\u00edte cestova\u0165 na druh\u00fa stranu zemegule ani h\u013eada\u0165 v\u00fdnimo\u010dn\u00e9 miesta v zahrani\u010dn\u00fdch katal\u00f3goch. Sta\u010d\u00ed vyrazi\u0165 pribli\u017ene tri kilometre za jedno slovensk\u00e9 okresn\u00e9 mesto a necha\u0165 sa vies\u0165 cestou medzi hust\u00e9 lesy. Na jej konci \u010dak\u00e1 <a href=\"https:\/\/www.dobrenoviny.sk\/c\/229243\/patstorocne-jazero-nad-slovenskym-mestom-ziari-ako-karibik-kedysi-sluzilo-mestu-dnes-laka-vyletnikov\" rel=\"noopener nofollow\" target=\"_blank\">jazero<\/a> a are\u00e1l, do ktor\u00e9ho kedysi prich\u00e1dzala smot\u00e1nka z Budape\u0161ti aj Debrec\u00edna. Host\u00ed vozil honosn\u00fd ko\u010d so \u0161iestimi ko\u0148mi, ve\u010der im hr\u00e1vala vlastn\u00e1 kapela a v jednej z v\u00edl mali elektrinu, \u00fastredn\u00e9 k\u00farenie aj splachovacie toalety. Na prelome 19. a 20. storo\u010dia pritom i\u0161lo o luxus, o akom sa mnoh\u00fdm ani nesn\u00edvalo.<\/p>\n<p>Zvy\u0161ky tohto zabudnut\u00e9ho sveta n\u00e1jdete ne\u010faleko Gelnice. Turzovsk\u00e9 k\u00fapele kedysi poznala cel\u00e1 rak\u00fasko-uhorsk\u00e1 monarchia, nesk\u00f4r ich vystriedali pionierske t\u00e1bory a \u0161koly v pr\u00edrode. Dnes sem \u013eudia prich\u00e1dzaj\u00fa najm\u00e4 za pr\u00edrodou, pokojom a prech\u00e1dzkou okolo Turzovsk\u00e9ho jazera. Ako informuje port\u00e1l <a href=\"https:\/\/www.aktuality.sk\/clanok\/vXJKLgW\/po-piatich-rokoch-od-kupy-kosicky-kraj-s-kupelmi-nic-nerobi-no-turzov-napriek-tomu-zije\/\" rel=\"noopener nofollow\" target=\"_blank\">Aktuality.sk<\/a>, ob\u013e\u00faben\u00e1 lokalita napriek neist\u00e9mu osudu niekdaj\u0161\u00edch k\u00fape\u013eov st\u00e1le \u017eije a cez v\u00edkendy dok\u00e1\u017ee pril\u00e1ka\u0165 aj stovky n\u00e1v\u0161tevn\u00edkov.<\/p>\n<p>Luxus medzi lesmi<\/p>\n<p>Pr\u00edbeh samotnej lokality sa za\u010dal e\u0161te pred vznikom k\u00fape\u013eov. Umel\u00e9 Turzovsk\u00e9 jazer\u00e1 vybudovali v polovici 18. storo\u010dia pre potreby ban\u00edctva a ich voda poh\u00e1\u0148ala miestne bansk\u00e9 zariadenia. A\u017e nesk\u00f4r si obyvatelia Gelnice uvedomili, \u017ee pokojn\u00e9 \u00fadolie, voda a \u010dist\u00fd vzduch m\u00f4\u017eu sl\u00fa\u017ei\u0165 aj celkom in\u00e9mu \u00fa\u010delu.<\/p>\n<p>Vlo\u017een\u00fd pr\u00edspevok z Facebooku: <a href=\"https:\/\/www.facebook.com\/photo?fbid=4483131711770096&amp;set=a.467067842127215\" rel=\"nofollow noopener\" target=\"_blank\">https:\/\/www.facebook.com\/photo?fbid=4483131711770096&amp;set=a.467067842127215<\/a><\/p>\n<p>Ako uv\u00e1dza port\u00e1l <a href=\"https:\/\/korzar.sme.sk\/spis-gemer\/c\/turzovske-kupele-poznala-cela-monarchia-vystriedali-sa-tam-aj-tisicky-pionierov\" rel=\"noopener nofollow\" target=\"_blank\">SME<\/a> s odvolan\u00edm na knihu J\u00e1na Ga\u0161para Gelnica, hist\u00f3ria a s\u00fa\u010dasnos\u0165, pozemky pri jazere z\u00edskala v roku 1889 akciov\u00e1 spolo\u010dnos\u0165 z\u00e1mo\u017en\u00fdch gelnick\u00fdch me\u0161\u0165anov. Postupne tu vyr\u00e1stli k\u00fape\u013en\u00e9 vily, k\u00fape\u013en\u00fd dom aj re\u0161taur\u00e1cia. Prev\u00e1dzka k\u00fape\u013eov sa naplno rozbehla v roku 1903 a miesto pomenovali pod\u013ea rodiny Thurzovcov, niekdaj\u0161\u00edch vlastn\u00edkov Gelnick\u00e9ho hradu.<\/p>\n<p>Do k\u00fape\u013eov prich\u00e1dzali \u013eudia s ochoren\u00edm horn\u00fdch d\u00fdchac\u00edch ciest a nervovej s\u00fastavy. Z\u00e1kladom lie\u010dby bola tunaj\u0161ia kl\u00edma, voda a okolit\u00e9 ihli\u010dnat\u00e9 lesy. Vodu z jazera prev\u00e1rali s ihli\u010d\u00edm a vyu\u017e\u00edvali ju pri k\u00fape\u013eoch aj inhal\u00e1cii \u017eiv\u00edc. Po\u010das letnej sez\u00f3ny nad pacientmi dohliadali gelnick\u00ed lek\u00e1ri.<\/p>\n<p>Vlo\u017een\u00fd pr\u00edspevok z Facebooku: <a href=\"https:\/\/www.facebook.com\/photo\/?fbid=4557869764296290&amp;set=a.467067842127215\" rel=\"nofollow noopener\" target=\"_blank\">https:\/\/www.facebook.com\/photo\/?fbid=4557869764296290&amp;set=a.467067842127215<\/a><\/p>\n<p>Lie\u010den\u00edm sa v\u0161ak pobyt ani z\u010faleka nekon\u010dil. Hostia mohli hra\u0165 tenis a kolky,\u00a0chyta\u0165 ryby alebo vyrazi\u0165 na t\u00faru po zna\u010den\u00fdch chodn\u00edkoch. Pod\u013ea ob\u010dianskeho zdru\u017eenia \u010cierne diery sa na jazere \u010dlnkovalo dokonca aj na lek\u00e1rsky predpis.<\/p>\n<p>B\u00e1ly a ve\u013ek\u00fd luxus<\/p>\n","protected":false},"excerpt":{"rendered":"Nemus\u00edte cestova\u0165 na druh\u00fa stranu zemegule ani h\u013eada\u0165 v\u00fdnimo\u010dn\u00e9 miesta v zahrani\u010dn\u00fdch katal\u00f3goch. Sta\u010d\u00ed vyrazi\u0165 pribli\u017ene tri kilometre&hellip;\n","protected":false},"author":2,"featured_media":170648,"comment_status":"","ping_status":"","sticky":false,"template":"","format":"standard","meta":{"footnotes":"","_share_on_mastodon":"0"},"categories":[11],"tags":[64,65,66,2473,21840,48256,43,40,39,42,41,48255],"class_list":["post-170647","post","type-post","status-publish","format-standard","has-post-thumbnail","category-ekonomika","tag-business","tag-economic","tag-ekonomika","tag-gelnica","tag-kam-na-vylet","tag-kupele-turzov","tag-sk","tag-slovak","tag-slovakia","tag-slovencina","tag-slovensko","tag-turzov"],"share_on_mastodon":{"url":"https:\/\/pubeurope.com\/@sk\/117213918784459303","error":""},"_links":{"self":[{"href":"https:\/\/www.europesays.com\/sk\/wp-json\/wp\/v2\/posts\/170647","targetHints":{"allow":["GET"]}}],"collection":[{"href":"https:\/\/www.europesays.com\/sk\/wp-json\/wp\/v2\/posts"}],"about":[{"href":"https:\/\/www.europesays.com\/sk\/wp-json\/wp\/v2\/types\/post"}],"author":[{"embeddable":true,"href":"https:\/\/www.europesays.com\/sk\/wp-json\/wp\/v2\/users\/2"}],"replies":[{"embeddable":true,"href":"https:\/\/www.europesays.com\/sk\/wp-json\/wp\/v2\/comments?post=170647"}],"version-history":[{"count":0,"href":"https:\/\/www.europesays.com\/sk\/wp-json\/wp\/v2\/posts\/170647\/revisions"}],"wp:featuredmedia":[{"embeddable":true,"href":"https:\/\/www.europesays.com\/sk\/wp-json\/wp\/v2\/media\/170648"}],"wp:attachment":[{"href":"https:\/\/www.europesays.com\/sk\/wp-json\/wp\/v2\/media?parent=170647"}],"wp:term":[{"taxonomy":"category","embeddable":true,"href":"https:\/\/www.europesays.com\/sk\/wp-json\/wp\/v2\/categories?post=170647"},{"taxonomy":"post_tag","embeddable":true,"href":"https:\/\/www.europesays.com\/sk\/wp-json\/wp\/v2\/tags?post=170647"}],"curies":[{"name":"wp","href":"https:\/\/api.w.org\/{rel}","templated":true}]}}