{"id":170667,"date":"2026-09-04T17:50:16","date_gmt":"2026-09-04T17:50:16","guid":{"rendered":"https:\/\/www.europesays.com\/sk\/170667\/"},"modified":"2026-09-04T17:50:16","modified_gmt":"2026-09-04T17:50:16","slug":"nepoznate-ho-policajti-patraju-po-muzovi-ktory-dal-do-schranky-naboj","status":"publish","type":"post","link":"https:\/\/www.europesays.com\/sk\/170667\/","title":{"rendered":"Nepozn\u00e1te ho? Policajti p\u00e1traj\u00fa po mu\u017eovi, ktor\u00fd dal do schr\u00e1nky n\u00e1boj"},"content":{"rendered":"<p>Trnava 4. septembra (TASR) &#8211; Pol\u00edcia vy\u0161etruje pr\u00edpad pre\u010dinu nebezpe\u010dn\u00e9ho vyhr\u00e1\u017eania a \u017eiada verejnos\u0165 o pomoc pri stoto\u017enen\u00ed mu\u017ea zachyten\u00e9ho na kamerov\u00fdch z\u00e1znamoch. V obdob\u00ed od 15. j\u00fala do 18. j\u00fala do 10.00 h mal vlo\u017ei\u0165 do po\u0161tovej schr\u00e1nky jedn\u00e9ho z bytov\u00fdch domov na Pal\u00e1rikovej ulici v Trnave nepop\u00edsan\u00fa a zalepen\u00fa ob\u00e1lku s n\u00e1bojom a n\u00e1bojnicou. Trnavsk\u00e1 pol\u00edcia o tom informovala na soci\u00e1lnej sieti.<\/p>\n<p>Konanie nezn\u00e1meho mu\u017ea malo pod\u013ea pol\u00edcie u majite\u013ea po\u0161tovej schr\u00e1nky vyvola\u0165 obavy o jeho \u017eivot a zdravie. Pol\u00edcia po\u010das vy\u0161etrovania zabezpe\u010dila kamerov\u00e9 z\u00e1znamy. Tie zachytili osobu, ktorej toto\u017enos\u0165 by mohla prispie\u0165 k objasneniu pr\u00edpadu. Fotografiu zverejnili na soci\u00e1lnej sieti.<\/p>\n<p>Pol\u00edcia \u017eiada ob\u010danov, ktor\u00ed mu\u017ea na zverejnen\u00fdch z\u00e1beroch spoznaj\u00fa alebo maj\u00fa ak\u00e9ko\u013evek inform\u00e1cie o jeho toto\u017enosti \u010di pohybe, aby ich bezodkladne ozn\u00e1mili na bezplatnom telef\u00f3nnom \u010d\u00edsle 158 alebo osobne na ktoromko\u013evek policajnom oddelen\u00ed.<\/p>\n","protected":false},"excerpt":{"rendered":"Trnava 4. septembra (TASR) &#8211; Pol\u00edcia vy\u0161etruje pr\u00edpad pre\u010dinu nebezpe\u010dn\u00e9ho vyhr\u00e1\u017eania a \u017eiada verejnos\u0165 o pomoc pri stoto\u017enen\u00ed&hellip;\n","protected":false},"author":2,"featured_media":170668,"comment_status":"","ping_status":"","sticky":false,"template":"","format":"standard","meta":{"footnotes":"","_share_on_mastodon":"0"},"categories":[6],"tags":[4326,48259,453,525,43,40,44,39,42,45,41,734],"class_list":["post-170667","post","type-post","status-publish","format-standard","has-post-thumbnail","category-slovensko","tag-muz","tag-naboj","tag-patranie","tag-policia","tag-sk","tag-slovak","tag-slovak-republic","tag-slovakia","tag-slovencina","tag-slovenska-republika","tag-slovensko","tag-trnava"],"share_on_mastodon":{"url":"https:\/\/pubeurope.com\/@sk\/117214040716306274","error":""},"_links":{"self":[{"href":"https:\/\/www.europesays.com\/sk\/wp-json\/wp\/v2\/posts\/170667","targetHints":{"allow":["GET"]}}],"collection":[{"href":"https:\/\/www.europesays.com\/sk\/wp-json\/wp\/v2\/posts"}],"about":[{"href":"https:\/\/www.europesays.com\/sk\/wp-json\/wp\/v2\/types\/post"}],"author":[{"embeddable":true,"href":"https:\/\/www.europesays.com\/sk\/wp-json\/wp\/v2\/users\/2"}],"replies":[{"embeddable":true,"href":"https:\/\/www.europesays.com\/sk\/wp-json\/wp\/v2\/comments?post=170667"}],"version-history":[{"count":0,"href":"https:\/\/www.europesays.com\/sk\/wp-json\/wp\/v2\/posts\/170667\/revisions"}],"wp:featuredmedia":[{"embeddable":true,"href":"https:\/\/www.europesays.com\/sk\/wp-json\/wp\/v2\/media\/170668"}],"wp:attachment":[{"href":"https:\/\/www.europesays.com\/sk\/wp-json\/wp\/v2\/media?parent=170667"}],"wp:term":[{"taxonomy":"category","embeddable":true,"href":"https:\/\/www.europesays.com\/sk\/wp-json\/wp\/v2\/categories?post=170667"},{"taxonomy":"post_tag","embeddable":true,"href":"https:\/\/www.europesays.com\/sk\/wp-json\/wp\/v2\/tags?post=170667"}],"curies":[{"name":"wp","href":"https:\/\/api.w.org\/{rel}","templated":true}]}}