{"id":170673,"date":"2026-09-04T18:03:10","date_gmt":"2026-09-04T18:03:10","guid":{"rendered":"https:\/\/www.europesays.com\/sk\/170673\/"},"modified":"2026-09-04T18:03:10","modified_gmt":"2026-09-04T18:03:10","slug":"sokujuci-prepad-zasielok-z-ciny-po-zavedeni-cla-prichadza-novy-poplatok","status":"publish","type":"post","link":"https:\/\/www.europesays.com\/sk\/170673\/","title":{"rendered":"\u0160okuj\u00faci prepad z\u00e1sielok z \u010c\u00edny po zaveden\u00ed cla, prich\u00e1dza NOV\u00dd poplatok!"},"content":{"rendered":"<p>Ilustra\u010dn\u00e9 foto\t\t\t\t\t\t(Zdroj: SITA\/AP Photo\/Charles Rex Arbogast, SITA\/AP Photo\/Virginia Mayo, File, Getty Images)\t\t\t\t\t<\/p>\n<p>BRATISLAV\/BRUSEL &#8211; \u010eal\u0161ia tvrd\u00e1 rana pre \u010d\u00ednske internetov\u00e9 obchody, ale aj pre pe\u0148a\u017eenky eur\u00f3pskych z\u00e1kazn\u00edkov. U\u017e o nieko\u013eko mesiacov pribudne k objedn\u00e1vkam z Temu \u010di Aliexpressu \u010fal\u0161\u00ed poplatok. Prv\u00e9 \u010d\u00edsla po zaveden\u00ed trojeurov\u00e9ho cla pritom ukazuj\u00fa v\u00fdrazn\u00fa zmenu n\u00e1kupn\u00e9ho spr\u00e1vania. Objem mal\u00fdch z\u00e1sielok preva\u017ene z \u010c\u00edny mal klesn\u00fa\u0165 pribli\u017ene o polovicu.<\/p>\n<p>Coln\u00fd poplatok na mal\u00e9 z\u00e1sielky do 150 eur prich\u00e1dzaj\u00face z kraj\u00edn mimo Eur\u00f3pskej \u00fanie plat\u00ed u\u017e viac ako dva mesiace. Hoci sa opatrenie vz\u0165ahuje na dovoz zo v\u0161etk\u00fdch tret\u00edch kraj\u00edn, v praxi sa t\u00fdka najm\u00e4 n\u00e1kupov z \u010c\u00edny. Tie doslova zahltili Eur\u00f3pu a len v roku 2025 pri\u0161lo na \u00fazemie E\u00da takmer 6 mili\u00e1rd tak\u00fdchto polo\u017eiek.<\/p>\n<p>\u201eCie\u013eom tohto cla je obmedzi\u0165 prudko rast\u00faci pr\u00edlev lacn\u00fdch z\u00e1sielok z \u010c\u00edny a z\u00e1rove\u0148 zlep\u0161i\u0165 kontrolu tovaru, ktor\u00fd vstupuje na eur\u00f3psky trh. Jeho zavedenie malo zn\u00ed\u017ei\u0165 aj z\u00e1\u0165a\u017e coln\u00fdch \u00faradov a vytvori\u0165 f\u00e9rovej\u0161ie podmienky pre eur\u00f3pskych obchodn\u00edkov, ktor\u00ed pri dovoze a predaji musia plni\u0165 pr\u00edsnej\u0161ie da\u0148ov\u00e9, coln\u00e9 a regula\u010dn\u00e9 povinnosti,\u201c pribli\u017euje M\u00e1ria Auxtov\u00e1 zo spolo\u010dnosti Shoptet, ktor\u00e1 zabezpe\u010duje fungovanie viac ako 7600 slovensk\u00fdch e-shopov.<\/p>\n<p>Pokles mal\u00fdch z\u00e1sielok o polovicu<\/p>\n<p>Prv\u00e9 \u00fadaje nazna\u010duj\u00fa, \u017ee clo u\u017e teraz v\u00fdrazne men\u00ed \u0161trukt\u00faru dovozu a zni\u017euje po\u010det najmen\u0161\u00edch z\u00e1sielok. \u00dadaje, ktor\u00e9 koncom augusta zverejnila Euronews, hovorili o poklese 40 %. Pod\u013ea belgick\u00fdch coln\u00edkov klesol e\u0161te viac.\u00a0\u201ePod\u013ea belgickej colnej spr\u00e1vy sa zn\u00ed\u017eil po\u010det coln\u00fdch deklar\u00e1ci\u00ed pri z\u00e1sielkach do 150 eur v j\u00fali medziro\u010dne o 53 %, teda pribli\u017ene na polovicu,\u201c hovor\u00ed Auxtov\u00e1.<\/p>\n<p>Z\u00e1rove\u0148 coln\u00edci informovali, \u017ee sa men\u00ed aj \u0161trukt\u00fara dovozu \u2013 priemern\u00e1 deklarovan\u00e1 hodnota z\u00e1sielok vzr\u00e1stla z 5,73 eura na 10,85 eura. To m\u00f4\u017ee nazna\u010dova\u0165, \u017ee obchodn\u00edci a logistick\u00e9 spolo\u010dnosti reaguj\u00fa na nov\u00e9 pravidl\u00e1 sp\u00e1jan\u00edm viacer\u00fdch polo\u017eiek do v\u00e4\u010d\u0161\u00edch z\u00e1sielok. Za prv\u00fdch sedem t\u00fd\u017ed\u0148ov fungovania nov\u00e9ho syst\u00e9mu predstavoval v\u00fdber cla pri z\u00e1sielkach preclen\u00fdch v Belgicku pribli\u017ene 224 mili\u00f3nov eur.<\/p>\n<p>\t<a href=\"https:\/\/www.topky.sk\/gl\/9604341\/6522071\/Dalsia-tvrda-RANA-pre-lacne-nakupy-z-Ciny--Po-sokujucom-prepade-po-zavedeni-cla-prichadza-NOVY-poplatok-\" rel=\"nofollow noopener\" target=\"_blank\"><br \/>\n\t\t<img decoding=\"async\" alt=\"\u010eal\u0161ia tvrd\u00e1 RANA pre\" aria-describedby=\"img-res-6522071\" class=\"\" height=\"1067\" id=\"6522071\" loading=\"lazy\" onerror=\"imgArticleLoadErr(this)\" src=\"https:\/\/www.europesays.com\/sk\/wp-content\/uploads\/2026\/09\/AliExpress-Shein-Temu-nakupy-na-internete.jpg\" style=\"aspect-ratio:1.500\" title=\"\u010eal\u0161ia tvrd\u00e1 RANA pre\" width=\"1600\"\/>\t\t\t<\/p>\n<p>\n\t\t\t\tZobrazi\u0165 gal\u00e9riu (3)\t\t\t<\/p>\n<p>\t<\/a><\/p>\n<p>\t\u00a0(Zdroj: Getty Images)<\/p>\n<p>Belgicko je pritom z poh\u013eadu hodnotenia vplyvov nov\u00e9ho cla mimoriadne d\u00f4le\u017eitou krajinou. V\u010faka svojej polohe a rozsiahlej logistickej infra\u0161trukt\u00fare patr\u00ed medzi hlavn\u00e9 vstupn\u00e9 br\u00e1ny pre tovar smeruj\u00faci z tret\u00edch kraj\u00edn na jednotn\u00fd eur\u00f3psky trh. Len na letisku Li\u00e8ge sa sprac\u00fava takmer 20 % v\u0161etk\u00fdch coln\u00fdch deklar\u00e1ci\u00ed s\u00favisiacich s e-commerce v celej \u00danii. Ide pritom aj o z\u00e1sielky, ktor\u00e9 n\u00e1sledne smeruj\u00fa do \u010fal\u0161\u00edch \u010dlensk\u00fdch kraj\u00edn vr\u00e1tane Slovenska.<\/p>\n<p>Od novembra pribudne aj manipula\u010dn\u00fd poplatok<\/p>\n<p>Z\u00e1rove\u0148 je pravdepodobn\u00e9, \u017ee n\u00e1klady na n\u00e1kupy z \u010c\u00edny sa bud\u00fa \u010falej zvy\u0161ova\u0165. \u201eK s\u00fa\u010dasn\u00e9mu clu m\u00e1 pribudn\u00fa\u0165 aj manipula\u010dn\u00fd poplatok za mal\u00e9 e-commerce z\u00e1sielky, ktor\u00fd m\u00e1 pom\u00f4c\u0165 pokry\u0165 n\u00e1klady na ich coln\u00fa kontrolu a monitoring. Uplat\u0148ova\u0165 sa m\u00e1 najnesk\u00f4r od 1. novembra 2026 a jeho konkr\u00e9tnu v\u00fd\u0161ku e\u0161te stanov\u00ed Eur\u00f3pska komisia,\u201c pribli\u017euje Auxtov\u00e1.<\/p>\n<p>Eur\u00f3pske zdru\u017eenie textiln\u00e9ho a odevn\u00e9ho priemyslu EURATEX, ktor\u00e9 zastupuje z\u00e1ujmy eur\u00f3pskych v\u00fdrobcov, pritom u\u017e za\u010diatkom septembra vyzvalo na v\u00fdrazne vy\u0161\u0161\u00ed manipula\u010dn\u00fd poplatok pri dovozoch oble\u010denia. K\u00fdm v diskusi\u00e1ch na eur\u00f3pskej \u00farovni sa pod\u013ea inform\u00e1ci\u00ed zdru\u017eenia objavuj\u00fa sumy pribli\u017ene od 2 do 4 eur za z\u00e1sielku, EURATEX navrhuje pri ultra-fast-fashion poplatok na \u00farovni pribli\u017ene 10 eur. Ni\u017e\u0161ie sumy pod\u013ea neho dostato\u010dne nepokr\u00fdvaj\u00fa n\u00e1klady na coln\u00e9 kontroly, doh\u013ead nad bezpe\u010dnos\u0165ou v\u00fdrobkov a vym\u00e1hanie pravidiel.<\/p>\n<p>\t<a href=\"https:\/\/www.topky.sk\/gl\/9604341\/6507169\/Dalsia-tvrda-RANA-pre-lacne-nakupy-z-Ciny--Po-sokujucom-prepade-po-zavedeni-cla-prichadza-NOVY-poplatok-\" rel=\"nofollow noopener\" target=\"_blank\"><br \/>\n\t\t<img decoding=\"async\" alt=\"Ilustra\u010dn\u00e9 foto \" aria-describedby=\"img-res-6507169\" class=\"\" height=\"1067\" id=\"6507169\" loading=\"lazy\" onerror=\"imgArticleLoadErr(this)\" src=\"https:\/\/www.europesays.com\/sk\/wp-content\/uploads\/2026\/09\/nakupovanie-online.jpg\" style=\"aspect-ratio:1.500\" title=\"Ilustra\u010dn\u00e9 foto \" width=\"1600\"\/>\t\t\t<\/p>\n<p>\n\t\t\t\tZobrazi\u0165 gal\u00e9riu (3)\t\t\t<\/p>\n<p>\t<\/a><\/p>\n<p>Ilustra\u010dn\u00e9 foto \t\u00a0(Zdroj: Getty Images)<\/p>\n<p>Miliardy polo\u017eiek pri\u0161li vlani do Eur\u00f3py z \u010c\u00edny<\/p>\n<p>Jedn\u00fdm z hlavn\u00fdch d\u00f4vodov zav\u00e1dzania nov\u00fdch opatren\u00ed bol prudk\u00fd rast po\u010dtu mal\u00fdch z\u00e1sielok. V roku 2025 do E\u00da pri\u0161lo takmer 5,9 miliardy polo\u017eiek, pri\u010dom a\u017e 93 % poch\u00e1dzalo z \u010c\u00edny. Tak\u00fdto objem v\u00fdrazne za\u0165a\u017euje coln\u00e9 org\u00e1ny, komplikuje kontrolu dov\u00e1\u017ean\u00e9ho tovaru a z\u00e1rove\u0148 znev\u00fdhod\u0148uje dom\u00e1cich predajcov.<\/p>\n<p>\u201eProbl\u00e9mom je aj bezpe\u010dnos\u0165 tovaru. Pri celoeur\u00f3pskej kontrolnej akcii v roku 2025 nevyhovovala pravidl\u00e1m E\u00da viac ako polovica skontrolovan\u00fdch v\u00fdrobkov vo viacer\u00fdch kateg\u00f3ri\u00e1ch vr\u00e1tane hra\u010diek, elektroniky \u010di kozmetiky,\u201c vysvet\u013euje Auxtov\u00e1.<\/p>\n<p>Upozor\u0148uje tie\u017e, \u017ee eur\u00f3pski predajcovia vr\u00e1tane t\u00fdch slovensk\u00fdch \u010dasto nedok\u00e1\u017eu pred\u00e1va\u0165 tovar za tak\u00e9 ceny ako \u00e1zijsk\u00ed konkurenti. K\u00fdm pri dovoze tovaru vo v\u00e4\u010d\u0161\u00edch objemoch eur\u00f3pski obchodn\u00edci u\u017e roky platili clo, jednotliv\u00fdch z\u00e1sielok do 150 eur sa to a\u017e do j\u00fala 2026 net\u00fdkalo. Eur\u00f3pski predajcovia z\u00e1rove\u0148 zn\u00e1\u0161aj\u00fa n\u00e1klady spojen\u00e9 s recykla\u010dn\u00fdmi poplatkami, plnen\u00edm regula\u010dn\u00fdch povinnost\u00ed \u010di vybavovan\u00edm reklam\u00e1ci\u00ed. Zavedenie cla je preto jedn\u00fdm z n\u00e1strojov, ktor\u00fdm sa E\u00da sna\u017e\u00ed tieto rozdiely zmierni\u0165.<\/p>\n","protected":false},"excerpt":{"rendered":"Ilustra\u010dn\u00e9 foto (Zdroj: SITA\/AP Photo\/Charles Rex Arbogast, SITA\/AP Photo\/Virginia Mayo, File, Getty Images) BRATISLAV\/BRUSEL &#8211; \u010eal\u0161ia tvrd\u00e1 rana&hellip;\n","protected":false},"author":2,"featured_media":170674,"comment_status":"","ping_status":"","sticky":false,"template":"","format":"standard","meta":{"footnotes":"","_share_on_mastodon":"0"},"categories":[8],"tags":[33,48260,48261,9733,43,40,42,36,50,49,48],"class_list":["post-170673","post","type-post","status-publish","format-standard","has-post-thumbnail","category-svet","tag-news","tag-objednavky-z-ciny","tag-pokles-objednavok","tag-poplatok","tag-sk","tag-slovak","tag-slovencina","tag-spravy","tag-svet","tag-world","tag-world-news"],"share_on_mastodon":{"url":"https:\/\/pubeurope.com\/@sk\/117214092216574037","error":""},"_links":{"self":[{"href":"https:\/\/www.europesays.com\/sk\/wp-json\/wp\/v2\/posts\/170673","targetHints":{"allow":["GET"]}}],"collection":[{"href":"https:\/\/www.europesays.com\/sk\/wp-json\/wp\/v2\/posts"}],"about":[{"href":"https:\/\/www.europesays.com\/sk\/wp-json\/wp\/v2\/types\/post"}],"author":[{"embeddable":true,"href":"https:\/\/www.europesays.com\/sk\/wp-json\/wp\/v2\/users\/2"}],"replies":[{"embeddable":true,"href":"https:\/\/www.europesays.com\/sk\/wp-json\/wp\/v2\/comments?post=170673"}],"version-history":[{"count":0,"href":"https:\/\/www.europesays.com\/sk\/wp-json\/wp\/v2\/posts\/170673\/revisions"}],"wp:featuredmedia":[{"embeddable":true,"href":"https:\/\/www.europesays.com\/sk\/wp-json\/wp\/v2\/media\/170674"}],"wp:attachment":[{"href":"https:\/\/www.europesays.com\/sk\/wp-json\/wp\/v2\/media?parent=170673"}],"wp:term":[{"taxonomy":"category","embeddable":true,"href":"https:\/\/www.europesays.com\/sk\/wp-json\/wp\/v2\/categories?post=170673"},{"taxonomy":"post_tag","embeddable":true,"href":"https:\/\/www.europesays.com\/sk\/wp-json\/wp\/v2\/tags?post=170673"}],"curies":[{"name":"wp","href":"https:\/\/api.w.org\/{rel}","templated":true}]}}