{"id":170679,"date":"2026-09-04T18:17:10","date_gmt":"2026-09-04T18:17:10","guid":{"rendered":"https:\/\/www.europesays.com\/sk\/170679\/"},"modified":"2026-09-04T18:17:10","modified_gmt":"2026-09-04T18:17:10","slug":"sabotaz-v-nemecku-ma-podozriveho-policia-patra-po-klimatickom-aktivistovi-svet-spravy","status":"publish","type":"post","link":"https:\/\/www.europesays.com\/sk\/170679\/","title":{"rendered":"Sabot\u00e1\u017e v Nemecku m\u00e1 podozriv\u00e9ho: Pol\u00edcia p\u00e1tra po klimatickom aktivistovi &#8211; Svet &#8211; Spr\u00e1vy"},"content":{"rendered":"<p>Video<br \/>\nDron s v\u00fdbu\u0161ninou spustil poplach: Tak\u00e9to zbrane nasadia na nemeck\u00fdch letisk\u00e1ch<\/p>\n<p>\nZdroj:<br \/>\nReuters\n<\/p>\n<p>Dobrindt ozna\u010dil \u00fatoky na elektrick\u00e9 rozvodne na viacer\u00fdch miestach Nemecka z posledn\u00fdch dn\u00ed za prejav \u201eklimatick\u00e9ho extr\u00e9mizmu\u201c.<\/p>\n<p>Policajn\u00e9 komando za\u00fato\u010dilo na vozidlo podozriv\u00e9ho v oblasti povrchovej bane Hombacher Forst. Pod\u013ea Reula sa mu\u017e v s\u00fa\u010dasnosti pravdepodobne pohybuje pe\u0161o a \u010faleko sa nedostane.<\/p>\n<p>Pol\u00edcia vykonala domov\u00fa prehliadku v byte, kde na\u0161la predmety podobn\u00e9 v\u00fdbu\u0161nin\u00e1m, uviedol tie\u017e Reul. P\u00edsmo v liste, v ktorom sa autor prihl\u00e1sil k zodpovednosti za \u00fatoky, sa pod\u013ea Reula zhoduje s rukopisom podozriv\u00e9ho mu\u017ea.<\/p>\n<p>V \u010dase Dobrindtovej a Reulovej tla\u010dovej konferencie denn\u00edk Bild na svojej internetovej str\u00e1nke informoval, \u017ee v Sasku, v Lu\u017eickom hnedouho\u013enom rev\u00edri pri hraniciach s Brandenburskom, boli pri dvoch rozvodniach n\u00e1jden\u00e9 z\u00e1paln\u00e9 a v\u00fdbu\u0161n\u00e9 zariadenia. Pol\u00edcia pod\u013ea agent\u00fary DPA uviedla len to, \u017ee zasahuje severne od Zhorelca. \u010eal\u0161ie podrobnosti o z\u00e1sahu nezverejnila.<\/p>\n<p>V utorok sa ter\u010dom sabot\u00e1\u017ee stala rozvod\u0148a ne\u010faleko elektr\u00e1rne J\u00e4nschwalde v Brandenbursku, na ktor\u00fa p\u00e1chate\u013e alebo p\u00e1chatelia za\u00fato\u010dili podom\u00e1cky vyroben\u00fdmi predmetmi pripom\u00ednaj\u00facimi silvestrovsk\u00e9 rakety. V ten ist\u00fd de\u0148 sa ter\u010dom stala aj rozvod\u0148a v Bergheime ne\u010faleko Kol\u00edna nad R\u00fdnom, kde pol\u00edcia na\u0161la mo\u017en\u00e9 odpa\u013eovacie zariadenie a pyrotechniku. Vo \u0161tvrtok pol\u00edcia na\u0161la mo\u017en\u00e9 odpa\u013eovacie zariadenie pri elektrickej stanici v Dormagene medzi Kol\u00ednom nad R\u00fdnom a D\u00fcsseldorfom.<\/p>\n<p><a href=\"https:\/\/debata.pravda.sk\/debata\/2036005-sabotaz-v-nemecku-ma-podozriveho-policia-patra-po-klimatickom-aktivistovi\/\" class=\"detail_text_socials_item debata debata-count-decorator\" data-count=\"8\" rel=\"nofollow noopener\" target=\"_blank\"><\/p>\n<p>debata<\/p>\n<p><\/a><\/p>\n<p><a href=\"https:\/\/www.pravda.sk\/mreporter\" class=\"detail_text_socials_item hide\" id=\"mreporter-button\" rel=\"nofollow noopener\" target=\"_blank\"><\/p>\n<p>mReport\u00e9r<\/p>\n<p><\/a><\/p>\n<p><img decoding=\"async\" src=\"https:\/\/ipravda.sk\/res\/www\/sorry.svg\" alt=\"\u013dutujeme\" height=\"75\"\/><\/p>\n<p>V\u00e1\u017een\u00ed \u010ditatelia, pod t\u00fdmto \u010dl\u00e1nkom sme diskusiu zastavili<\/p>\n<p>\nPrevl\u00e1dali v nej pr\u00edspevky, ktor\u00e9 boli v rozpore s pravidlami debaty aj dobr\u00fdmi mravmi. Cel\u00fa debatu sme<br \/>\nvymazali, autorom v\u0161etk\u00fdch slu\u0161n\u00fdch pr\u00edspevkov sa ospravedl\u0148ujeme.\n<\/p>\n<p>\n\u010eakujeme za pochopenie a te\u0161\u00edme sa na slu\u0161n\u00e9 debaty pod in\u00fdmi \u010dl\u00e1nkami.\n<\/p>\n<p>Rozumiem<\/p>\n","protected":false},"excerpt":{"rendered":"Video Dron s v\u00fdbu\u0161ninou spustil poplach: Tak\u00e9to zbrane nasadia na nemeck\u00fdch letisk\u00e1ch Zdroj: Reuters Dobrindt ozna\u010dil \u00fatoky na&hellip;\n","protected":false},"author":2,"featured_media":170680,"comment_status":"","ping_status":"","sticky":false,"template":"","format":"standard","meta":{"footnotes":"","_share_on_mastodon":"0"},"categories":[8],"tags":[33,43,40,42,36,50,49,48],"class_list":["post-170679","post","type-post","status-publish","format-standard","has-post-thumbnail","category-svet","tag-news","tag-sk","tag-slovak","tag-slovencina","tag-spravy","tag-svet","tag-world","tag-world-news"],"share_on_mastodon":{"url":"https:\/\/pubeurope.com\/@sk\/117214147245195419","error":""},"_links":{"self":[{"href":"https:\/\/www.europesays.com\/sk\/wp-json\/wp\/v2\/posts\/170679","targetHints":{"allow":["GET"]}}],"collection":[{"href":"https:\/\/www.europesays.com\/sk\/wp-json\/wp\/v2\/posts"}],"about":[{"href":"https:\/\/www.europesays.com\/sk\/wp-json\/wp\/v2\/types\/post"}],"author":[{"embeddable":true,"href":"https:\/\/www.europesays.com\/sk\/wp-json\/wp\/v2\/users\/2"}],"replies":[{"embeddable":true,"href":"https:\/\/www.europesays.com\/sk\/wp-json\/wp\/v2\/comments?post=170679"}],"version-history":[{"count":0,"href":"https:\/\/www.europesays.com\/sk\/wp-json\/wp\/v2\/posts\/170679\/revisions"}],"wp:featuredmedia":[{"embeddable":true,"href":"https:\/\/www.europesays.com\/sk\/wp-json\/wp\/v2\/media\/170680"}],"wp:attachment":[{"href":"https:\/\/www.europesays.com\/sk\/wp-json\/wp\/v2\/media?parent=170679"}],"wp:term":[{"taxonomy":"category","embeddable":true,"href":"https:\/\/www.europesays.com\/sk\/wp-json\/wp\/v2\/categories?post=170679"},{"taxonomy":"post_tag","embeddable":true,"href":"https:\/\/www.europesays.com\/sk\/wp-json\/wp\/v2\/tags?post=170679"}],"curies":[{"name":"wp","href":"https:\/\/api.w.org\/{rel}","templated":true}]}}