{"id":170681,"date":"2026-09-04T18:18:12","date_gmt":"2026-09-04T18:18:12","guid":{"rendered":"https:\/\/www.europesays.com\/sk\/170681\/"},"modified":"2026-09-04T18:18:12","modified_gmt":"2026-09-04T18:18:12","slug":"slovensky-vynalez-ma-menit-boj-o-zivot-pacientov-dokaze-zachytit-aj-infarkty-ktore-bezna-diagnostika-prehliadne-technologie-veda-a-technika","status":"publish","type":"post","link":"https:\/\/www.europesays.com\/sk\/170681\/","title":{"rendered":"Slovensk\u00fd vyn\u00e1lez m\u00e1 meni\u0165 boj o \u017eivot pacientov. Dok\u00e1\u017ee zachyti\u0165 aj infarkty, ktor\u00e9 be\u017en\u00e1 diagnostika prehliadne &#8211; Technol\u00f3gie &#8211; Veda a technika"},"content":{"rendered":"<p>Martin Herman zo spolo\u010dnosti Powerful Medical, ktor\u00e1 stoj\u00ed za syst\u00e9mom, <a target=\"_blank\" href=\"https:\/\/www.facebook.com\/MinisterstvoZdravotnictvaSR\/videos\/1484357486828884\" rel=\"nofollow noopener\">pouk\u00e1zal<\/a> na to, \u017ee nie ka\u017ed\u00fd infarkt sa m\u00f4\u017ee na EKG prejavi\u0165 jednozna\u010dne. \u201ePrv\u00e9 vy\u0161etrenie sa \u010dasto odohr\u00e1va v sanitke alebo na urgentnom pr\u00edjme, kde nemus\u00ed by\u0165 nepretr\u017eite dostupn\u00fd odborn\u00edk na EKG. Niektor\u00ed pacienti preto \u010dakaj\u00fa na spr\u00e1vnu lie\u010dbu cel\u00e9 hodiny, v niektor\u00fdch pr\u00edpadoch aj dni, a ka\u017ed\u00e1 min\u00fata bez prietoku krvi znamen\u00e1 \u010fal\u0161ie nezvratn\u00e9 po\u0161kodenie srdcov\u00e9ho svalu. Straten\u00fd \u010das sa teda m\u00f4\u017ee zmeni\u0165 na roky \u017eivota so srdcov\u00fdm zlyh\u00e1van\u00edm a v najhor\u0161om pr\u00edpade m\u00f4\u017ee vies\u0165 a\u017e k smrti,\u201c uviedol. <\/p>\n<p>Syst\u00e9m pod\u013ea jeho slov dok\u00e1\u017ee v priebehu nieko\u013ek\u00fdch sek\u00fand vyhodnoti\u0165 EKG a rozpozna\u0165 viac ako 50 diagn\u00f3z. \u201ePMcardio u\u017e dnes celosvetovo pou\u017e\u00edva viac ako 200.000 zdravotn\u00edkov a v Eur\u00f3pe m\u00e1 certifik\u00e1ciu zdravotn\u00edckej pom\u00f4cky. N\u00e1\u0161 k\u013e\u00fa\u010dov\u00fd prelom v\u0161ak spo\u010d\u00edva pr\u00e1ve v diagnostike infarktu &#8211; umel\u00e1 inteligencia dok\u00e1\u017ee rozpozna\u0165 aj pacientov, ktor\u00fdch be\u017en\u00e9 diagnostick\u00e9 met\u00f3dy prehliadaj\u00fa,\u201c povedal.<\/p>\n<p>Video<br \/>\nOdli\u0161uj\u00fa sa pr\u00edznaky infarktu u mlad\u00e9ho \u010dloveka a seniora? O svojom 18-ro\u010dnom pacientovi, ktor\u00fd dostal infarkt, hovor\u00ed kardiol\u00f3g z Nitry<\/p>\n<p>\nZdroj:<br \/>\nTV Pravda<br \/>\nRobert H\u00fcttner\n<\/p>\n<p>Spolu s ministrom zd\u00f4raznil, \u017ee kone\u010dn\u00e9 rozhodnutie v\u0161ak v\u017edy zost\u00e1va na zdravotn\u00edkoch. \u201eV \u017eiadnom pr\u00edpade nejde o s\u00fa\u0165a\u017e medzi umelou inteligenciou a lek\u00e1rom. Technol\u00f3gia a umel\u00e1 inteligencia je iba n\u00e1stroj v ruk\u00e1ch lek\u00e1ra, ale na konci d\u0148a tak\u00e1to technol\u00f3gia mus\u00ed v\u017edy sl\u00fa\u017ei\u0165 \u013eu\u010fom a nikdy, nikdy nie naopak. A preto kone\u010dn\u00e9 klinick\u00e9 rozhodnutie mus\u00ed v\u017edy zosta\u0165 v ruk\u00e1ch zdravotn\u00edka a zav\u00e1dzanie ka\u017edej takejto novej technol\u00f3gie mus\u00ed st\u00e1\u0165 na vedeck\u00fdch d\u00f4kazoch, bezpe\u010dnosti a predov\u0161etk\u00fdm jasnom pr\u00ednose pre pacienta,\u201c povedal \u0161\u00e9f rezortu.<\/p>\n<p>Herman z\u00e1rove\u0148 dodal, \u017ee syst\u00e9m z\u00edskal aj povolenie na uvedenie na americk\u00fd trh. \u201eTechnol\u00f3gia, ktor\u00e1 vznikla na Slovensku, tak m\u00f4\u017ee pom\u00e1ha\u0165 lek\u00e1rom rozpozna\u0165 infarkt v\u010das aj v Spojen\u00fdch \u0161t\u00e1toch americk\u00fdch,\u201c skon\u0161tatoval.<\/p>\n<p><a href=\"https:\/\/debata.pravda.sk\/debata\/2035995-slovensky-vynalez-ma-menit-boj-o-zivot-pacientov-dokaze-zachytit-aj-infarkty-ktore-bezna-diagnostika-prehliadne\/\" class=\"detail_text_socials_item debata debata-count-decorator\" rel=\"nofollow noopener\" target=\"_blank\"><\/p>\n<p>debata<\/p>\n<p><\/a><\/p>\n<p><a href=\"https:\/\/www.pravda.sk\/mreporter\" class=\"detail_text_socials_item hide\" id=\"mreporter-button\" rel=\"nofollow noopener\" target=\"_blank\"><\/p>\n<p>mReport\u00e9r<\/p>\n<p><\/a><\/p>\n<p><img decoding=\"async\" src=\"https:\/\/ipravda.sk\/res\/www\/sorry.svg\" alt=\"\u013dutujeme\" height=\"75\"\/><\/p>\n<p>V\u00e1\u017een\u00ed \u010ditatelia, pod t\u00fdmto \u010dl\u00e1nkom sme neumo\u017enili diskusiu<\/p>\n<p>\nObsah \u010dl\u00e1nku a sk\u00fasenosti s administr\u00e1ciou deb\u00e1t n\u00e1m d\u00e1vaj\u00fa predpoklad, \u017ee aj na tomto mieste by prib\u00fadali<br \/>\npreva\u017ene pr\u00edspevky, ktor\u00e9 by boli v rozpore s pravidlami debaty aj dobr\u00fdmi mravmi.\n<\/p>\n<p>\n\u010eakujeme za pochopenie a te\u0161\u00edme sa na slu\u0161n\u00e9 debaty pod in\u00fdmi \u010dl\u00e1nkami.\n<\/p>\n<p>Rozumiem<\/p>\n","protected":false},"excerpt":{"rendered":"Martin Herman zo spolo\u010dnosti Powerful Medical, ktor\u00e1 stoj\u00ed za syst\u00e9mom, pouk\u00e1zal na to, \u017ee nie ka\u017ed\u00fd infarkt sa&hellip;\n","protected":false},"author":2,"featured_media":170682,"comment_status":"","ping_status":"","sticky":false,"template":"","format":"standard","meta":{"footnotes":"","_share_on_mastodon":"0"},"categories":[6],"tags":[43,40,44,39,42,45,41],"class_list":["post-170681","post","type-post","status-publish","format-standard","has-post-thumbnail","category-slovensko","tag-sk","tag-slovak","tag-slovak-republic","tag-slovakia","tag-slovencina","tag-slovenska-republika","tag-slovensko"],"share_on_mastodon":{"url":"https:\/\/pubeurope.com\/@sk\/117214151217411616","error":""},"_links":{"self":[{"href":"https:\/\/www.europesays.com\/sk\/wp-json\/wp\/v2\/posts\/170681","targetHints":{"allow":["GET"]}}],"collection":[{"href":"https:\/\/www.europesays.com\/sk\/wp-json\/wp\/v2\/posts"}],"about":[{"href":"https:\/\/www.europesays.com\/sk\/wp-json\/wp\/v2\/types\/post"}],"author":[{"embeddable":true,"href":"https:\/\/www.europesays.com\/sk\/wp-json\/wp\/v2\/users\/2"}],"replies":[{"embeddable":true,"href":"https:\/\/www.europesays.com\/sk\/wp-json\/wp\/v2\/comments?post=170681"}],"version-history":[{"count":0,"href":"https:\/\/www.europesays.com\/sk\/wp-json\/wp\/v2\/posts\/170681\/revisions"}],"wp:featuredmedia":[{"embeddable":true,"href":"https:\/\/www.europesays.com\/sk\/wp-json\/wp\/v2\/media\/170682"}],"wp:attachment":[{"href":"https:\/\/www.europesays.com\/sk\/wp-json\/wp\/v2\/media?parent=170681"}],"wp:term":[{"taxonomy":"category","embeddable":true,"href":"https:\/\/www.europesays.com\/sk\/wp-json\/wp\/v2\/categories?post=170681"},{"taxonomy":"post_tag","embeddable":true,"href":"https:\/\/www.europesays.com\/sk\/wp-json\/wp\/v2\/tags?post=170681"}],"curies":[{"name":"wp","href":"https:\/\/api.w.org\/{rel}","templated":true}]}}