{"id":170693,"date":"2026-09-04T18:41:12","date_gmt":"2026-09-04T18:41:12","guid":{"rendered":"https:\/\/www.europesays.com\/sk\/170693\/"},"modified":"2026-09-04T18:41:12","modified_gmt":"2026-09-04T18:41:12","slug":"kraska-z-ruze-pre-nevestu-hanba-v-superstar-habera-jej-drsne-nalozil-marika-povedal-by-som-ze-2","status":"publish","type":"post","link":"https:\/\/www.europesays.com\/sk\/170693\/","title":{"rendered":"Kr\u00e1ska z Ru\u017ee pre nevestu: HANBA v SuperStar! Habera jej drsne nalo\u017eil: Marika, povedal by som, \u017ee&#8230;"},"content":{"rendered":"\n<p article=\"[object Object]\" class=\"md:text-article-content leading-relaxed md:leading-normal mt-5 lg:mt-10 false\">Na telev\u00edzne obrazovky sa v stredu 2. septembra 2026 po p\u00e4\u0165ro\u010dnej pauze vr\u00e1tila ob\u013e\u00faben\u00e1 spev\u00e1cka \u0161ou SuperStar. \u00davodn\u00e1 epiz\u00f3da novej s\u00e9rie priniesla nov\u00fa porotu, dychvyr\u00e1\u017eaj\u00face spev\u00e1cke v\u00fdkony, ve\u013ek\u00e9 em\u00f3cie aj mno\u017estvo prekvapen\u00ed.<\/p>\n<p article=\"[object Object]\" class=\"md:text-article-content leading-relaxed md:leading-normal mt-5 lg:mt-10 false\">Jednou zo s\u00fa\u0165a\u017eiacich bola aj Marika Tremkov\u00e1, ktor\u00e1 pre vern\u00fdch div\u00e1kov telev\u00edzie Mark\u00edza nebola \u017eiadnou nezn\u00e1mou. Charizmatick\u00e1 blond\u00ednka bojovala o srdce \u00faspe\u0161n\u00e9ho realitn\u00e9ho makl\u00e9ra Adriana Chabadu v \u0161ou Ru\u017ea pre nevestu. U\u017e v romantickej \u0161ou predv\u00e1dzala svoj spev\u00e1cky talent.<\/p>\n<p article=\"[object Object]\" class=\"md:text-article-content leading-relaxed md:leading-normal mt-5 lg:mt-10 false\">Pre porotu to nebolo \u017eiadne tajomstvo. Spev\u00e1k Calin ju dokonca hne\u010f spoznal a spom\u00ednal, ako v Ru\u017ei pre nevestu pou\u017e\u00edvala b\u00e1bku. Okrem spevu sa toti\u017e venuje aj b\u00e1bkoherectvu. Dvadsa\u0165dvaro\u010dn\u00e1 Marika zaspievala piese\u0148 od legend\u00e1rnej Beyonc\u00e9 s n\u00e1zvom If I Were a Boy.<\/p>\n<p article=\"[object Object]\" class=\"md:text-article-content leading-relaxed md:leading-normal mt-5 lg:mt-10 false\">A ak\u00e1 bola reakcia poroty? Ako prv\u00fd sa slova ujal ob\u00e1van\u00fd kat Pa\u013eo Habera. &#8222;Marika, povedal by som, \u017ee ty si si vybrala pesni\u010dku, v ktorej si n\u00e1m uk\u00e1zala, ak\u00fd nem\u00e1\u0161 rozsah. Za\u010diatok bol pre teba n\u00edzko a ke\u010f pri\u0161la o okt\u00e1vu vy\u0161\u0161ie pas\u00e1\u017e, tak to bolo zase pre teba vysoko. Fr\u00e1zovanie ani nehovor\u00edm. Skr\u00e1tka, nebolo tam ni\u010d dobr\u00e9. Absol\u00fatne ni\u010d nebolo dobr\u00e9,&#8220; nebral si serv\u00edtky pred \u00fasta.<\/p>\n<p article=\"[object Object]\" class=\"md:text-article-content leading-relaxed md:leading-normal mt-5 lg:mt-10 false\">Jeho slov\u00e1 \u0161okovali porotky\u0148u Ewu Farnu. &#8222;\u010co? Ty si rozmaznan\u00fd pod\u013ea m\u0148a,&#8220; reagovala. Mariky sa zastal aj Calin, ktor\u00fd sa jej sp\u00fdtal, \u010di m\u00e1 na kasting pripraven\u00fa aj nejak\u00fa \u013eudovku. Pr\u00e1ve \u013eudov\u00e9 piesne predv\u00e1dzala aj v Ru\u017ei pre nevestu a na koncertoch so svojou kapelou.<\/p>\n<p article=\"[object Object]\" class=\"md:text-article-content leading-relaxed md:leading-normal mt-5 lg:mt-10 false\">Marika sa nevzdala a porote sa rozhodla zaspieva\u0165 piese\u0148 \u010cervena ru\u017ea trojaka. VIDEO n\u00e1jdete na konci \u010dl\u00e1nku. Tento v\u00fdkon sa porote u\u017e pozd\u00e1val viac. &#8222;Tak dobre, tak to skr\u00e1\u0165me. Teraz sa dozvie\u0161, \u010di \u00e1no, alebo nie. Ja hovor\u00edm, \u017ee nie,&#8220; vyhl\u00e1sil Habera. Ewa Farna aj Jakub Pracha\u0159 povedali okam\u017eite \u00e1no. Rozhodnutie tak zostalo na Calinovi. &#8222;Ja si mysl\u00edm, \u017ee sa v\u0161etky \u0161t\u00fdly bud\u00fa vraca\u0165 a ja si mysl\u00edm, \u017ee tu je priestor pre \u013eudovku. Ja hovor\u00edm \u00e1no,&#8220; rozhodol raper.<\/p>\n<p article=\"[object Object]\" class=\"md:text-article-content leading-relaxed md:leading-normal mt-5 lg:mt-10 false\">O samotnom postupe Mariky do \u010fal\u0161ieho kola rozhodli porotcovia a\u017e ve\u010der. V ka\u017edej \u010dasti bud\u00fa porotcovia vybera\u0165, kto si zasl\u00fa\u017ei postup do SuperV\u00fdber TOP 50. \u0160tyria s\u00fa\u0165a\u017eiaci dostali v prvej epiz\u00f3de takzvan\u00fd golden ticket, teda priamy postup do SuperV\u00fdber TOP 50. V \u00favodnej epiz\u00f3de sa rozhodovali medzi trin\u00e1stimi kandid\u00e1tmi. Niektor\u00ed museli dokonca op\u00e4\u0165 spieva\u0165. Marika v\u0161ak do divadla nepost\u00fapila. <\/p>\n","protected":false},"excerpt":{"rendered":"Na telev\u00edzne obrazovky sa v stredu 2. septembra 2026 po p\u00e4\u0165ro\u010dnej pauze vr\u00e1tila ob\u013e\u00faben\u00e1 spev\u00e1cka \u0161ou SuperStar. \u00davodn\u00e1&hellip;\n","protected":false},"author":2,"featured_media":170694,"comment_status":"","ping_status":"","sticky":false,"template":"","format":"standard","meta":{"footnotes":"","_share_on_mastodon":"0"},"categories":[15],"tags":[70,43,40,39,42,41,71],"class_list":["post-170693","post","type-post","status-publish","format-standard","has-post-thumbnail","category-zabava","tag-entertainment","tag-sk","tag-slovak","tag-slovakia","tag-slovencina","tag-slovensko","tag-zabava"],"share_on_mastodon":{"url":"https:\/\/pubeurope.com\/@sk\/117214241534410274","error":""},"_links":{"self":[{"href":"https:\/\/www.europesays.com\/sk\/wp-json\/wp\/v2\/posts\/170693","targetHints":{"allow":["GET"]}}],"collection":[{"href":"https:\/\/www.europesays.com\/sk\/wp-json\/wp\/v2\/posts"}],"about":[{"href":"https:\/\/www.europesays.com\/sk\/wp-json\/wp\/v2\/types\/post"}],"author":[{"embeddable":true,"href":"https:\/\/www.europesays.com\/sk\/wp-json\/wp\/v2\/users\/2"}],"replies":[{"embeddable":true,"href":"https:\/\/www.europesays.com\/sk\/wp-json\/wp\/v2\/comments?post=170693"}],"version-history":[{"count":0,"href":"https:\/\/www.europesays.com\/sk\/wp-json\/wp\/v2\/posts\/170693\/revisions"}],"wp:featuredmedia":[{"embeddable":true,"href":"https:\/\/www.europesays.com\/sk\/wp-json\/wp\/v2\/media\/170694"}],"wp:attachment":[{"href":"https:\/\/www.europesays.com\/sk\/wp-json\/wp\/v2\/media?parent=170693"}],"wp:term":[{"taxonomy":"category","embeddable":true,"href":"https:\/\/www.europesays.com\/sk\/wp-json\/wp\/v2\/categories?post=170693"},{"taxonomy":"post_tag","embeddable":true,"href":"https:\/\/www.europesays.com\/sk\/wp-json\/wp\/v2\/tags?post=170693"}],"curies":[{"name":"wp","href":"https:\/\/api.w.org\/{rel}","templated":true}]}}