{"id":170695,"date":"2026-09-04T18:42:09","date_gmt":"2026-09-04T18:42:09","guid":{"rendered":"https:\/\/www.europesays.com\/sk\/170695\/"},"modified":"2026-09-04T18:42:09","modified_gmt":"2026-09-04T18:42:09","slug":"diamantova-liga-emma-zapletalova-na-2-mieste-v-bruseli","status":"publish","type":"post","link":"https:\/\/www.europesays.com\/sk\/170695\/","title":{"rendered":"Diamantov\u00e1 liga \/ Emma Zapletalov\u00e1 na 2. mieste v Bruseli"},"content":{"rendered":"<p>Slovensk\u00e1 atl\u00e9tka Emma Zapletalov\u00e1 obsadila druh\u00e9 miesto v behu na 400 m prek\u00e1\u017eok vo fin\u00e1le Diamantovej ligy. V piatkov\u00fdch pretekoch v Bruseli fini\u0161ovala v \u010dase 53,10 sekundy a o dev\u00e4\u0165 stot\u00edn ju zdolala iba Ameri\u010danka Anna Cockrellov\u00e1.<\/p>\n<p>\u00daraduj\u00faca majsterka Eur\u00f3py mala v chladnej\u0161\u00edch podmienkach v Belgicku pomal\u0161\u00ed \u0161tart, no postupne sa prepracovala dopredu. Na piatej prek\u00e1\u017eke figurovala na \u0161tvrtom mieste, v silnom z\u00e1vere zdolala Belgi\u010danku Paulien Couckuytov\u00fa a do\u0165ahovala sa aj na Cockrellov\u00fa, ktor\u00fa v\u0161ak u\u017e nepredbehla.\u00a0\u00a0\u00a0\u00a0\u00a0\u00a0\u00a0\u00a0<\/p>\n<p>Dvadsa\u0165\u0161es\u0165ro\u010dn\u00e1 Slovenka vyhrala \u00favodn\u00fdch p\u00e4\u0165 \u0161tandardn\u00fdch m\u00edtingov Diamantovej ligy (Rabat, R\u00edm, Oslo, Dauh\u00e1, Lausanne) a neuspela iba v poslednom z nich v Z\u00fcrichu, kde po zakopnut\u00ed na predposlednej prek\u00e1\u017eke obsadila 6. prie\u010dku. Vo \u0160vaj\u010diarsku zv\u00ed\u0165azila Cockrellov\u00e1, ktor\u00e1 vtedy \u010dasom 52,13 vzala Zapletalovej svetov\u00fd v\u00fdkon roka a v Bruseli bola jej najv\u00e4\u010d\u0161ia s\u00faperka, \u010do aj potvrdila.\u00a0\u00a0\u00a0\u00a0\u00a0\u00a0\u00a0\u00a0<\/p>\n<p>Zverenka tr\u00e9nera Brama Petersa tak skon\u010dila vo fin\u00e1le Diamantovej ligy rovnako ako vlani na 2. prie\u010dke. Pred rokom sa postarala o najlep\u0161ie umiestnenie slovensk\u00e9ho atl\u00e9ta v hist\u00f3rii podujatia a sta\u010dil jej k tomu \u010das 53,18. Zdolala ju iba Femke Brodersov\u00e1-Bolov\u00e1, ktor\u00e1 si prip\u00edsala piaty triumf v s\u00e9rii. Holan\u010fanka v\u0161ak u\u017e zmenila discipl\u00ednu na 800 m.<\/p>\n<p>Fin\u00e1le Diamantovej ligy v Bruseli:<\/p>\n<p class=\"cifra\">\u017deny<\/p>\n<p>400 m prek.: <br \/>1. Anna Cockrellov\u00e1 (USA) 53,01 s<br \/>2. Emma ZAPLETALOV\u00c1 (SR) 53,10<br \/>3. Paulien Couckuytov\u00e1 (Belg.) 53,20<\/p><\/p>\n","protected":false},"excerpt":{"rendered":"Slovensk\u00e1 atl\u00e9tka Emma Zapletalov\u00e1 obsadila druh\u00e9 miesto v behu na 400 m prek\u00e1\u017eok vo fin\u00e1le Diamantovej ligy. V&hellip;\n","protected":false},"author":2,"featured_media":170696,"comment_status":"","ping_status":"","sticky":false,"template":"","format":"standard","meta":{"footnotes":"","_share_on_mastodon":"0"},"categories":[13],"tags":[550,552,43,40,39,42,41,69,68],"class_list":["post-170695","post","type-post","status-publish","format-standard","has-post-thumbnail","category-sport","tag-atletika","tag-emma-zapletalova","tag-sk","tag-slovak","tag-slovakia","tag-slovencina","tag-slovensko","tag-sport","tag-sports"],"share_on_mastodon":{"url":"https:\/\/pubeurope.com\/@sk\/117214245587618837","error":""},"_links":{"self":[{"href":"https:\/\/www.europesays.com\/sk\/wp-json\/wp\/v2\/posts\/170695","targetHints":{"allow":["GET"]}}],"collection":[{"href":"https:\/\/www.europesays.com\/sk\/wp-json\/wp\/v2\/posts"}],"about":[{"href":"https:\/\/www.europesays.com\/sk\/wp-json\/wp\/v2\/types\/post"}],"author":[{"embeddable":true,"href":"https:\/\/www.europesays.com\/sk\/wp-json\/wp\/v2\/users\/2"}],"replies":[{"embeddable":true,"href":"https:\/\/www.europesays.com\/sk\/wp-json\/wp\/v2\/comments?post=170695"}],"version-history":[{"count":0,"href":"https:\/\/www.europesays.com\/sk\/wp-json\/wp\/v2\/posts\/170695\/revisions"}],"wp:featuredmedia":[{"embeddable":true,"href":"https:\/\/www.europesays.com\/sk\/wp-json\/wp\/v2\/media\/170696"}],"wp:attachment":[{"href":"https:\/\/www.europesays.com\/sk\/wp-json\/wp\/v2\/media?parent=170695"}],"wp:term":[{"taxonomy":"category","embeddable":true,"href":"https:\/\/www.europesays.com\/sk\/wp-json\/wp\/v2\/categories?post=170695"},{"taxonomy":"post_tag","embeddable":true,"href":"https:\/\/www.europesays.com\/sk\/wp-json\/wp\/v2\/tags?post=170695"}],"curies":[{"name":"wp","href":"https:\/\/api.w.org\/{rel}","templated":true}]}}