{"id":170697,"date":"2026-09-04T18:43:12","date_gmt":"2026-09-04T18:43:12","guid":{"rendered":"https:\/\/www.europesays.com\/sk\/170697\/"},"modified":"2026-09-04T18:43:12","modified_gmt":"2026-09-04T18:43:12","slug":"nemecka-vlajkova-lod-dostala-tvrdy-uder-drasticky-liek-pre-celu-europu-komentare-nazory","status":"publish","type":"post","link":"https:\/\/www.europesays.com\/sk\/170697\/","title":{"rendered":"Nemeck\u00e1 vlajkov\u00e1 lo\u010f dostala tvrd\u00fd \u00fader. Drastick\u00fd liek pre cel\u00fa Eur\u00f3pu &#8211; Koment\u00e1re &#8211; N\u00e1zory"},"content":{"rendered":"<p>Volkswagen nie je bezv\u00fdznamn\u00fd v\u00fdrobca \u00e1ut. Ide o nemeck\u00fa vlajkov\u00fa lo\u010f. A Nemecko je motorom eur\u00f3pskej ekonomiky. \u201eSkap\u00edna\u201c. \u010cakaj\u00fa revolu\u010dn\u00e9 zmeny aj cel\u00e9 Nemecko a Eur\u00f3pu?<\/p>\n<p>Volkswagen dlho \u0165a\u017eil z lacnej pracovnej sily vo v\u00fdchodnej a v strednej Eur\u00f3pe, z mas\u00edvneho predaja v \u010c\u00edne a z technologickej vyspelosti. To je minulos\u0165. V \u010c\u00edne sa aut\u00e1 vyr\u00e1baj\u00fa niekedy aj o 50 % lacnej\u0161ie, v elektromobiloch v\u00fdchodn\u00e1 mocnos\u0165 odbehla Eur\u00f3pe na m\u00edle a dobehla ju aj v aut\u00e1ch so spa\u013eovac\u00edmi motormi, v bezpe\u010dnosti \u010di r\u00f4znych \u201evychyt\u00e1vkach\u201c. Zlat\u00e1 \u00e9ra skon\u010dila.<\/p>\n<p>Len\u017ee koniec zlat\u00fdch \u010dasov v nemeckom koncerne akosi nepredpokladali. Nepripravili sa, inak by nemohol st\u00e1\u0165 nad priepas\u0165ou. Deje sa tak v celej nemeckej ekonomike. Nemci sa roky zaoberali podru\u017en\u00fdmi t\u00e9mami (a vnucovali ich ostatn\u00fdm). Po rokoch sa uk\u00e1zalo, \u017ee sa riadne m\u00fdlili \u2013 v migr\u00e1cii a povinnom prechode na elektromobily, ten bol riadny \u201e\u00falet\u201c. V\u00f4bec si neuvedomili, \u017ee vo\u010di \u010d\u00ednskej konkurencii nebud\u00fa ma\u0165 eur\u00f3pske automobilky \u017eiadnu \u0161ancu. \u0160vec sa nedr\u017eal svojho kopyta, ale pustil sa do dobrodru\u017estiev.<\/p>\n<p>\nVideo<br \/>\nMOTORING &#8211; Volkswagen Touareg Final Edition<\/p>\n<p>U\u017e azda nikto nepochybuje, \u017ee eur\u00f3pska ekonomika potrebuje revolu\u010dn\u00e9 zmeny. Ned\u00e1vno bola zalo\u017een\u00e1 R\u00fdnska skupina zlo\u017een\u00e1 z r\u00f4znych mana\u017e\u00e9rov, ekon\u00f3mov, akademikov, podnikate\u013eov a in\u00fdch l\u00eddrov. V nadv\u00e4znosti na zn\u00e1mu Draghiho spr\u00e1vu mieni Eur\u00f3pe \u201enaordinova\u0165\u201c ekonomick\u00fa \u201eprestavbu\u201c. To, \u017ee Volkswagen urobil dobre, pochv\u00e1lili aj investori \u2013 na nemeckej burze sa akcie koncernu posilnili okam\u017eite o 5 %.<\/p>\n<p>Volkswagen bude preferova\u0165 v\u00fdrobu SUV \u2013 vy\u0161\u0161ia miera zisku oproti  mal\u00fdm aut\u00e1m. Len aby sa Nemci neprepo\u010d\u00edtali ako pri elektromobiloch. A nie s\u00fa SUV oproti mal\u00fdm aut\u00e1m ekologicky \u0161kodlivej\u0161ie? Tak\u00e1 u\u017e je zelen\u00e1 politika Eur\u00f3panov. <\/p>\n<p>Vedenie schv\u00e1lilo prepustenie \u010fal\u0161\u00edch 50-tis\u00edc \u013eud\u00ed, navy\u0161e oproti u\u017e avizovan\u00fdm 50-tis\u00edcom \u2013 spolu tak od\u00edde 100-tis\u00edc (spolu ich je 660-t\u00edsic v 115 z\u00e1vodoch po celom svete). Po roku 2030 sa v Nemecku zatvoria \u0161tyri fabriky. Jedna u\u017e po 24 rokoch skon\u010dila \u2013 v Dr\u00e1\u017e\u010fanoch. V eur\u00f3pskych podnikoch sa d\u00e1 vyrobi\u0165 o 500-tis\u00edc \u00e1ut viac, ako sa dok\u00e1\u017ee preda\u0165.<\/p>\n<p>Pred\u00e1 sa zna\u010dka Ducati (motorky) a skon\u010di\u0165 by mal \u0161panielsky Seat, Cupra zostane. Koncern pred\u00e1 svoje podiely a\u017e v 700 spolo\u010dnostiach (z 2 000). Zbav\u00ed sa bytov, pozemkov, nehnute\u013enost\u00ed \u2013 za dve miliardy eur (spolu ich vlastn\u00ed v sume a\u017e 35 mili\u00e1rd eur). \u0160kode ni\u010d nehroz\u00ed, dar\u00ed sa je. Rovnako bratislavsk\u00fd z\u00e1vod zatia\u013e nie je hrozen\u00fd. A vlastne ani v Nemecku koniec v\u00fdroby \u00e1ut v \u0161tyroch z\u00e1vodoch nemus\u00ed znamena\u0165 koniec v\u00fdroby. Pravdepodobne sa fabriky preorientuj\u00fa na v\u00fdrobu zbran\u00ed. Eur\u00f3pa ich m\u00e1 nedostatok, prespala dobu, aj Ukrajina jej technologicky u\u0161la.<\/p>\n<p>E\u0161te jedna radik\u00e1lna zmena. Volkswagen obmedz\u00ed po\u010det pon\u00fakan\u00fdch modelov o 50 % a variantov modelov a\u017e o 75 % (v\u00fdbava \u0161it\u00e1 na mieru a r\u00f4zne technick\u00e9 vymo\u017eenosti). Spr\u00e1vne: k \u010domu sl\u00fa\u017eila to\u013ek\u00e1 rozmaznanos\u0165? Ve\u010f u\u017e to bolo smie\u0161ne. Viac unifik\u00e1cie a s\u00e9riovej v\u00fdroby zn\u00ed\u017ei n\u00e1klady. Firma bude preferova\u0165 v\u00fdrobu SUV \u2013 vy\u0161\u0161ia miera zisku oproti mal\u00fdm aut\u00e1m. Len aby sa Nemci neprepo\u010d\u00edtali ako pri elektromobiloch. A nie s\u00fa SUV oproti mal\u00fdm aut\u00e1m ekologicky \u0161kodlivej\u0161ie? Tak\u00e1 u\u017e je zelen\u00e1 politika Eur\u00f3panov.<\/p>\n<p>Kr\u00edza eur\u00f3pskych automobiliek a inv\u00e1zia \u010d\u00ednskych automaticky neznamen\u00e1, \u017ee na\u0161im aut\u00e1m odzvonilo. \u013dudia nebud\u00fa kupova\u0165 len \u010d\u00ednske aut\u00e1, tob\u00f4\u017e nie elektromobily. Iste, eur\u00f3pske aut\u00e1 sa bud\u00fa menej pred\u00e1va\u0165, ale zostan\u00fa. To sk\u00f4r \u201cpremno\u017een\u00e9\u201c \u010d\u00ednske automobilky \u010dak\u00e1 p\u00e1d z ve\u013ekej v\u00fd\u0161ky na tvrd\u00fa zem.<\/p>\n<p>N\u00e1s sk\u00f4r zauj\u00edma, kedy sa za\u010dne re\u0161trukturalizova\u0165 eur\u00f3pska ekonomika, kedy l\u00eddri v E\u00da kone\u010dne dostan\u00fa rozum. Lebo inak n\u00e1s \u010dak\u00e1 e\u0161te drastickej\u0161ia k\u00fara ako Volkswagen.<\/p>\n<p>\u00a9 Autorsk\u00e9 pr\u00e1va vyhraden\u00e9<\/p>\n<p><a href=\"https:\/\/debata.pravda.sk\/debata\/2035981-nemecka-vlajkova-lod-dostala-tvrdy-uder-drasticky-liek-pre-celu-europu\/\" class=\"detail_text_socials_item debata debata-count-decorator\" data-count=\"6\" rel=\"nofollow noopener\" target=\"_blank\"><\/p>\n<p>debata<\/p>\n<p><\/a><\/p>\n<p><a href=\"https:\/\/www.pravda.sk\/mreporter\" class=\"detail_text_socials_item hide\" id=\"mreporter-button\" rel=\"nofollow noopener\" target=\"_blank\"><\/p>\n<p>mReport\u00e9r<\/p>\n<p><\/a><\/p>\n<p><img decoding=\"async\" src=\"https:\/\/ipravda.sk\/res\/www\/sorry.svg\" alt=\"\u013dutujeme\" height=\"75\"\/><\/p>\n<p>V\u00e1\u017een\u00ed \u010ditatelia, pod t\u00fdmto \u010dl\u00e1nkom sme diskusiu zastavili<\/p>\n<p>\nPrevl\u00e1dali v nej pr\u00edspevky, ktor\u00e9 boli v rozpore s pravidlami debaty aj dobr\u00fdmi mravmi. Cel\u00fa debatu sme<br \/>\nvymazali, autorom v\u0161etk\u00fdch slu\u0161n\u00fdch pr\u00edspevkov sa ospravedl\u0148ujeme.\n<\/p>\n<p>\n\u010eakujeme za pochopenie a te\u0161\u00edme sa na slu\u0161n\u00e9 debaty pod in\u00fdmi \u010dl\u00e1nkami.\n<\/p>\n<p>Rozumiem<\/p>\n","protected":false},"excerpt":{"rendered":"Volkswagen nie je bezv\u00fdznamn\u00fd v\u00fdrobca \u00e1ut. Ide o nemeck\u00fa vlajkov\u00fa lo\u010f. A Nemecko je motorom eur\u00f3pskej ekonomiky. \u201eSkap\u00edna\u201c.&hellip;\n","protected":false},"author":2,"featured_media":170698,"comment_status":"","ping_status":"","sticky":false,"template":"","format":"standard","meta":{"footnotes":"","_share_on_mastodon":"0"},"categories":[11],"tags":[64,65,66,43,40,39,42,41],"class_list":["post-170697","post","type-post","status-publish","format-standard","has-post-thumbnail","category-ekonomika","tag-business","tag-economic","tag-ekonomika","tag-sk","tag-slovak","tag-slovakia","tag-slovencina","tag-slovensko"],"share_on_mastodon":{"url":"https:\/\/pubeurope.com\/@sk\/117214249826834910","error":""},"_links":{"self":[{"href":"https:\/\/www.europesays.com\/sk\/wp-json\/wp\/v2\/posts\/170697","targetHints":{"allow":["GET"]}}],"collection":[{"href":"https:\/\/www.europesays.com\/sk\/wp-json\/wp\/v2\/posts"}],"about":[{"href":"https:\/\/www.europesays.com\/sk\/wp-json\/wp\/v2\/types\/post"}],"author":[{"embeddable":true,"href":"https:\/\/www.europesays.com\/sk\/wp-json\/wp\/v2\/users\/2"}],"replies":[{"embeddable":true,"href":"https:\/\/www.europesays.com\/sk\/wp-json\/wp\/v2\/comments?post=170697"}],"version-history":[{"count":0,"href":"https:\/\/www.europesays.com\/sk\/wp-json\/wp\/v2\/posts\/170697\/revisions"}],"wp:featuredmedia":[{"embeddable":true,"href":"https:\/\/www.europesays.com\/sk\/wp-json\/wp\/v2\/media\/170698"}],"wp:attachment":[{"href":"https:\/\/www.europesays.com\/sk\/wp-json\/wp\/v2\/media?parent=170697"}],"wp:term":[{"taxonomy":"category","embeddable":true,"href":"https:\/\/www.europesays.com\/sk\/wp-json\/wp\/v2\/categories?post=170697"},{"taxonomy":"post_tag","embeddable":true,"href":"https:\/\/www.europesays.com\/sk\/wp-json\/wp\/v2\/tags?post=170697"}],"curies":[{"name":"wp","href":"https:\/\/api.w.org\/{rel}","templated":true}]}}