{"id":170699,"date":"2026-09-04T18:45:13","date_gmt":"2026-09-04T18:45:13","guid":{"rendered":"https:\/\/www.europesays.com\/sk\/170699\/"},"modified":"2026-09-04T18:45:13","modified_gmt":"2026-09-04T18:45:13","slug":"nebezpecna-hra-medzi-ruskom-a-europou-nabera-obratky-staci-jeden-chybny-krok-svet-spravy","status":"publish","type":"post","link":"https:\/\/www.europesays.com\/sk\/170699\/","title":{"rendered":"Nebezpe\u010dn\u00e1 hra medzi Ruskom a Eur\u00f3pou naber\u00e1 obr\u00e1tky. Sta\u010d\u00ed jeden chybn\u00fd krok &#8211; Svet &#8211; Spr\u00e1vy"},"content":{"rendered":"<p>Video<br \/>\nDron s v\u00fdbu\u0161ninou spustil poplach: Tak\u00e9to zbrane nasadia na nemeck\u00fdch letisk\u00e1ch<\/p>\n<p>\nZdroj:<br \/>\nReuters\n<\/p>\n<p>Nemeck\u00ed predstavitelia tento t\u00fd\u017ede\u0148 <a target=\"_blank\" href=\"https:\/\/www.pravda.sk\/spravy\/svet\/clanok\/2034507-dron-s-bombou-sa-objavil-pri-ukrajinskom-lietadle-nemci-uz-poznaju-podozrivych-stopy-vedu-k-rusku\" rel=\"nofollow noopener\">vyhl\u00e1sili<\/a>, \u017ee za incidentom st\u00e1l rusk\u00fd \u0161t\u00e1t. Jeden dron zasiahol zaparkovan\u00e9 ukrajinsk\u00e9 n\u00e1kladn\u00e9 lietadlo, \u010fal\u0161\u00ed sa zrejme zrazil so strojom pri \u0161tarte. Ani jeden v\u0161ak nevybuchol.<\/p>\n<p>Nemeck\u00fd minister vn\u00fatra Alexander Dobrindt v utorok uviedol, \u017ee vy\u0161etrovatelia maj\u00fa d\u00f4kazy, pod\u013ea ktor\u00fdch \u013eudia ovl\u00e1daj\u00faci drony konali \u201ev mene rusk\u00fdch \u0161t\u00e1tnych subjektov\u201c.<\/p>\n<p>\u00datok v Lipsku zapad\u00e1 do \u0161ir\u0161ej s\u00e9rie incidentov v Eur\u00f3pe, <a target=\"_blank\" href=\"https:\/\/www.nytimes.com\/2026\/09\/04\/world\/europe\/russia-europe-nato-sabotage.html\" rel=\"nofollow noopener\">upozor\u0148uje<\/a> denn\u00edk The New York Times (NYT). Bezpe\u010dnostn\u00e9 org\u00e1ny vy\u0161etruj\u00fa aj pl\u00e1ny na umiestnenie z\u00e1paln\u00fdch zariaden\u00ed do n\u00e1kladn\u00fdch lietadiel DHL, pokusy o po\u0161kodenie \u017eelezni\u010dn\u00fdch trat\u00ed v Po\u013esku \u010di po\u017eiare skladov a n\u00e1kupn\u00fdch centier.<\/p>\n<p>Na Slovensku bezpe\u010dnostn\u00e9 zlo\u017eky z\u00e1rove\u0148 prekazili pl\u00e1novan\u00fd podpa\u013ea\u010dsk\u00fd \u00fatok na z\u00e1vod spolo\u010dnosti Skyeton v Haniske, ktor\u00fd<a target=\"_blank\" href=\"https:\/\/www.pravda.sk\/spravy\/domace\/clanok\/2030631-drony-pre-ukrajinu-chceli-vyhodit-do-vzduchu-napalmom-co-vyraba-zavod-ktory-mal-byt-tercom-utoku\" rel=\"nofollow noopener\"> vyr\u00e1ba drony Raybird<\/a> pou\u017e\u00edvan\u00e9 ukrajinskou arm\u00e1dou, pri\u010dom pod\u013ea inform\u00e1ci\u00ed denn\u00edka Pravda vy\u0161etrovatelia <a target=\"_blank\" href=\"https:\/\/www.pravda.sk\/spravy\/domace\/clanok\/2030343-kto-chcel-znicit-fabriku-na-drony-na-vychode-slovenska-ani-jeden-podpalac-nebol-rus-ale\" rel=\"nofollow noopener\">preveruj\u00fa napojenie<\/a> objedn\u00e1vate\u013ea na Rusko.<\/p>\n<p>\nVideo<br \/>\nAkcia DRON: Bezpe\u010dnostn\u00e9 zlo\u017eky zmarili podpa\u013ea\u010dsk\u00fd \u00fatok na fabriku na v\u00fdchode Slovenska<\/p>\n<p>Len tento t\u00fd\u017ede\u0148 za\u010dali nemeck\u00e9 \u00farady preverova\u0165 mo\u017en\u00e9 sabot\u00e1\u017ee vo\u010di zbroj\u00e1rskej spolo\u010dnosti v Mn\u00edchove a dvom elektrick\u00fdm rozvodniam. V Po\u013esku vypukol po\u017eiar v tov\u00e1rni na drony, ktor\u00fd pod\u013ea tamoj\u0161\u00edch predstavite\u013eov s najv\u00e4\u010d\u0161ou pravdepodobnos\u0165ou sp\u00f4sobila sabot\u00e1\u017e. D\u00e1nska spravodajsk\u00e1 slu\u017eba PET z\u00e1rove\u0148 ozn\u00e1mila, \u017ee Rusko verbuje ob\u010danov D\u00e1nska na \u00fatoky proti obrann\u00fdm firm\u00e1m.<\/p>\n<p>\u201eRusk\u00e9 spravodajsk\u00e9 slu\u017eby akt\u00edvne pripravuj\u00fa sabot\u00e1\u017ene akcie namieren\u00e9 proti obrann\u00e9mu priemyslu v D\u00e1nsku,\u201c uviedla PET.<\/p>\n<p>Pod\u013ea z\u00e1padn\u00fdch bezpe\u010dnostn\u00fdch predstavite\u013eov sa podobn\u00e9 oper\u00e1cie za\u010dali objavova\u0165 kr\u00e1tko po za\u010diatku ruskej inv\u00e1zie na Ukrajinu v roku 2022, v poslednom obdob\u00ed v\u0161ak ich po\u010det aj intenzita rast\u00fa. Z\u00e1padn\u00e9 spravodajsk\u00e9 slu\u017eby z\u00e1rove\u0148 pod\u013ea medializovan\u00fdch inform\u00e1ci\u00ed preveruj\u00fa mo\u017enos\u0165, \u017ee Moskva pripravuje \u010fal\u0161iu vojensk\u00fa provok\u00e1ciu alebo obmedzen\u00fd incident na v\u00fdchodnom kr\u00eddle NATO.<\/p>\n<p>Predsedn\u00ed\u010dka Eur\u00f3pskej komisie Ursula von der Leyenov\u00e1 v stredu <a target=\"_blank\" href=\"https:\/\/www.pravda.sk\/spravy\/svet\/clanok\/2034693-europa-vstupila-do-novej-ery-nato-eu-rusko-sabotaz-leyenova-rutte\" rel=\"nofollow noopener\">povedala<\/a>, \u017ee Eur\u00f3pa si mus\u00ed zvykn\u00fa\u0165 na zhor\u0161uj\u00face sa bezpe\u010dnostn\u00e9 prostredie. \u201eEur\u00f3pania \u010delia tvrdej pravde, \u017ee toto je nov\u00fd norm\u00e1l. Mus\u00edme zintenz\u00edvni\u0165 na\u0161e \u00fasilie, \u010do znamen\u00e1 by\u0165 pripraven\u00ed reagova\u0165 na rusk\u00fa bezoh\u013eadnos\u0165 lep\u0161ie a r\u00fdchlej\u0161ie,\u201c uviedla.<\/p>\n<p>Video<br \/>\nPellegrini chce po prekazenej sabot\u00e1\u017ei mimoriadne rie\u0161enia. \u017diada vl\u00e1du, aby ur\u00fdchlene konala<\/p>\n<p>\nZdroj:<br \/>\nPeter Pellegrini\n<\/p>\n<p>Pod\u013ea expertov m\u00f4\u017ee by\u0165 n\u00e1rast incidentov \u010diasto\u010dne d\u00f4sledkom frustr\u00e1cie rusk\u00e9ho prezidenta Vladimira Putina z v\u00fdvoja vojny proti Ukrajine. Rusk\u00fd postup je pomal\u00fd a straty vysok\u00e9, zatia\u013e \u010do ukrajinsk\u00e9 dia\u013ekov\u00e9 \u00fatoky zasahuj\u00fa ropn\u00e9 rafin\u00e9rie, logistick\u00e9 uzly a \u010fal\u0161ie ciele v Rusku.<\/p>\n<p>Putin dlhodobo tvrd\u00ed, \u017ee Rusko nebojuje iba proti Ukrajine, ale aj proti \u201ekolekt\u00edvnemu Z\u00e1padu\u201c, ktor\u00fd Kyjevu poskytuje zbrane, spravodajsk\u00e9 inform\u00e1cie a technol\u00f3gie. Zapojenie Moskvy do sabot\u00e1\u017e\u00ed v Eur\u00f3pe v\u0161ak odmieta a v pr\u00edpade Lipska nazna\u010dil, \u017ee d\u00f4kazy o ruskej \u00fa\u010dasti mohli nastra\u017ei\u0165 nemeck\u00e9 \u00farady.<\/p>\n<p>Doteraj\u0161ie incidenty si pod\u013ea dostupn\u00fdch inform\u00e1ci\u00ed nevy\u017eiadali obete ani v\u00e1\u017ene zranenia. Pr\u00edpadn\u00e9 krviprelievanie by v\u0161ak pod\u013ea b\u00fdvalej americkej ve\u013evyslankyne pri NATO Julianne Smithovej vytvorilo pre alianciu z\u00e1sadne zlo\u017eitej\u0161iu situ\u00e1ciu.<\/p>\n<p>\u201eRusko malo doteraz dos\u0165 \u0161\u0165astia. V ur\u010ditom okamihu sa to m\u00f4\u017ee vymkn\u00fa\u0165 spod kontroly, niekto sa zran\u00ed a aliancia bude \u010deli\u0165 \u00faplne inej dileme,\u201c povedala Smithov\u00e1.<\/p>\n<p>NATO je pod\u013ea bezpe\u010dnostn\u00fdch expertov lep\u0161ie pripraven\u00e9 na odstra\u0161enie klasickej vojenskej inv\u00e1zie ne\u017e na postupn\u00fa s\u00e9riu sabot\u00e1\u017e\u00ed, kybernetick\u00fdch oper\u00e1ci\u00ed a \u010fal\u0161\u00edch \u00fatokov pod hranicou otvoren\u00e9ho ozbrojen\u00e9ho konfliktu. Z\u00e1padn\u00e9 spravodajsk\u00e9 slu\u017eby pritom nepova\u017euj\u00fa bezprostredn\u00fd rusk\u00fd \u00fatok na \u010dlensk\u00fa krajinu NATO za pravdepodobn\u00fd, najm\u00e4 vzh\u013eadom na nasadenie rusk\u00fdch pozemn\u00fdch s\u00edl na Ukrajine.<\/p>\n<p>Video<br \/>\nV Po\u013esku hu\u010dali sir\u00e9ny. Pri obci na juhov\u00fdchode krajiny na\u0161li desa\u0165metrov\u00fd kr\u00e1ter<\/p>\n<p>\nZdroj:<br \/>\nNEXTA \/ X (Twitter)\n<\/p>\n<p>K\u013e\u00fa\u010dovou ot\u00e1zkou zost\u00e1va, \u010di by sa Moskva pok\u00fasila priamo otestova\u0165 \u010dl\u00e1nok 5 Severoatlantickej zmluvy, pod\u013ea ktor\u00e9ho sa \u00fatok na jedn\u00e9ho \u010dlena pova\u017euje za \u00fatok na v\u0161etk\u00fdch.<\/p>\n<p>Mo\u017enosti otvorenej reakcie s\u00fa obmedzen\u00e9 najm\u00e4 na sankcie a vyhos\u0165ovanie diplomatov. Nemecko po incidente v Lipsku ozn\u00e1milo uzavretie diplomatickej misie a \u010fal\u0161ie cestovn\u00e9 obmedzenia pre Rusov.<\/p>\n<p>Z\u00e1padn\u00e9 krajiny v\u0161ak m\u00f4\u017eu pod\u013ea zdroja reagova\u0165 aj skryto, napr\u00edklad posilnen\u00edm spravodajskej podpory Ukrajiny, kybernetick\u00fdmi oper\u00e1ciami alebo z\u00e1sahmi proti rusk\u00fdm z\u00e1ujmom v in\u00fdch \u010dastiach sveta. Nemeck\u00e1 vl\u00e1da v auguste schv\u00e1lila n\u00e1vrh legislat\u00edvy, ktor\u00e1 by spravodajsk\u00fdm slu\u017eb\u00e1m po s\u00fahlase parlamentu prv\u00fdkr\u00e1t v povojnovej hist\u00f3rii umo\u017enila vykon\u00e1va\u0165 akt\u00edvne oper\u00e1cie vr\u00e1tane sabot\u00e1\u017e\u00ed a kybernetick\u00fdch \u00fatokov.<\/p>\n<p>\u010eal\u0161ou v\u00fdzvou je udr\u017eanie jednotn\u00e9ho postoja v\u0161etk\u00fdch 32 \u010dlenov NATO. Po nemeckom ozn\u00e1men\u00ed vyjadrili viacer\u00ed spojenci Berl\u00ednu podporu, americk\u00fd ve\u013evyslanec pri NATO Matthew G. Whitaker v\u0161ak vo svojom vyhl\u00e1sen\u00ed Rusko priamo nespomenul. Britsk\u00fd premi\u00e9r Andy Burnham ho naopak vo svojom stanovisku menoval trikr\u00e1t.<\/p>\n<p>Pod\u013ea z\u00e1padn\u00fdch predstavite\u013eov pr\u00e1ve hrozba jednotnej odpovede NATO zost\u00e1va jedn\u00fdm z hlavn\u00fdch faktorov, ktor\u00e9 Moskvu odr\u00e1dzaj\u00fa od priameho \u00fatoku. \u0160\u00e9f est\u00f3nskej zahrani\u010dnej spravodajskej slu\u017eby Kaupo Rosin uviedol, \u017ee Putin v s\u00fa\u010dasnosti pod\u013ea ich hodnotenia ch\u00e1pe v\u00fdznam \u010dl\u00e1nku 5 aj jeho mo\u017en\u00e9 d\u00f4sledky. Za v\u00e4\u010d\u0161ie riziko v\u0161ak ozna\u010dil bud\u00facnos\u0165 a ot\u00e1zku, \u010di bude rusk\u00e9 vedenie odstra\u0161uj\u00facu silu NATO vn\u00edma\u0165 rovnako aj o \u0161es\u0165 mesiacov, rok alebo p\u00e4\u0165 rokov.<\/p>\n<p><a href=\"https:\/\/debata.pravda.sk\/debata\/2036035-tiene-ruskej-vojny-sa-presuvaju-hlbsie-do-europy-tento-boj-sa-moze-vymknut-spod-kontroly\/\" class=\"detail_text_socials_item debata debata-count-decorator\" data-count=\"49\" rel=\"nofollow noopener\" target=\"_blank\"><\/p>\n<p>debata<\/p>\n<p><\/a><\/p>\n<p><a href=\"https:\/\/www.pravda.sk\/mreporter\" class=\"detail_text_socials_item hide\" id=\"mreporter-button\" rel=\"nofollow noopener\" target=\"_blank\"><\/p>\n<p>mReport\u00e9r<\/p>\n<p><\/a><\/p>\n<p><img decoding=\"async\" src=\"https:\/\/ipravda.sk\/res\/www\/sorry.svg\" alt=\"\u013dutujeme\" height=\"75\"\/><\/p>\n<p>V\u00e1\u017een\u00ed \u010ditatelia, pod t\u00fdmto \u010dl\u00e1nkom sme diskusiu zastavili<\/p>\n<p>\nPrevl\u00e1dali v nej pr\u00edspevky, ktor\u00e9 boli v rozpore s pravidlami debaty aj dobr\u00fdmi mravmi. Cel\u00fa debatu sme<br \/>\nvymazali, autorom v\u0161etk\u00fdch slu\u0161n\u00fdch pr\u00edspevkov sa ospravedl\u0148ujeme.\n<\/p>\n<p>\n\u010eakujeme za pochopenie a te\u0161\u00edme sa na slu\u0161n\u00e9 debaty pod in\u00fdmi \u010dl\u00e1nkami.\n<\/p>\n<p>Rozumiem<\/p>\n","protected":false},"excerpt":{"rendered":"Video Dron s v\u00fdbu\u0161ninou spustil poplach: Tak\u00e9to zbrane nasadia na nemeck\u00fdch letisk\u00e1ch Zdroj: Reuters Nemeck\u00ed predstavitelia tento t\u00fd\u017ede\u0148&hellip;\n","protected":false},"author":2,"featured_media":170700,"comment_status":"","ping_status":"","sticky":false,"template":"","format":"standard","meta":{"footnotes":"","_share_on_mastodon":"0"},"categories":[8],"tags":[33,43,40,42,36,50,49,48],"class_list":["post-170699","post","type-post","status-publish","format-standard","has-post-thumbnail","category-svet","tag-news","tag-sk","tag-slovak","tag-slovencina","tag-spravy","tag-svet","tag-world","tag-world-news"],"share_on_mastodon":{"url":"https:\/\/pubeurope.com\/@sk\/117214257407693182","error":""},"_links":{"self":[{"href":"https:\/\/www.europesays.com\/sk\/wp-json\/wp\/v2\/posts\/170699","targetHints":{"allow":["GET"]}}],"collection":[{"href":"https:\/\/www.europesays.com\/sk\/wp-json\/wp\/v2\/posts"}],"about":[{"href":"https:\/\/www.europesays.com\/sk\/wp-json\/wp\/v2\/types\/post"}],"author":[{"embeddable":true,"href":"https:\/\/www.europesays.com\/sk\/wp-json\/wp\/v2\/users\/2"}],"replies":[{"embeddable":true,"href":"https:\/\/www.europesays.com\/sk\/wp-json\/wp\/v2\/comments?post=170699"}],"version-history":[{"count":0,"href":"https:\/\/www.europesays.com\/sk\/wp-json\/wp\/v2\/posts\/170699\/revisions"}],"wp:featuredmedia":[{"embeddable":true,"href":"https:\/\/www.europesays.com\/sk\/wp-json\/wp\/v2\/media\/170700"}],"wp:attachment":[{"href":"https:\/\/www.europesays.com\/sk\/wp-json\/wp\/v2\/media?parent=170699"}],"wp:term":[{"taxonomy":"category","embeddable":true,"href":"https:\/\/www.europesays.com\/sk\/wp-json\/wp\/v2\/categories?post=170699"},{"taxonomy":"post_tag","embeddable":true,"href":"https:\/\/www.europesays.com\/sk\/wp-json\/wp\/v2\/tags?post=170699"}],"curies":[{"name":"wp","href":"https:\/\/api.w.org\/{rel}","templated":true}]}}