{"id":170701,"date":"2026-09-04T18:46:08","date_gmt":"2026-09-04T18:46:08","guid":{"rendered":"https:\/\/www.europesays.com\/sk\/170701\/"},"modified":"2026-09-04T18:46:08","modified_gmt":"2026-09-04T18:46:08","slug":"meta-ohlasila-ze-od-oktobra-sa-zavedu-specificke-poplatky-v-aplikacii-whatsapp","status":"publish","type":"post","link":"https:\/\/www.europesays.com\/sk\/170701\/","title":{"rendered":"META ohl\u00e1sila, \u017ee od okt\u00f3bra sa zaved\u00fa \u0161pecifick\u00e9 poplatky v aplik\u00e1cii WhatsApp"},"content":{"rendered":"<p>Bud\u00fa poplatky s\u00fa\u010das\u0165ou aj doteraz bezplatnej appky WhatsApp?\t\t\t\t\t\t(Zdroj: gettyimages.com)\t\t\t\t\t<\/p>\n<p>BRATISLAVA \u2013 Spr\u00e1vy o tom, \u017ee WhatsApp za\u010dne by\u0165 spoplatnen\u00fd, vyvolali medzi pou\u017e\u00edvate\u013emi obavy. U\u017e sa o tom \u0161epk\u00e1 nejak\u00fd ten \u010das, no u\u017e od okt\u00f3bra spolo\u010dnos\u0165 META men\u00ed pravidl\u00e1 a zav\u00e1dza poplatky v \u010detovej aplik\u00e1cii WhatsApp, ktor\u00fa pou\u017e\u00edva tis\u00edce Slov\u00e1kov. Dotkne sa to aj be\u017en\u00fdch \u013eud\u00ed?<\/p>\n<p>WhatsApp patr\u00ed medzi najpou\u017e\u00edvanej\u0161ie komunika\u010dn\u00e9 aplik\u00e1cie a pre mnoh\u00fdch je ka\u017edodenn\u00fdm n\u00e1strojom na kontakt s rodinou \u010di priate\u013emi. Inform\u00e1cie o novom spoplatnen\u00ed preto m\u00f4\u017eu p\u00f4sobi\u0165 alarmuj\u00faco. Meta v\u0161ak pod\u013ea dostupn\u00fdch inform\u00e1ci\u00ed nemen\u00ed podmienky pre s\u00fakromn\u00e9 chatovanie. Zmeny sa t\u00fdkaj\u00fa podnikate\u013eov vyu\u017e\u00edvaj\u00facich WhatsApp Business Platform, teda u\u017e\u00edvate\u013eov, ktor\u00ed ju vyu\u017e\u00edvaj\u00fa v r\u00e1mci firiem a s\u00fakromnej kore\u0161pondencie.<\/p>\n<p>Plati\u0165 bud\u00fa firmy<\/p>\n<p>Od 1. okt\u00f3bra m\u00e1 Meta spoplatni\u0165 jednotliv\u00e9 servisn\u00e9 spr\u00e1vy, ktor\u00e9 podniky posielaj\u00fa svojim klientom. Ide napr\u00edklad o upozornenia t\u00fdkaj\u00face sa objedn\u00e1vok, doru\u010dovania z\u00e1sielok \u010di inform\u00e1ci\u00ed o \u00fa\u010dte. WhatsApp pritom na podobn\u00fa komunik\u00e1ciu vyu\u017e\u00edvaj\u00fa e-shopy, banky, kuri\u00e9rske spolo\u010dnosti \u010di mobiln\u00ed oper\u00e1tori.<\/p>\n<p>Zmena sa m\u00e1 dotkn\u00fa\u0165 aj doteraj\u0161ieho 24-hodinov\u00e9ho okna pre komunik\u00e1ciu so z\u00e1kazn\u00edkom. Ak \u010dlovek kontaktoval firmu prostredn\u00edctvom WhatsAppu, spolo\u010dnos\u0165 mu v tomto \u010dasovom obdob\u00ed mohla odpoveda\u0165 bez poplatku. Po novom sa maj\u00fa aj tak\u00e9to spr\u00e1vy riadi\u0165 nov\u00fdmi cenov\u00fdmi pravidlami.<\/p>\n<p>\t<a href=\"https:\/\/www.topky.sk\/gl\/9604045\/6476277\/META-ohlasila-velke-zmeny-uz-od-oktobra--PLATENIE-uz-aj-pri-znamej-appke-WhatsApp--o-co-ide-\" rel=\"nofollow noopener\" target=\"_blank\"><br \/>\n\t\t<img decoding=\"async\" alt=\"META ohl\u00e1sila ve\u013ek\u00e9 zmeny\" aria-describedby=\"img-res-6476277\" class=\"\" height=\"1200\" id=\"6476277\" loading=\"lazy\" onerror=\"imgArticleLoadErr(this)\" src=\"https:\/\/www.europesays.com\/sk\/wp-content\/uploads\/2026\/09\/mince-WhatsApp-kolaz-peniaze.jpg\" style=\"aspect-ratio:1.333\" title=\"META ohl\u00e1sila ve\u013ek\u00e9 zmeny\" width=\"1600\"\/>\t\t\t<\/p>\n<p>\n\t\t\t\tZobrazi\u0165 gal\u00e9riu (2)\t\t\t<\/p>\n<p>\t<\/a><\/p>\n<p>\t\u00a0(Zdroj: SITA\/AP Photo\/Martin Meissner, gettyimages.com)<\/p>\n<p>Pre firmy to znamen\u00e1, \u017ee komunik\u00e1cia so z\u00e1kazn\u00edkmi prostredn\u00edctvom aplik\u00e1cie m\u00f4\u017ee by\u0165 drah\u0161ia. Niektor\u00e9 spolo\u010dnosti preto m\u00f4\u017eu prehodnoti\u0165, do akej miery bud\u00fa WhatsApp vyu\u017e\u00edva\u0165 na automatick\u00e9 upozornenia a z\u00e1kazn\u00edcku podporu.<\/p>\n<p>Be\u017en\u00ed pou\u017e\u00edvatelia, na\u0161\u0165astie, zatia\u013e plati\u0165 nebud\u00fa<\/p>\n<p>Pre \u013eud\u00ed, ktor\u00ed WhatsApp pou\u017e\u00edvaj\u00fa na s\u00fakromn\u00fa komunik\u00e1ciu, sa ni\u010d z\u00e1sadn\u00e9 nemen\u00ed. Za be\u017en\u00e9 textov\u00e9 spr\u00e1vy, fotografie ani hlasov\u00e9 hovory sa plati\u0165 nebude. Aplik\u00e1cia tak zost\u00e1va pri osobnom pou\u017e\u00edvan\u00ed bezplatn\u00e1. Je v\u0161ak ot\u00e1zkou dokedy.<\/p>\n<p>Zmenu v\u0161ak m\u00f4\u017eu pou\u017e\u00edvatelia nepriamo poc\u00edti\u0165. Ak firm\u00e1m vzrast\u00fa n\u00e1klady na odosielanie spr\u00e1v, niektor\u00e9 z nich m\u00f4\u017eu obmedzi\u0165 automatick\u00e9 notifik\u00e1cie cez WhatsApp. Potvrdenie objedn\u00e1vky \u010di inform\u00e1cia o doru\u010den\u00ed tak m\u00f4\u017ee namiesto toho dorazi\u0165 e-mailom alebo prostredn\u00edctvom SMS.<\/p>\n<p>Ak cez WhatsApp komunikujete s obchodn\u00edkom napr\u00edklad o reklam\u00e1cii alebo z\u00e1sielke, m\u00f4\u017ee sa preto sta\u0165, \u017ee firma \u010das\u0165 komunik\u00e1cie presunie na in\u00fd kan\u00e1l.<\/p>\n","protected":false},"excerpt":{"rendered":"Bud\u00fa poplatky s\u00fa\u010das\u0165ou aj doteraz bezplatnej appky WhatsApp? (Zdroj: gettyimages.com) BRATISLAVA \u2013 Spr\u00e1vy o tom, \u017ee WhatsApp za\u010dne&hellip;\n","protected":false},"author":2,"featured_media":170702,"comment_status":"","ping_status":"","sticky":false,"template":"","format":"standard","meta":{"footnotes":"","_share_on_mastodon":"0"},"categories":[6],"tags":[14123,23701,23705,48262,9443,12648,43,40,44,39,42,45,41,8431,4068],"class_list":["post-170701","post","type-post","status-publish","format-standard","has-post-thumbnail","category-slovensko","tag-cennik","tag-cet","tag-cetovacia-aplikacia","tag-cetovanie","tag-meta","tag-platenie","tag-sk","tag-slovak","tag-slovak-republic","tag-slovakia","tag-slovencina","tag-slovenska-republika","tag-slovensko","tag-sluzby","tag-whatsapp"],"share_on_mastodon":{"url":"https:\/\/pubeurope.com\/@sk\/117214261515531186","error":""},"_links":{"self":[{"href":"https:\/\/www.europesays.com\/sk\/wp-json\/wp\/v2\/posts\/170701","targetHints":{"allow":["GET"]}}],"collection":[{"href":"https:\/\/www.europesays.com\/sk\/wp-json\/wp\/v2\/posts"}],"about":[{"href":"https:\/\/www.europesays.com\/sk\/wp-json\/wp\/v2\/types\/post"}],"author":[{"embeddable":true,"href":"https:\/\/www.europesays.com\/sk\/wp-json\/wp\/v2\/users\/2"}],"replies":[{"embeddable":true,"href":"https:\/\/www.europesays.com\/sk\/wp-json\/wp\/v2\/comments?post=170701"}],"version-history":[{"count":0,"href":"https:\/\/www.europesays.com\/sk\/wp-json\/wp\/v2\/posts\/170701\/revisions"}],"wp:featuredmedia":[{"embeddable":true,"href":"https:\/\/www.europesays.com\/sk\/wp-json\/wp\/v2\/media\/170702"}],"wp:attachment":[{"href":"https:\/\/www.europesays.com\/sk\/wp-json\/wp\/v2\/media?parent=170701"}],"wp:term":[{"taxonomy":"category","embeddable":true,"href":"https:\/\/www.europesays.com\/sk\/wp-json\/wp\/v2\/categories?post=170701"},{"taxonomy":"post_tag","embeddable":true,"href":"https:\/\/www.europesays.com\/sk\/wp-json\/wp\/v2\/tags?post=170701"}],"curies":[{"name":"wp","href":"https:\/\/api.w.org\/{rel}","templated":true}]}}