{"id":170703,"date":"2026-09-04T18:47:08","date_gmt":"2026-09-04T18:47:08","guid":{"rendered":"https:\/\/www.europesays.com\/sk\/170703\/"},"modified":"2026-09-04T18:47:08","modified_gmt":"2026-09-04T18:47:08","slug":"diamantova-liga-emma-zapletalova-skoncila-druha-v-bruseli","status":"publish","type":"post","link":"https:\/\/www.europesays.com\/sk\/170703\/","title":{"rendered":"Diamantov\u00e1 liga: Emma Zapletalov\u00e1 skon\u010dila druh\u00e1 v Bruseli"},"content":{"rendered":"<p>Diamantov\u00e1 liga 2026 &#8211; Brusel<\/p>\n<p>V\u00fdsledky &#8211; beh \u017eien na 400 m prek\u00e1\u017eky:<\/p>\n<p>Slovensk\u00e1 atl\u00e9tka <a href=\"https:\/\/sportnet.sme.sk\/t\/osoba\/emma-zapletalova\/\" target=\"_self\" rel=\"nofollow noopener\">Emma Zapletalov\u00e1<\/a> obsadila druh\u00e9 miesto v behu na 400 m prek\u00e1\u017eok vo fin\u00e1le Diamantovej ligy. <\/p>\n<p>V piatkov\u00fdch pretekoch v Bruseli fini\u0161ovala v \u010dase 53,10 sekundy a o dev\u00e4\u0165 stot\u00edn ju zdolala iba Ameri\u010danka Anna Cockrellov\u00e1.<\/p>\n<p>\u00daraduj\u00faca majsterka Eur\u00f3py mala v chladnej\u0161\u00edch podmienkach v Belgicku pomal\u0161\u00ed \u0161tart, no postupne sa prepracovala dopredu.<\/p>\n<p>Na piatej prek\u00e1\u017eke figurovala na \u0161tvrtom mieste, v silnom z\u00e1vere zdolala Belgi\u010danku Paulien Couckuytov\u00fa a do\u0165ahovala sa aj na Cockrellov\u00fa, ktor\u00fa v\u0161ak u\u017e nepredbehla.<\/p>\n<p>\u201eNebol to dobr\u00fd beh. Prv\u00fa polovicu som pod\u013ea m\u0148a dos\u0165 brzdila pred prek\u00e1\u017ekami, aby som pri nich nebola pr\u00edli\u0161 bl\u00edzko, a to ma spoma\u013eovalo. V z\u00e1vere, ke\u010f som chcela u\u017e do toho da\u0165 v\u0161etko, tak to u\u017e nesta\u010dilo. <\/p>\n<p>Sna\u017eila som sa fini\u0161ova\u0165, aj sa hodi\u0165 do cie\u013ea, zobra\u0165 \u010do najlep\u0161ie stotinky, ale u\u017e som bola \u010faleko, aby som svoju s\u00faperku predstihla,\u201c uviedla v cieli sklaman\u00e1 Zapletalov\u00e1 akreditovan\u00fdm slovensk\u00fdm novin\u00e1rom.\u00a0<\/p>\n<p>Dvadsa\u0165\u0161es\u0165ro\u010dn\u00e1 Slovenka vyhrala \u00favodn\u00fdch p\u00e4\u0165 \u0161tandardn\u00fdch m\u00edtingov Diamantovej ligy (Rabat, R\u00edm, Oslo, Dauh\u00e1, Lausanne) a neuspela iba v poslednom z nich v Z\u00fcrichu, kde po zakopnut\u00ed na predposlednej prek\u00e1\u017eke obsadila 6. prie\u010dku.<\/p>\n<p>Vo \u0160vaj\u010diarsku zv\u00ed\u0165azila Cockrellov\u00e1, ktor\u00e1 vtedy \u010dasom 52,13 vzala Zapletalovej svetov\u00fd v\u00fdkon roka a v Bruseli bola jej najv\u00e4\u010d\u0161ia s\u00faperka, \u010do aj potvrdila.<\/p>\n<p>Zverenka tr\u00e9nera Brama Petersa tak skon\u010dila vo fin\u00e1le Diamantovej ligy rovnako ako vlani na 2. prie\u010dke.<\/p>\n<p>Pred rokom sa postarala o najlep\u0161ie umiestnenie slovensk\u00e9ho atl\u00e9ta v hist\u00f3rii podujatia a sta\u010dil jej k tomu \u010das 53,18.<\/p>\n<p>Zdolala ju iba Femke Brodersov\u00e1-Bolov\u00e1, ktor\u00e1 si prip\u00edsala piaty triumf v s\u00e9rii. Holan\u010fanka v\u0161ak u\u017e zmenila discipl\u00ednu na 800 m.<\/p>\n","protected":false},"excerpt":{"rendered":"Diamantov\u00e1 liga 2026 &#8211; Brusel V\u00fdsledky &#8211; beh \u017eien na 400 m prek\u00e1\u017eky: Slovensk\u00e1 atl\u00e9tka Emma Zapletalov\u00e1 obsadila&hellip;\n","protected":false},"author":2,"featured_media":170704,"comment_status":"","ping_status":"","sticky":false,"template":"","format":"standard","meta":{"footnotes":"","_share_on_mastodon":"0"},"categories":[32],"tags":[34,37,33,43,40,39,42,41,36,38,35],"class_list":["post-170703","post","type-post","status-publish","format-standard","has-post-thumbnail","category-spravy","tag-headlines","tag-hlavne-spravy","tag-news","tag-sk","tag-slovak","tag-slovakia","tag-slovencina","tag-slovensko","tag-spravy","tag-titulky","tag-top-stories"],"share_on_mastodon":{"url":"https:\/\/pubeurope.com\/@sk\/117214265135140266","error":""},"_links":{"self":[{"href":"https:\/\/www.europesays.com\/sk\/wp-json\/wp\/v2\/posts\/170703","targetHints":{"allow":["GET"]}}],"collection":[{"href":"https:\/\/www.europesays.com\/sk\/wp-json\/wp\/v2\/posts"}],"about":[{"href":"https:\/\/www.europesays.com\/sk\/wp-json\/wp\/v2\/types\/post"}],"author":[{"embeddable":true,"href":"https:\/\/www.europesays.com\/sk\/wp-json\/wp\/v2\/users\/2"}],"replies":[{"embeddable":true,"href":"https:\/\/www.europesays.com\/sk\/wp-json\/wp\/v2\/comments?post=170703"}],"version-history":[{"count":0,"href":"https:\/\/www.europesays.com\/sk\/wp-json\/wp\/v2\/posts\/170703\/revisions"}],"wp:featuredmedia":[{"embeddable":true,"href":"https:\/\/www.europesays.com\/sk\/wp-json\/wp\/v2\/media\/170704"}],"wp:attachment":[{"href":"https:\/\/www.europesays.com\/sk\/wp-json\/wp\/v2\/media?parent=170703"}],"wp:term":[{"taxonomy":"category","embeddable":true,"href":"https:\/\/www.europesays.com\/sk\/wp-json\/wp\/v2\/categories?post=170703"},{"taxonomy":"post_tag","embeddable":true,"href":"https:\/\/www.europesays.com\/sk\/wp-json\/wp\/v2\/tags?post=170703"}],"curies":[{"name":"wp","href":"https:\/\/api.w.org\/{rel}","templated":true}]}}