{"id":170705,"date":"2026-09-04T18:48:16","date_gmt":"2026-09-04T18:48:16","guid":{"rendered":"https:\/\/www.europesays.com\/sk\/170705\/"},"modified":"2026-09-04T18:48:16","modified_gmt":"2026-09-04T18:48:16","slug":"sobolenkova-a-pegulova-postupuju-do-osemfinale-us-open","status":"publish","type":"post","link":"https:\/\/www.europesays.com\/sk\/170705\/","title":{"rendered":"Sobolenkov\u00e1 a Pegulov\u00e1 postupuj\u00fa do osemfin\u00e1le US Open"},"content":{"rendered":"<p>           Bielorusk\u00e1 tenistka Arina Sobolenkov\u00e1 sa \u00faspe\u0161ne prebojovala do osemfin\u00e1le dvojhry na grandslamovom turnaji US Open. Ako najvy\u0161\u0161ie nasaden\u00e1 hr\u00e1\u010dka a dvojn\u00e1sobn\u00e1 obhajky\u0148a titulu zdolala uzbeck\u00fa reprezentantku Kamillu Rachimovov\u00fa v dvoch setoch 6:3, 6:4. Sobolenkov\u00e1 ani v tre\u0165om z\u00e1pase na turnaji nestratila set. V prvom sete brejkla s\u00faperku u\u017e v druhom geme a set dopod\u00e1vala do \u00faspe\u0161n\u00e9ho konca. Druh\u00fd set bol vyrovnanej\u0161\u00ed, ale Sobolenkov\u00e1 nakoniec zv\u00ed\u0165azila 6:4. V \u010fal\u0161om kole sa stretne s v\u00ed\u0165azkou z\u00e1pasu medzi Dianou \u0160najderovou a Taylor Townsendovou. <\/p>\n<p>V \u010fal\u0161om z\u00e1pase uspela jeden\u00e1stka turnaja Marta Kos\u0165ukov\u00e1 z Ukrajiny, ktor\u00e1 zdolala Jekaterinu Alexandrov\u00fa z Ruska 6:3, 6:2. V osemfin\u00e1le ju \u010dak\u00e1 Linda Noskov\u00e1 alebo Ann Liov\u00e1. Rumunka Sorana Cirsteov\u00e1 post\u00fapila po v\u00ed\u0165azstve nad Taliankou Jasmine Paoliniovou 6:3, 6:3 a v osemfin\u00e1le sa stretne s Jessicou Pegulovou. Pegulov\u00e1, tretia nasaden\u00e1 hr\u00e1\u010dka, prehrala prv\u00fd set s Leylah Fernandezovou 1:6, no n\u00e1sledne oto\u010dila z\u00e1pas a vyhrala 6:4, 6:3.\n     <\/p>\n","protected":false},"excerpt":{"rendered":"Bielorusk\u00e1 tenistka Arina Sobolenkov\u00e1 sa \u00faspe\u0161ne prebojovala do osemfin\u00e1le dvojhry na grandslamovom turnaji US Open. Ako najvy\u0161\u0161ie nasaden\u00e1&hellip;\n","protected":false},"author":2,"featured_media":170706,"comment_status":"","ping_status":"","sticky":false,"template":"","format":"standard","meta":{"footnotes":"","_share_on_mastodon":"0"},"categories":[22],"tags":[137,43,40,39,42,41],"class_list":["post-170705","post","type-post","status-publish","format-standard","has-post-thumbnail","category-kosice","tag-kosice","tag-sk","tag-slovak","tag-slovakia","tag-slovencina","tag-slovensko"],"share_on_mastodon":{"url":"https:\/\/pubeurope.com\/@sk\/117214269083853721","error":""},"_links":{"self":[{"href":"https:\/\/www.europesays.com\/sk\/wp-json\/wp\/v2\/posts\/170705","targetHints":{"allow":["GET"]}}],"collection":[{"href":"https:\/\/www.europesays.com\/sk\/wp-json\/wp\/v2\/posts"}],"about":[{"href":"https:\/\/www.europesays.com\/sk\/wp-json\/wp\/v2\/types\/post"}],"author":[{"embeddable":true,"href":"https:\/\/www.europesays.com\/sk\/wp-json\/wp\/v2\/users\/2"}],"replies":[{"embeddable":true,"href":"https:\/\/www.europesays.com\/sk\/wp-json\/wp\/v2\/comments?post=170705"}],"version-history":[{"count":0,"href":"https:\/\/www.europesays.com\/sk\/wp-json\/wp\/v2\/posts\/170705\/revisions"}],"wp:featuredmedia":[{"embeddable":true,"href":"https:\/\/www.europesays.com\/sk\/wp-json\/wp\/v2\/media\/170706"}],"wp:attachment":[{"href":"https:\/\/www.europesays.com\/sk\/wp-json\/wp\/v2\/media?parent=170705"}],"wp:term":[{"taxonomy":"category","embeddable":true,"href":"https:\/\/www.europesays.com\/sk\/wp-json\/wp\/v2\/categories?post=170705"},{"taxonomy":"post_tag","embeddable":true,"href":"https:\/\/www.europesays.com\/sk\/wp-json\/wp\/v2\/tags?post=170705"}],"curies":[{"name":"wp","href":"https:\/\/api.w.org\/{rel}","templated":true}]}}