{"id":170707,"date":"2026-09-04T18:49:09","date_gmt":"2026-09-04T18:49:09","guid":{"rendered":"https:\/\/www.europesays.com\/sk\/170707\/"},"modified":"2026-09-04T18:49:09","modified_gmt":"2026-09-04T18:49:09","slug":"nike-handball-extraliga-bratislava-padla-modra-vykrocila-do-novej-sezony-spravnou-nohou","status":"publish","type":"post","link":"https:\/\/www.europesays.com\/sk\/170707\/","title":{"rendered":"Nik\u00e9 Handball Extraliga: Bratislava padla. Modra vykro\u010dila do novej sez\u00f3ny spr\u00e1vnou nohou"},"content":{"rendered":"<p>H\u00e1dzan\u00e1ri H\u00e1o TJ Slovan Modra si v piatkovom dueli 1. kola Nik\u00e9 Handball Extraligy prip\u00edsali triumf 30:26 na palubovke \u0160KP Bratislava. Dom\u00e1cim nepomohlo k lep\u0161iemu v\u00fdsledku ani desa\u0165 g\u00f3lov Marca Beltramiho.<\/p>\n<p>Nik\u00e9 Handball Extraliga &#8211; 1. kolo:<\/p>\n<p class=\"cifra\">\u0160KP Bratislava &#8211; H\u00e1o TJ Slovan Modra 26:30 (9:16)<\/p>\n<p>Najviac g\u00f3lov: Beltrami 10, Chebe\u0148 4\/1, Kovar\u010d\u00edk 4 &#8211; Frno, Parolly a Janu\u0161ka v\u0161etci po 4. Rozhodovali: Ha\u0161\u010d\u00edkov\u00e1 a Kellner, 7m: 3\/1 &#8211; 4\/3, vyl\u00fa\u010den\u00ed: 1:3, 150 div\u00e1kov<\/p><\/p>\n","protected":false},"excerpt":{"rendered":"H\u00e1dzan\u00e1ri H\u00e1o TJ Slovan Modra si v piatkovom dueli 1. kola Nik\u00e9 Handball Extraligy prip\u00edsali triumf 30:26 na&hellip;\n","protected":false},"author":2,"featured_media":170708,"comment_status":"","ping_status":"","sticky":false,"template":"","format":"standard","meta":{"footnotes":"","_share_on_mastodon":"0"},"categories":[21],"tags":[136,1447,43,40,39,42,41],"class_list":["post-170707","post","type-post","status-publish","format-standard","has-post-thumbnail","category-bratislava","tag-bratislava","tag-nike-handball-extraliga","tag-sk","tag-slovak","tag-slovakia","tag-slovencina","tag-slovensko"],"share_on_mastodon":{"url":"https:\/\/pubeurope.com\/@sk\/117214272980074207","error":""},"_links":{"self":[{"href":"https:\/\/www.europesays.com\/sk\/wp-json\/wp\/v2\/posts\/170707","targetHints":{"allow":["GET"]}}],"collection":[{"href":"https:\/\/www.europesays.com\/sk\/wp-json\/wp\/v2\/posts"}],"about":[{"href":"https:\/\/www.europesays.com\/sk\/wp-json\/wp\/v2\/types\/post"}],"author":[{"embeddable":true,"href":"https:\/\/www.europesays.com\/sk\/wp-json\/wp\/v2\/users\/2"}],"replies":[{"embeddable":true,"href":"https:\/\/www.europesays.com\/sk\/wp-json\/wp\/v2\/comments?post=170707"}],"version-history":[{"count":0,"href":"https:\/\/www.europesays.com\/sk\/wp-json\/wp\/v2\/posts\/170707\/revisions"}],"wp:featuredmedia":[{"embeddable":true,"href":"https:\/\/www.europesays.com\/sk\/wp-json\/wp\/v2\/media\/170708"}],"wp:attachment":[{"href":"https:\/\/www.europesays.com\/sk\/wp-json\/wp\/v2\/media?parent=170707"}],"wp:term":[{"taxonomy":"category","embeddable":true,"href":"https:\/\/www.europesays.com\/sk\/wp-json\/wp\/v2\/categories?post=170707"},{"taxonomy":"post_tag","embeddable":true,"href":"https:\/\/www.europesays.com\/sk\/wp-json\/wp\/v2\/tags?post=170707"}],"curies":[{"name":"wp","href":"https:\/\/api.w.org\/{rel}","templated":true}]}}