{"id":170709,"date":"2026-09-04T18:55:10","date_gmt":"2026-09-04T18:55:10","guid":{"rendered":"https:\/\/www.europesays.com\/sk\/170709\/"},"modified":"2026-09-04T18:55:10","modified_gmt":"2026-09-04T18:55:10","slug":"jej-saty-nezdobil-zavoj-prve-foto-su-vonku-dara-a-pavel-uz-su-svoji-dozvedame-sa-detaily-svadba-plna-slz","status":"publish","type":"post","link":"https:\/\/www.europesays.com\/sk\/170709\/","title":{"rendered":"Jej \u0161aty nezdobil z\u00e1voj: Prv\u00e9 foto s\u00fa vonku! Dara a Pavel u\u017e s\u00fa svoji &#8211; dozved\u00e1me sa detaily, svadba pln\u00e1 s\u013az"},"content":{"rendered":"<p class=\"article-perex\">\n                        Po\u010das v\u00edkendu si svoje ve\u010dn\u00e9 \u00c1NO povedala milovan\u00e1 spev\u00e1\u010dka Dara Rolins a b\u00fdval\u00fd futbalista Pavel Nedv\u011bd. Teraz sa na verejnos\u0165 dostali jej prv\u00e9 z\u00e1bery \u2013 slovensk\u00e1 spev\u00e1\u010dka bola kr\u00e1sna nevesta!\n                    <\/p>\n<p><a href=\"https:\/\/diva.aktuality.sk\/clanok\/HtumAxr\/priznala-pauzu-po-spekulaciach-o-svadbe-uz-dara-nezostala-ticho-zacina-sa-ina-etapa\/\" id=\"44f10462-7892-42ec-8c86-8bdb8b89085d\" rel=\"nofollow noopener\" target=\"_blank\">Dara Rolins<\/a> je v slovenskom prostred\u00ed mimoriadne \u00faspe\u0161nou spev\u00e1\u010dkou, ktor\u00fa miluje nejedna fan\u00fa\u0161i\u010dka. Okrem kari\u00e9ry je zn\u00e1ma aj svoj\u00edm s\u00fakrom\u00edm, v ktorom je viac ako \u0161\u0165astn\u00e1. Slovenka na\u0161la \u0161\u0165astie po boku \u010desk\u00e9ho priate\u013ea, ktor\u00fdm sa pred rokmi stal Pavel Nedv\u011bd. Nie je \u017eiadnym tajomstvom, \u017ee ich spojila spolo\u010dn\u00e1 kamar\u00e1tka. <\/p>\n<p>V \u010dl\u00e1nku sa dozviete: <\/p>\n<p>Kde sa odohrala svadba,ak\u00e9 bolo tajomstvo svadobn\u00fdch \u0161iat,\u010do prezradili po obrade,ak\u00fd pr\u00edchod si vybrala,kto vyberal prstene?Dara a Pavel sa stali man\u017eelmi<\/p>\n<p>Dvojica svoj vz\u0165ah nikde neupon\u00e1h\u013eala a dopriala si dostatok \u010dasu na vz\u00e1jomn\u00e9 spozn\u00e1vanie a prehlbovanie l\u00e1sky. Aj ke\u010f sa za\u010diatky sna\u017eili udr\u017ea\u0165 v tajnosti, koncom roka 2024 sa fan\u00fa\u0161ikovia dozvedeli o kr\u00e1snej spr\u00e1ve. Na prelome rokov sa toti\u017e b\u00fdval\u00fd futbalista rozhodol pred svojou l\u00e1skou pok\u013eakn\u00fa\u0165 a po\u017eiadal ju o ruku. <\/p>\n<p>Od tohto momentu tak v\u0161etci prirodzene netrpezlivo \u010dakali na to, kedy si dvojica povie svoje ve\u010dn\u00e9 \u00e1no. Dara len ned\u00e1vno prekvapila ne\u010dakanou pauzou a zdalo sa tak, \u017ee sa v jej \u017eivote odohr\u00e1vaj\u00fa novinky. Okrem odchodu dc\u00e9ry do zahrani\u010dia teraz potvrdila, \u017ee sa za\u010d\u00edna jej nov\u00e1 \u017eivotn\u00e1 etapa. <\/p>\n<p><a href=\"https:\/\/diva.aktuality.sk\/clanok\/HtumAxr\/priznala-pauzu-po-spekulaciach-o-svadbe-uz-dara-nezostala-ticho-zacina-sa-ina-etapa\/\" class=\"article-object-image box-article\" data-event=\"clanok|linkovany-clanok|obrazok\" rel=\"nofollow noopener\" target=\"_blank\"><img decoding=\"async\" class=\"image lazyload\" src=\"https:\/\/www.europesays.com\/sk\/wp-content\/uploads\/2026\/09\/FPzktkpTURBXy9kOGQ3ODI4MmI4OTcyMjU2YjhjMWU0MDBmNWIyYTM0YS5qcGeSlQM5zQFczQPqzQIzlQLNB9AAwsM.jpeg\" alt=\"Spev\u00e1\u010dka Dara Rolins na z\u00e1bere s Pavlom Nedv\u011bdom\" title=\"Spev\u00e1\u010dka Dara Rolins na z\u00e1bere s Pavlom Nedv\u011bdom\"\/><\/a><br \/>\n                    Diva.sk<br \/>\n                <a class=\"article-object-title-link\" href=\"https:\/\/diva.aktuality.sk\/clanok\/HtumAxr\/priznala-pauzu-po-spekulaciach-o-svadbe-uz-dara-nezostala-ticho-zacina-sa-ina-etapa\/\" title=\"Priznala pauzu: Po \u0161pekul\u00e1ci\u00e1ch o svadbe u\u017e Dara nezostala ticho. Za\u010d\u00edna sa in\u00e1 etapa...\" data-event=\"clanok|linkovany-clanok|nadpis\" rel=\"nofollow noopener\" target=\"_blank\"><br \/>\n                        Priznala pauzu: Po \u0161pekul\u00e1ci\u00e1ch o svadbe u\u017e Dara nezostala ticho. Za\u010d\u00edna sa in\u00e1 etapa&#8230;<br \/>\n                    <\/a><\/p>\n<p>Fan\u00fa\u0161ikovia s\u00edce u\u017e dlh\u0161iu dobu \u0161pekulovali, kde a kedy si dvojica povie svoje ve\u010dn\u00e9 \u00e1no, uh\u00e1dnu\u0165 sa im to nevydarilo. Teraz u\u017e \u0161\u0165astn\u00ed man\u017eelia toti\u017e v\u0161etko udr\u017eali v tajnosti a kr\u00e1snu spr\u00e1vu odhalili a\u017e fotky na Instagrame. Dnes je u\u017e zn\u00e1me, \u017ee sa zosob\u00e1\u0161ili v Taliansku, ktor\u00e9 m\u00e1 pre nich ve\u013ek\u00fd v\u00fdznam. A zverejnili aj prv\u00e9 foto: <\/p>\n<p>\u201eVyda\u0165 sa nebol nikdy m\u00f4j sen, preto\u017ee som nemala nikdy pocit, \u017ee po mojom boku stoj\u00ed mu\u017e, ktor\u00e9mu chcem da\u0165 v\u0161etko. Stalo sa to a\u017e pred piatimi rokmi, ke\u010f do m\u00f4jho \u017eivota vst\u00fapil Pavl\u00edk, do ktor\u00e9ho som sa, prizn\u00e1vam, nezamilovala na prv\u00fd poh\u013ead. Ale behom piatich rokov na\u0161a l\u00e1ska dor\u00e1stla do takej sily a do takej istoty, \u017ee som vlastne zistila, \u017ee ni\u010d viac ne\u017e on, ni\u010d viac ne\u017e my, neexistuje,\u201c priznala ona sama kr\u00e1tko po ozn\u00e1men\u00ed kr\u00e1snej spr\u00e1vy. <\/p>\n<p><a href=\"https:\/\/diva.aktuality.sk\/clanok\/GQ3bESf\/tak-predsa-si-zvolila-biele-svadobne-saty-dara-rolins-sa-vydala-s-pavlom-si-svoje-ano-povedali-na-vynimocnom-mieste\/\" class=\"article-object-image box-article\" data-event=\"clanok|linkovany-clanok|obrazok\" rel=\"nofollow noopener\" target=\"_blank\"><img decoding=\"async\" class=\"image lazyload\" src=\"https:\/\/www.europesays.com\/sk\/wp-content\/uploads\/2026\/09\/1788548109_155_ie_ktkpTURBXy8zOGM4MTk1MjgxOTVkNzI5Mjk1NmRhNTYzODZlYzFjOS5qcGeSlQMAzQEgzQSSzQKSlQLNB9AAwsM.jpeg\" alt=\"Dara Rolins sa vydala, zverejnila u\u017e aj prv\u00fd z\u00e1ber\" title=\"Dara Rolins sa vydala, zverejnila u\u017e aj prv\u00fd z\u00e1ber\"\/><\/a><br \/>\n                    Diva.sk<br \/>\n                <a class=\"article-object-title-link\" href=\"https:\/\/diva.aktuality.sk\/clanok\/GQ3bESf\/tak-predsa-si-zvolila-biele-svadobne-saty-dara-rolins-sa-vydala-s-pavlom-si-svoje-ano-povedali-na-vynimocnom-mieste\/\" title=\"Tak predsa si zvolila biele svadobn\u00e9 \u0161aty: Dara Rolins sa vydala - s Pavlom si svoje \u00c1NO povedali na v\u00fdnimo\u010dnom mieste\" data-event=\"clanok|linkovany-clanok|nadpis\" rel=\"nofollow noopener\" target=\"_blank\"><br \/>\n                        Tak predsa si zvolila biele svadobn\u00e9 \u0161aty: Dara Rolins sa vydala &#8211; s Pavlom si svoje \u00c1NO povedali&#8230;<br \/>\n                    <\/a><\/p>\n<p>Dara pre telev\u00edziu Mark\u00edza z\u00e1rove\u0148 odhalila, \u017ee si svoje \u00e1no povedali v kruhu t\u00fdch najbli\u017e\u0161\u00edch. Ke\u010f\u017ee v\u0161ak maj\u00fa tak\u00fdchto \u013eud\u00ed vo svojom \u017eivote naozaj ve\u013ea, nakoniec pod\u013ea jej vlastn\u00fdch slov ne\u0161lo o \u00faplne mal\u00fa svadbu. <\/p>\n<p>Dara chcela by\u0165 princezn\u00e1, tajomstvo \u0161iat odhalen\u00e9<\/p>\n<p>Ako u\u017e prv\u00e9 z\u00e1bery odhalili, spev\u00e1\u010dka si pre svoj ve\u013ek\u00fd de\u0148 vybrala biele \u0161aty, ktor\u00e9 poch\u00e1dzaj\u00fa z dielne Luk\u00e1\u0161a Kimli\u010dku. Fan\u00fa\u0161ikovia trpezlivo \u010dakali na prv\u00e9 detaily svadby a teraz sa kone\u010dne na verejnos\u0165 dostali prv\u00e9 svadobn\u00e9 z\u00e1bery. Zverejnila ich Telev\u00edzia Mark\u00edza, ktor\u00e1 zdie\u013eala romantick\u00e9 fotky z lode. Ako je jasn\u00e9, Dara svoj outfit doladila bielym klob\u00fakom a vyzerala vskutku luxusne. <\/p>\n<p>\u201eS\u00fa to najobjemnej\u0161ie a materi\u00e1lovo najv\u00e4\u010d\u0161ie \u0161aty, ak\u00e9 som za svoju kari\u00e9ru u\u0161il. Pou\u017eil som p\u00e4tn\u00e1s\u0165 metrov hodv\u00e1bu, \u010do z nich rob\u00ed aj najdrah\u0161ie \u0161aty, ak\u00e9 som kedy navrhol a vytvoril,\u201c prezradil Luk\u00e1\u0161 Kimli\u010dka pre web <a href=\"https:\/\/www.markiza.sk\/soubiz\/clanok\/1049322-fotky-dary-rolins-ako-nevesty-len-u-nas-jej-svadobna-roba-ukryvala-necakane-tajomstvo\" id=\"2e12ab49-7dc3-4101-bdb7-2cab6202f11b\" rel=\"nofollow noopener\" target=\"_blank\">markiza.sk<\/a> Samotn\u00fd fotograf a n\u00e1vrh\u00e1r priznal, \u017ee \u0161aty museli viackr\u00e1t prer\u00e1ba\u0165, preto\u017ee ich viackr\u00e1t zv\u00e4\u010d\u0161ovali. Jeho in\u0161pir\u00e1ciou bola samozrejme Dara a ich dlh\u00e9 rozhovory na t\u00e9mu vysn\u00edvan\u00fdch svadobn\u00fdch \u0161iat. <\/p>\n<p>\u201eA v\u0161etko sa to za\u010dalo pri vete: Chcem by\u0165 princezn\u00e1. To ma in\u0161pirovalo najviac a za\u010dal som tvori\u0165,\u201c op\u00edsal.\u201eNa spodni\u010dke, ktor\u00fa som tie\u017e chystal, je pri\u0161it\u00fd gomb\u00edk po mojej babi\u010dke. Ako som ju \u0161il, zistil som, \u017ee potrebujem e\u0161te jeden gomb\u00edk, a tak som doma h\u013eadal a na\u0161iel ten po babi\u010dke. A zachr\u00e1nil ma,\u201c vyjadril sa. <\/p>\n<p>\u201eS Darou sme sa zhodli, \u017ee hodv\u00e1bnemu materi\u00e1lu jemn\u00e9 pokr\u010denie pristane a dod\u00e1 mu jedine\u010dnos\u0165. Preto som \u0161aty pred obradom v\u00f4bec ne\u017eehlil,\u201c pripomenul. <\/p>\n<p><a class=\"article-image-container\" title=\"Fotogal\u00e9ria Jej \u0161aty nezdobil z\u00e1voj: Prv\u00e9 foto s\u00fa vonku! Dara a Pavel u\u017e s\u00fa svoji - dozved\u00e1me sa detaily, svadba pln\u00e1 s\u013az \" href=\"https:\/\/diva.aktuality.sk\/fotogaleria\/o3PF3KY\/jej-saty-nezdobil-zavoj-prve-foto-su-vonku-dara-a-pavel-uz-su-svoji-dozvedame-sa-detaily-svadba-plna-slz\/2\/\" data-event=\"clanok|foto-v-clanku|1\" rel=\"nofollow noopener\" target=\"_blank\"><img decoding=\"async\" class=\"image lazyload\" src=\"https:\/\/www.europesays.com\/sk\/wp-content\/uploads\/2026\/09\/8GCktkpTURBXy8zOGM4MTk1MjgxOTVkNzI5Mjk1NmRhNTYzODZlYzFjOS5qcGeSlQMAzO_NBJLNAwyVAs0H0ADCww.jpeg\" alt=\"Dara Rolins sa vydala, zverejnila u\u017e aj prv\u00fd z\u00e1ber\" title=\"Dara Rolins sa vydala, zverejnila u\u017e aj prv\u00fd z\u00e1ber\"\/> Fotogal\u00e9ria <\/a><\/p>\n<p>\n                Dara Rolins sa vydala, zverejnila u\u017e aj prv\u00fd z\u00e1ber<\/p>\n<p>                    Zdroj: Instagram: dararolins_vermi\n                <\/p>\n<p>Prv\u00e9 slov\u00e1 novoman\u017eelom po svadbe<\/p>\n<p><a href=\"https:\/\/www.markiza.sk\/soubiz\/clanok\/1049202-exkluzivne-prvy-a-jediny-spolocny-rozhovor-s-darou-a-pavlom-ich-pocity-zo-svadby-nas-dojali\" id=\"326653a5-df20-42a9-b929-6a5d322a6df8\" rel=\"nofollow noopener\" target=\"_blank\">Telev\u00edzia Mark\u00edza<\/a> priniesla rozhovor kr\u00e1tko po svadbe milovanej dvojice. Ako je jasn\u00e9, Dara a Pavel doslova \u017eiaria a rozhodli sa prezradi\u0165, ako to cel\u00e9 pre\u017e\u00edvali. <\/p>\n<p>\u201ePavl\u00edk si dnes r\u00e1no robil srandu \u2013 od r\u00e1na sa h\u00e1dame,\u201c zasmiala sa Dara. \u201eJe to super, vlastne sa ni\u010d nezmenilo v tom pocite. My sme to len tak akoby posv\u00e4tili u\u017e d\u00e1vno, \u017ee k sebe patr\u00edme a \u017ee spolu chceme by\u0165 do konca vekov. Bolo super, \u017ee sme vlastne mohli ten moment, to \u00e1no, poveda\u0165 v pr\u00edtomnosti tak\u00fdch t\u00fdch n\u00e1m najbli\u017e\u0161\u00edch,\u201c vyjadrila sa. <\/p>\n<p>Daru n\u00e1sledne doplnil aj jej man\u017eel, ktor\u00fd s\u00fahlasil, \u017ee je to kr\u00e1sny pocit. Ako oba s \u0148ou odhalili, myslia si, \u017ee to s man\u017eelkou e\u0161te ani nevstrebali, preto\u017ee za\u017eili ve\u013emi ve\u013ea kr\u00e1snych z\u00e1\u017eitkov. <\/p>\n<p>\u201ePri\u0161la na lodi a bolo to ako z nejak\u00e9ho star\u0161ieho filmu, talianskeho. Dolce Vita, i\u0161la na rive a ve\u013emi jej to pristalo. Mala klob\u00fak, bolo to fantastick\u00e9 a musel som sa dr\u017ea\u0165, aby&#8230; tie em\u00f3cie boli naozaj ve\u013emi siln\u00e9 a mysl\u00edm si, \u017ee ve\u013ea \u013eud\u00ed z na\u0161ich zn\u00e1mych to neudr\u017ealo. Bolo tam ve\u013ea slz, ale bolo to naozaj dojemn\u00e9 a kr\u00e1sne,\u201c prezradil Pavel. <\/p>\n<p>\u201eJa som bola na tej rive a ako som sa bl\u00ed\u017eila vlastne k zvy\u0161ku tej partie a hlavne k m\u00f4jmu bud\u00facemu man\u017eelovi, tak u\u017e na tej lodi som za\u010dala plaka\u0165. A \u00faplne som tak vracala sp\u00e4\u0165 tie slzy a hovorila som si: nie, nie, e\u0161te nie,\u201c odhalila Dara Rolins. <\/p>\n<p>\u201eBolo to super, ve\u013emi emot\u00edvne. A bolo ve\u013emi \u0165a\u017ek\u00e9 sa udr\u017ea\u0165, \u010di u\u017e ja alebo aj t\u00ed \u013eudia. Ke\u010f som sa na nich oto\u010dila, tak som videla v\u0161etk\u00fdm slzi\u010dky na kraji a v\u0161etci boli tak\u00ed dojat\u00ed. Boli tam ve\u013emi pekn\u00e1 atmosf\u00e9ra, bolo to cel\u00e9 tak\u00e9 srde\u010dn\u00e9, \u00faprimn\u00e9 a l\u00e1skav\u00e9,\u201c vyjadrila sa \u010falej. <\/p>\n<p><a href=\"https:\/\/diva.aktuality.sk\/clanok\/mfsVhlA\/predtym-ako-si-dnes-dara-vzala-pavla-zili-chvilami-aj-poriadne-burlivymi-momentmi-ona-sa-o-jedneho-delila-s-kamaratkou-a-on\/\" class=\"article-object-image box-article\" data-event=\"clanok|linkovany-clanok|obrazok\" rel=\"nofollow noopener\" target=\"_blank\"><img decoding=\"async\" class=\"image lazyload\" src=\"https:\/\/www.europesays.com\/sk\/wp-content\/uploads\/2026\/09\/GOGktkpTURBXy9iYzQ3NDUzZmY5ZDBmYTFlZGFhMWNhN2I4MmNlOGYxMS5qcGeSlQMAC80E5s0CwZUCzQfQAMLD.jpeg\" alt=\"Dara Rolins a Simona Krainov\u00e1 v minulosti. T\u00fdmito fotografiami zaspom\u00ednala na ich bujar\u00fa minulos\u0165 sama Simona na profile, bolo to ve\u013emi mil\u00e9, foto: IG: \/ simonakrainova\" title=\"Dara Rolins a Simona Krainov\u00e1 v minulosti. T\u00fdmito fotografiami zaspom\u00ednala na ich bujar\u00fa minulos\u0165 sama Simona na profile, bolo to ve\u013emi mil\u00e9, foto: IG: \/ simonakrainova\"\/><\/a><br \/>\n                    Diva.sk<br \/>\n                <a class=\"article-object-title-link\" href=\"https:\/\/diva.aktuality.sk\/clanok\/mfsVhlA\/predtym-ako-si-dnes-dara-vzala-pavla-zili-chvilami-aj-poriadne-burlivymi-momentmi-ona-sa-o-jedneho-delila-s-kamaratkou-a-on\/\" title=\"Predt\u00fdm, ako si dnes Dara vzala Pavla, \u017eili chv\u00ed\u013eami aj poriadne b\u00farliv\u00fdmi momentmi: Ona sa o jedn\u00e9ho delila s kamar\u00e1tkou, a on...\" data-event=\"clanok|linkovany-clanok|nadpis\" rel=\"nofollow noopener\" target=\"_blank\"><br \/>\n                        Predt\u00fdm, ako si dnes Dara vzala Pavla, \u017eili chv\u00ed\u013eami aj poriadne b\u00farliv\u00fdmi momentmi: Ona sa&#8230;<br \/>\n                    <\/a><\/p>\n<p>Ako Dara Rolins \u010falej priznala, prstene vyberal pr\u00e1ve jej teraj\u0161\u00ed man\u017eel a obaja ich bud\u00fa nosi\u0165 s l\u00e1skou. <\/p>\n<p>Viac ich spolo\u010dn\u00fdch z\u00e1berov si m\u00f4\u017eete pozrie\u0165 vo fotogal\u00e9rii:<\/p>\n","protected":false},"excerpt":{"rendered":"Po\u010das v\u00edkendu si svoje ve\u010dn\u00e9 \u00c1NO povedala milovan\u00e1 spev\u00e1\u010dka Dara Rolins a b\u00fdval\u00fd futbalista Pavel Nedv\u011bd. Teraz sa&hellip;\n","protected":false},"author":2,"featured_media":170710,"comment_status":"","ping_status":"","sticky":false,"template":"","format":"standard","meta":{"footnotes":"","_share_on_mastodon":"0"},"categories":[15],"tags":[70,43,40,39,42,41,71],"class_list":["post-170709","post","type-post","status-publish","format-standard","has-post-thumbnail","category-zabava","tag-entertainment","tag-sk","tag-slovak","tag-slovakia","tag-slovencina","tag-slovensko","tag-zabava"],"share_on_mastodon":{"url":"https:\/\/pubeurope.com\/@sk\/117214296878268365","error":""},"_links":{"self":[{"href":"https:\/\/www.europesays.com\/sk\/wp-json\/wp\/v2\/posts\/170709","targetHints":{"allow":["GET"]}}],"collection":[{"href":"https:\/\/www.europesays.com\/sk\/wp-json\/wp\/v2\/posts"}],"about":[{"href":"https:\/\/www.europesays.com\/sk\/wp-json\/wp\/v2\/types\/post"}],"author":[{"embeddable":true,"href":"https:\/\/www.europesays.com\/sk\/wp-json\/wp\/v2\/users\/2"}],"replies":[{"embeddable":true,"href":"https:\/\/www.europesays.com\/sk\/wp-json\/wp\/v2\/comments?post=170709"}],"version-history":[{"count":0,"href":"https:\/\/www.europesays.com\/sk\/wp-json\/wp\/v2\/posts\/170709\/revisions"}],"wp:featuredmedia":[{"embeddable":true,"href":"https:\/\/www.europesays.com\/sk\/wp-json\/wp\/v2\/media\/170710"}],"wp:attachment":[{"href":"https:\/\/www.europesays.com\/sk\/wp-json\/wp\/v2\/media?parent=170709"}],"wp:term":[{"taxonomy":"category","embeddable":true,"href":"https:\/\/www.europesays.com\/sk\/wp-json\/wp\/v2\/categories?post=170709"},{"taxonomy":"post_tag","embeddable":true,"href":"https:\/\/www.europesays.com\/sk\/wp-json\/wp\/v2\/tags?post=170709"}],"curies":[{"name":"wp","href":"https:\/\/api.w.org\/{rel}","templated":true}]}}