{"id":170711,"date":"2026-09-04T18:58:11","date_gmt":"2026-09-04T18:58:11","guid":{"rendered":"https:\/\/www.europesays.com\/sk\/170711\/"},"modified":"2026-09-04T18:58:11","modified_gmt":"2026-09-04T18:58:11","slug":"bezpecnostny-radar-ai-vstupuje-do-vojny-europa-celi-hybridnym-utokom-spolocnost-tyzden","status":"publish","type":"post","link":"https:\/\/www.europesays.com\/sk\/170711\/","title":{"rendered":"Bezpe\u010dnostn\u00fd radar: AI vstupuje do vojny. Eur\u00f3pa \u010del\u00ed hybridn\u00fdm \u00fatokom | Spolo\u010dnos\u0165 | .t\u00fd\u017ede\u0148"},"content":{"rendered":"<p>Vypo\u010dujte si audio nahr\u00e1vku<\/p>\n<p>\u00fa\u010dinkuj\u00fa: <\/p>\n<p>  gen. Pavel Macko Eugen Korda\u00a0  <\/p>\n<p>V 178. epiz\u00f3de Bezpe\u010dnostn\u00e9ho radaru gener\u00e1la Pavla Macka sa pozrieme na najnov\u0161\u00ed v\u00fdvoj na ukrajinskom bojisku, rusk\u00e9 a ukrajinsk\u00e9 strategick\u00e9 \u00fadery a nov\u00e9 trendy vo veden\u00ed vojny. T\u00e9mou bude aj hybridn\u00e1 ofenz\u00edva proti Eur\u00f3pe, migra\u010dn\u00fd tlak na Po\u013esko a Pobaltie \u010di situ\u00e1cia v Nemecku a F\u00ednsku. Druh\u00e1 \u010das\u0165 sa venuje Bl\u00edzkemu v\u00fdchodu \u2013 v\u00fdvoju v Gaze, Libanone a vojne medzi USA a Ir\u00e1nom, ako aj nov\u00fdm bezpe\u010dnostn\u00fdm dohod\u00e1m Saudskej Ar\u00e1bie.<\/p>\n<p>                  Ak ste na\u0161li chybu, nap\u00ed\u0161te na <a href=\"mailto:web@tyzden.sk?subject=Pripomienka%20k%20%C4%8Dl%C3%A1nku%20od%20%C4%8Ditate%C4%BEa&amp;body=%0A%0AT%C3%BAto%20linku%2C%20pros%C3%ADm%2C%20nevymaz%C3%A1vajte.%20Pom%C3%B4%C5%BEe%20n%C3%A1m%20r%C3%BDchlo%20n%C3%A1js%C5%A5%20text%2C%20v%20ktorom%20ste%20na%C5%A1li%20chybu%3A%0A%0Ahttps%3A%2F%2Fwww.tyzden.sk%2Fspolocnost%2F138791%2Fbezpecnostny-radar-ai-vstupuje-do-vojny-europa-celi-hybridnym-utokom%2F\">web@tyzden.sk<\/a>.<\/p>\n","protected":false},"excerpt":{"rendered":"Vypo\u010dujte si audio nahr\u00e1vku \u00fa\u010dinkuj\u00fa: gen. Pavel Macko Eugen Korda\u00a0 V 178. epiz\u00f3de Bezpe\u010dnostn\u00e9ho radaru gener\u00e1la Pavla Macka&hellip;\n","protected":false},"author":2,"featured_media":170712,"comment_status":"","ping_status":"","sticky":false,"template":"","format":"standard","meta":{"footnotes":"","_share_on_mastodon":"0"},"categories":[3],"tags":[57,56,55,43,40,42],"class_list":["post-170711","post","type-post","status-publish","format-standard","has-post-thumbnail","category-europa","tag-eu","tag-europa","tag-europe","tag-sk","tag-slovak","tag-slovencina"],"share_on_mastodon":{"url":"https:\/\/pubeurope.com\/@sk\/117214308233949582","error":""},"_links":{"self":[{"href":"https:\/\/www.europesays.com\/sk\/wp-json\/wp\/v2\/posts\/170711","targetHints":{"allow":["GET"]}}],"collection":[{"href":"https:\/\/www.europesays.com\/sk\/wp-json\/wp\/v2\/posts"}],"about":[{"href":"https:\/\/www.europesays.com\/sk\/wp-json\/wp\/v2\/types\/post"}],"author":[{"embeddable":true,"href":"https:\/\/www.europesays.com\/sk\/wp-json\/wp\/v2\/users\/2"}],"replies":[{"embeddable":true,"href":"https:\/\/www.europesays.com\/sk\/wp-json\/wp\/v2\/comments?post=170711"}],"version-history":[{"count":0,"href":"https:\/\/www.europesays.com\/sk\/wp-json\/wp\/v2\/posts\/170711\/revisions"}],"wp:featuredmedia":[{"embeddable":true,"href":"https:\/\/www.europesays.com\/sk\/wp-json\/wp\/v2\/media\/170712"}],"wp:attachment":[{"href":"https:\/\/www.europesays.com\/sk\/wp-json\/wp\/v2\/media?parent=170711"}],"wp:term":[{"taxonomy":"category","embeddable":true,"href":"https:\/\/www.europesays.com\/sk\/wp-json\/wp\/v2\/categories?post=170711"},{"taxonomy":"post_tag","embeddable":true,"href":"https:\/\/www.europesays.com\/sk\/wp-json\/wp\/v2\/tags?post=170711"}],"curies":[{"name":"wp","href":"https:\/\/api.w.org\/{rel}","templated":true}]}}