{"id":170713,"date":"2026-09-04T18:59:10","date_gmt":"2026-09-04T18:59:10","guid":{"rendered":"https:\/\/www.europesays.com\/sk\/170713\/"},"modified":"2026-09-04T18:59:10","modified_gmt":"2026-09-04T18:59:10","slug":"horor-na-zakladnej-skole-len-15-rocne-dievca-vytiahlo-noz-na-mladsie-spoluziacky-2","status":"publish","type":"post","link":"https:\/\/www.europesays.com\/sk\/170713\/","title":{"rendered":"HOROR na z\u00e1kladnej \u0161kole: Len 15-ro\u010dn\u00e9 diev\u010da vytiahlo n\u00f4\u017e na mlad\u0161ie spolu\u017eia\u010dky!"},"content":{"rendered":"\n<p article=\"[object Object]\" class=\"md:text-article-content leading-relaxed md:leading-normal mt-5 lg:mt-10 false\">Pol\u00edcia v bosnianskom meste Tuzla zasahovala vo \u0161tvrtok dopoludnia pri \u0161okuj\u00facom \u00fatoku v are\u00e1li miestnej z\u00e1kladnej \u0161koly. Pribli\u017ene 15-ro\u010dn\u00e1 \u017eia\u010dka tam no\u017eom napadla a zranila dve mlad\u0161ie, 14-ro\u010dn\u00e9 spolu\u017eia\u010dky, informuje web <a href=\"https:\/\/www.espreso.co.rs\/svet\/bosna\/1618718\/devojcica-nozem-izbola-drugarice-u-tuzli\" id=\"0c4f72f8-1f3f-47a2-89e2-b530968d8758\" rel=\"nofollow noopener\" target=\"_blank\">espreso.co.rs<\/a>.<\/p>\n<p article=\"[object Object]\" class=\"md:text-article-content leading-relaxed md:leading-normal mt-5 lg:mt-10 false\">Z\u00e1chran\u00e1ri obe zranen\u00e9 diev\u010dat\u00e1 okam\u017eite previezli do nemocnice na o\u0161etrenie, pri\u010dom pod\u013ea dostupn\u00fdch inform\u00e1ci\u00ed aktu\u00e1lne nie s\u00fa v ohrozen\u00ed \u017eivota. \u00dato\u010dn\u00ed\u010dku pol\u00edcia na mieste zadr\u017eala a je pod pr\u00edsnym doh\u013eadom. Pr\u00edpad si prevzal krajsk\u00fd prokur\u00e1tor a oddelenie krimin\u00e1lnej pol\u00edcie, ktor\u00e9 moment\u00e1lne vy\u0161etruje presn\u00e9 okolnosti a mot\u00edv tohto n\u00e1siln\u00e9ho \u010dinu. <\/p>\n<p article=\"[object Object]\" class=\"md:text-article-content leading-relaxed md:leading-normal mt-5 lg:mt-10 false\">\u00darady s\u00fa zatia\u013e na detaily sk\u00fape a odvol\u00e1vaj\u00fa sa na n\u00edzky vek akt\u00e9rok. \u201eVzh\u013eadom na z\u00e1kon o ochrane a zaobch\u00e1dzan\u00ed s de\u0165mi a mladistv\u00fdmi v trestnom konan\u00ed, ako aj na Dohovor o pr\u00e1vach die\u0165a\u0165a, nie sme v tomto konkr\u00e9tnom pr\u00edpade opr\u00e1vnen\u00ed poskytova\u0165 verejnosti \u017eiadne \u010fal\u0161ie inform\u00e1cie,\u201c uviedlo vo svojom ofici\u00e1lnom vyhl\u00e1sen\u00ed tamoj\u0161ie ministerstvo vn\u00fatra.<\/p>\n","protected":false},"excerpt":{"rendered":"Pol\u00edcia v bosnianskom meste Tuzla zasahovala vo \u0161tvrtok dopoludnia pri \u0161okuj\u00facom \u00fatoku v are\u00e1li miestnej z\u00e1kladnej \u0161koly. Pribli\u017ene&hellip;\n","protected":false},"author":2,"featured_media":170714,"comment_status":"","ping_status":"","sticky":false,"template":"","format":"standard","meta":{"footnotes":"","_share_on_mastodon":"0"},"categories":[8],"tags":[33,43,40,42,36,50,49,48],"class_list":["post-170713","post","type-post","status-publish","format-standard","has-post-thumbnail","category-svet","tag-news","tag-sk","tag-slovak","tag-slovencina","tag-spravy","tag-svet","tag-world","tag-world-news"],"share_on_mastodon":{"url":"https:\/\/pubeurope.com\/@sk\/117214312215683232","error":""},"_links":{"self":[{"href":"https:\/\/www.europesays.com\/sk\/wp-json\/wp\/v2\/posts\/170713","targetHints":{"allow":["GET"]}}],"collection":[{"href":"https:\/\/www.europesays.com\/sk\/wp-json\/wp\/v2\/posts"}],"about":[{"href":"https:\/\/www.europesays.com\/sk\/wp-json\/wp\/v2\/types\/post"}],"author":[{"embeddable":true,"href":"https:\/\/www.europesays.com\/sk\/wp-json\/wp\/v2\/users\/2"}],"replies":[{"embeddable":true,"href":"https:\/\/www.europesays.com\/sk\/wp-json\/wp\/v2\/comments?post=170713"}],"version-history":[{"count":0,"href":"https:\/\/www.europesays.com\/sk\/wp-json\/wp\/v2\/posts\/170713\/revisions"}],"wp:featuredmedia":[{"embeddable":true,"href":"https:\/\/www.europesays.com\/sk\/wp-json\/wp\/v2\/media\/170714"}],"wp:attachment":[{"href":"https:\/\/www.europesays.com\/sk\/wp-json\/wp\/v2\/media?parent=170713"}],"wp:term":[{"taxonomy":"category","embeddable":true,"href":"https:\/\/www.europesays.com\/sk\/wp-json\/wp\/v2\/categories?post=170713"},{"taxonomy":"post_tag","embeddable":true,"href":"https:\/\/www.europesays.com\/sk\/wp-json\/wp\/v2\/tags?post=170713"}],"curies":[{"name":"wp","href":"https:\/\/api.w.org\/{rel}","templated":true}]}}