{"id":170715,"date":"2026-09-04T19:00:19","date_gmt":"2026-09-04T19:00:19","guid":{"rendered":"https:\/\/www.europesays.com\/sk\/170715\/"},"modified":"2026-09-04T19:00:19","modified_gmt":"2026-09-04T19:00:19","slug":"nedelne-popoludnia-na-tv-joj-sa-vyrazne-zmenia-na-obrazovky-sa-naraz-vracia-trojica-oblubenych-relacii-televizia","status":"publish","type":"post","link":"https:\/\/www.europesays.com\/sk\/170715\/","title":{"rendered":"Nede\u013en\u00e9 popoludnia na TV JOJ sa v\u00fdrazne zmenia. Na obrazovky sa naraz vracia trojica ob\u013e\u00faben\u00fdch rel\u00e1ci\u00ed &#8211; Telev\u00edzia"},"content":{"rendered":"<p>Tri zn\u00e1me magaz\u00edny TV JOJ prich\u00e1dzaj\u00fa po prest\u00e1vke s premi\u00e9rov\u00fdmi \u010das\u0165ami. Nov\u00e1 sez\u00f3na otvor\u00ed v\u00fdvoj cien b\u00fdvania, \u017eivot mimo mesta aj ot\u00e1zku, ako z\u00e1hrady prisp\u00f4sobi\u0165 meniacej sa kl\u00edme.<\/p>\n<p>Realitn\u00fd trh m\u00e1 za sebou roky prudk\u00e9ho rastu, drah\u0161\u00edch hypot\u00e9k aj obdob\u00ed, ke\u010f z\u00e1ujemcovia n\u00e1kup rad\u0161ej odkladali. Vlado Vo\u0161tin\u00e1r, ktor\u00fd sprev\u00e1dza rel\u00e1ciou Nov\u00e9 b\u00fdvanie u\u017e 18 rokov, teraz prip\u00fa\u0161\u0165a \u010fal\u0161\u00ed posun. Pod\u013ea jeho osobn\u00e9ho odhadu by ceny nehnute\u013enost\u00ed v dlh\u0161om horizonte mohli mierne klesn\u00fa\u0165.<\/p>\n<p>Pr\u00e1ve aktu\u00e1lne dianie na trhu sa stane jednou z t\u00e9m premi\u00e9rov\u00fdch \u010dast\u00ed. Nov\u00e9 b\u00fdvanie sa spolu s rel\u00e1ciami Nov\u00e1 z\u00e1hrada a Na chalupe vr\u00e1ti na obrazovky TV JOJ u\u017e t\u00fato nede\u013eu. Trojica magaz\u00ednov postupne vypln\u00ed popoludnie od 15.35 do 17.50, pri\u010dom nov\u00e9 epiz\u00f3dy s\u00fa dostupn\u00e9 aj na JOJ play.<\/p>\n<p>Vo\u0161tin\u00e1r vid\u00ed v zmen\u00e1ch nov\u00fd priestor<\/p>\n<p>Nov\u00e9 b\u00fdvanie uzavrie nede\u013en\u00fd blok o 17.50. Rel\u00e1cia po\u010das svojej existencie zachytila prechod na euro, glob\u00e1lnu finan\u010dn\u00fa kr\u00edzu, hypotek\u00e1rne otrasy aj v\u00fdrazn\u00e9 cenov\u00e9 v\u00fdkyvy. Zmeny preto moder\u00e1tor nevn\u00edma ako prek\u00e1\u017eku. Pre form\u00e1t, ktor\u00fd \u013eu\u010fom pom\u00e1ha zorientova\u0165 sa v ponuke, prin\u00e1\u0161aj\u00fa nov\u00e9 pr\u00edbehy a ot\u00e1zky.<\/p>\n<p>\u201eV\u00fdvoj na realitnom trhu je nie\u010do, \u010do hr\u00e1 v\u00fdrazne v n\u00e1\u0161 prospech. Nov\u00e9 b\u00fdvanie vyr\u00e1bame u\u017e dlh\u00fdch 18 rokov. Za ten \u010das sme pre\u017eili glob\u00e1lnu finan\u010dn\u00fa kr\u00edzu, prechod na euro, hypotek\u00e1rne otrasy aj obdobia, kedy ceny lietali astronomicky nahor alebo kedy \u013eudia, naopak, nekupovali v\u00f4bec ni\u010d. M\u00f4j osobn\u00fd odhad je, \u017ee ceny nehnute\u013enost\u00ed u\u017e nebud\u00fa r\u00e1s\u0165 tak\u00fdm z\u00e1vratn\u00fdm tempom.Nehovor\u00edm, \u017ee sa to zlom\u00ed zo d\u0148a na de\u0148. Ale z dlhodob\u00e9ho h\u013eadiska o\u010dak\u00e1vam sk\u00f4r mierny pokles. Vych\u00e1dzam zo svojich vlastn\u00fdch ind\u00edci\u00ed a vnemov, s ktor\u00fdmi pracujem, hoci to samozrejme nie s\u00fa exaktn\u00e9 analytick\u00e9 d\u00e1ta. M\u00f4\u017ee to by\u0165 nakoniec inak, no ak ceny za\u010dn\u00fa trocha klesa\u0165, pre na\u0161u rel\u00e1ciu to bude op\u00e4\u0165 skvel\u00fd motor. \u013dudia bud\u00fa chcie\u0165 prirodzene vidie\u0165, kde a o ko\u013eko ceny padli,\u201c mysl\u00ed si moder\u00e1tor.<\/p>\n<p>Nov\u00e9 b\u00fdvanie si svoju poz\u00edciu udr\u017ealo aj po\u010das minulej jesene, ke\u010f s\u00faperilo s ve\u013ek\u00fdmi telev\u00edznymi form\u00e1tmi. Jeho v\u00fdhodou zost\u00e1va t\u00e9ma, ktor\u00e1 sa prirodzene men\u00ed spolu s ekonomikou, dostupnos\u0165ou \u00faverov aj predstavami \u013eud\u00ed o ide\u00e1lnom domove.<\/p>\n<p>Star\u00e9 domy dostan\u00fa nov\u00fd \u017eivot<\/p>\n<p>E\u0161te pred n\u00e1v\u0161tevami nehnute\u013enost\u00ed sa o 16.40 za\u010dne Na chalupe. Jesenn\u00e9 epiz\u00f3dy nezostan\u00fa iba pri romantickej predstave v\u00edkendov na vidieku. Uk\u00e1\u017eu rodiny, ktor\u00e9 vymenili mesto za pokojnej\u0161\u00ed \u017eivot, aj \u013eud\u00ed zachra\u0148uj\u00facich star\u00e9 domy a tradi\u010dn\u00e9 remesl\u00e1.<\/p>\n<p>Priestor dostan\u00fa praktick\u00e9 t\u00e9my od citliv\u00fdch rekon\u0161trukci\u00ed a\u017e po hospod\u00e1renie s vodou. Tvorcovia sa pozr\u00fa na permakult\u00faru, obnovu p\u00f4dy, pr\u00edrodn\u00e9 materi\u00e1ly, modern\u00e9 vykurovanie aj \u00faspornej\u0161ie technol\u00f3gie.<\/p>\n<p>\u201eV jesennej sez\u00f3ne sa div\u00e1ci m\u00f4\u017eu te\u0161i\u0165 na pestr\u00fa kombin\u00e1ciu siln\u00fdch \u013eudsk\u00fdch pr\u00edbehov, citliv\u00fdch rekon\u0161trukci\u00ed, z\u00e1hrad, remesiel a praktick\u00fdch r\u00e1d. Uk\u00e1\u017eeme \u013eud\u00ed, ktor\u00ed star\u00fdm domom vr\u00e1tili \u017eivot, ale aj mlad\u0161ie rodiny, ktor\u00e9 sa rozhodli pres\u0165ahova\u0165 na vidiek a \u017ei\u0165 jednoduch\u0161ie a bli\u017e\u0161ie k pr\u00edrode. A uk\u00e1\u017eeme aj skuto\u010dn\u00e9 umenie v sadoch. V\u00e4\u010d\u0161\u00ed priestor dostan\u00fa udr\u017eate\u013en\u00e9 z\u00e1hrady, pokra\u010dujeme s t\u00e9mami permakult\u00fary, revitaliz\u00e1cie p\u00f4dy a alternat\u00edvnych sp\u00f4sobov pestovania, ktor\u00e9 dnes zauj\u00edmaj\u00fa \u010doraz viac chalup\u00e1rov. Sledujeme aj to, ako sa tradi\u010dn\u00e9 stavebn\u00e9 postupy a pr\u00edrodn\u00e9 materi\u00e1ly daj\u00fa prep\u00e1ja\u0165 s modern\u00fdm vykurovan\u00edm, hospod\u00e1ren\u00edm s vodou \u010di \u00faspornej\u0161\u00edmi technol\u00f3giami,\u201c spresnila moder\u00e1torka Katar\u00edna Jesensk\u00e1.<\/p>\n<p>Chalup\u00e1r\u010denie sa tak v rel\u00e1cii nepos\u00fava do minulosti. Naopak, prep\u00e1ja sk\u00fasenosti predch\u00e1dzaj\u00facich gener\u00e1ci\u00ed s dne\u0161nou snahou \u017ei\u0165 jednoduch\u0161ie, \u0161etrnej\u0161ie a bli\u017e\u0161ie k pr\u00edrode.<\/p>\n<p>Z\u00e1hrady u\u017e ovplyv\u0148uje aj klimatick\u00e1 zmena<\/p>\n<p>Ako prv\u00e1 pr\u00edde na rad Nov\u00e1 z\u00e1hrada, ktor\u00e1 od\u0161tartuje nede\u013en\u00e9 vysielanie o 15.35. Martin \u010curda a Franti\u0161ek La\u0161\u0161\u00e1k po\u010das leta cestovali so \u0161t\u00e1bom po Slovensku, h\u013eadali nov\u00e9 pr\u00edbehy a pripravovali \u010fal\u0161ie premeny.<\/p>\n<p>Ich cesty viedli k najv\u00e4\u010d\u0161iemu mil\u00e9niov\u00e9mu kr\u00ed\u017eu na Slovensku, k najv\u00e4\u010d\u0161ej slovenskej priehrade aj pod najrozsiahlej\u0161\u00ed hradn\u00fd komplex v strednej Eur\u00f3pe. Vr\u00e1tili sa tie\u017e do oblasti ozna\u010dovanej ako centrum supervulk\u00e1nu, kde u\u017e rel\u00e1cia v minulosti nakr\u00facala.<\/p>\n<p>\u201eU\u017e tradi\u010dne nav\u0161tevujeme cel\u00e9 Slovensko \u2013 \u010di u\u017e s kamerou pri nakr\u00facan\u00ed nov\u00fdch epiz\u00f3d, alebo v r\u00e1mci obhliadok nov\u00fdch z\u00e1hrad, ktor\u00fdch pretv\u00e1ranie by sme mohli potenci\u00e1lne nakr\u00faca\u0165. Tohto roku sme boli napr\u00edklad pri najv\u00e4\u010d\u0161om, mil\u00e9niovom kr\u00ed\u017ei na Slovensku, pri najv\u00e4\u010d\u0161ej priehrade Slovenska, pod najrozsiahlej\u0161\u00edm hradn\u00fdm komplexom v strednej Eur\u00f3pe \u2013 a tento skvost m\u00e1me doma, na Slovensku! \u2013 a, samozrejme, aj v centre supervulk\u00e1nu, kde sme u\u017e predt\u00fdm nakr\u00facali. Pochopite\u013ene, tie\u017e na Slovensku,\u201c hovor\u00ed Martin \u010curda.<\/p>\n<p>Kamery sa dostali aj za hranice. \u0160t\u00e1b nav\u0161t\u00edvil dedinku na ju\u017enej Morave, ktorej v\u00ednne pivnice posl\u00fa\u017eili ako exteri\u00e9ry pri nakr\u00facan\u00ed legend\u00e1rneho seri\u00e1lu Slov\u00e1cko sa nes\u00fad\u00ed. \u00da\u010dinkoval v \u0148om Jozef Kroner, jedin\u00fd slovensk\u00fd dr\u017eite\u013e Oscara. Seri\u00e1l zarad\u00ed JOJ Plus do svojho jesenn\u00e9ho programu.<\/p>\n<p>Premeny v\u0161ak nebud\u00fa jedinou n\u00e1pl\u0148ou Novej z\u00e1hrady. Tvorcovia chc\u00fa uk\u00e1za\u0165, \u010do s pestovan\u00edm robia meniace sa podmienky a pre\u010do u\u017e mnoh\u00e9 zau\u017e\u00edvan\u00e9 postupy nemusia fungova\u0165 rovnako ako kedysi.<\/p>\n<p>\u201eSme rel\u00e1cia, ktor\u00e1 sk\u00f4r mapuje realitu, ako vytv\u00e1ra ak\u00fako\u013evek pr\u00edjemn\u00fa fikciu. V na\u0161om svete doslova mus\u00edme reagova\u0165 na aktu\u00e1lne trendy \u2013 presnej\u0161ie na klimatick\u00fa zmenu,\u201c dodal moder\u00e1tor Martin \u010curda.<\/p>\n<p>Nede\u013en\u00fd blok TV JOJ sa za\u010dne Novou z\u00e1hradou o 15.35. O 16.40 bude pokra\u010dova\u0165 rel\u00e1cia Na chalupe a o 17.50 pr\u00edde na rad Nov\u00e9 b\u00fdvanie.<\/p>\n<p><a href=\"https:\/\/debata.pravda.sk\/debata\/2035487-nedelne-popoludnia-na-tv-joj-sa-vyrazne-zmenia-na-obrazovky-sa-naraz-vracia-trojica-oblubenych-relacii\/\" class=\"detail_text_socials_item debata debata-count-decorator\" rel=\"nofollow noopener\" target=\"_blank\"><\/p>\n<p>debata<\/p>\n<p><\/a><\/p>\n<p><a href=\"https:\/\/www.pravda.sk\/mreporter\" class=\"detail_text_socials_item hide\" id=\"mreporter-button\" rel=\"nofollow noopener\" target=\"_blank\"><\/p>\n<p>mReport\u00e9r<\/p>\n<p><\/a><\/p>\n<p><img decoding=\"async\" src=\"https:\/\/ipravda.sk\/res\/www\/sorry.svg\" alt=\"\u013dutujeme\" height=\"75\"\/><\/p>\n<p>V\u00e1\u017een\u00ed \u010ditatelia, pod t\u00fdmto \u010dl\u00e1nkom sme neumo\u017enili diskusiu<\/p>\n<p>\nObsah \u010dl\u00e1nku a sk\u00fasenosti s administr\u00e1ciou deb\u00e1t n\u00e1m d\u00e1vaj\u00fa predpoklad, \u017ee aj na tomto mieste by prib\u00fadali<br \/>\npreva\u017ene pr\u00edspevky, ktor\u00e9 by boli v rozpore s pravidlami debaty aj dobr\u00fdmi mravmi.\n<\/p>\n<p>\n\u010eakujeme za pochopenie a te\u0161\u00edme sa na slu\u0161n\u00e9 debaty pod in\u00fdmi \u010dl\u00e1nkami.\n<\/p>\n<p>Rozumiem<\/p>\n","protected":false},"excerpt":{"rendered":"Tri zn\u00e1me magaz\u00edny TV JOJ prich\u00e1dzaj\u00fa po prest\u00e1vke s premi\u00e9rov\u00fdmi \u010das\u0165ami. Nov\u00e1 sez\u00f3na otvor\u00ed v\u00fdvoj cien b\u00fdvania, \u017eivot&hellip;\n","protected":false},"author":2,"featured_media":170716,"comment_status":"","ping_status":"","sticky":false,"template":"","format":"standard","meta":{"footnotes":"","_share_on_mastodon":"0"},"categories":[6],"tags":[43,40,44,39,42,45,41],"class_list":["post-170715","post","type-post","status-publish","format-standard","has-post-thumbnail","category-slovensko","tag-sk","tag-slovak","tag-slovak-republic","tag-slovakia","tag-slovencina","tag-slovenska-republika","tag-slovensko"],"share_on_mastodon":{"url":"https:\/\/pubeurope.com\/@sk\/117214316579145744","error":""},"_links":{"self":[{"href":"https:\/\/www.europesays.com\/sk\/wp-json\/wp\/v2\/posts\/170715","targetHints":{"allow":["GET"]}}],"collection":[{"href":"https:\/\/www.europesays.com\/sk\/wp-json\/wp\/v2\/posts"}],"about":[{"href":"https:\/\/www.europesays.com\/sk\/wp-json\/wp\/v2\/types\/post"}],"author":[{"embeddable":true,"href":"https:\/\/www.europesays.com\/sk\/wp-json\/wp\/v2\/users\/2"}],"replies":[{"embeddable":true,"href":"https:\/\/www.europesays.com\/sk\/wp-json\/wp\/v2\/comments?post=170715"}],"version-history":[{"count":0,"href":"https:\/\/www.europesays.com\/sk\/wp-json\/wp\/v2\/posts\/170715\/revisions"}],"wp:featuredmedia":[{"embeddable":true,"href":"https:\/\/www.europesays.com\/sk\/wp-json\/wp\/v2\/media\/170716"}],"wp:attachment":[{"href":"https:\/\/www.europesays.com\/sk\/wp-json\/wp\/v2\/media?parent=170715"}],"wp:term":[{"taxonomy":"category","embeddable":true,"href":"https:\/\/www.europesays.com\/sk\/wp-json\/wp\/v2\/categories?post=170715"},{"taxonomy":"post_tag","embeddable":true,"href":"https:\/\/www.europesays.com\/sk\/wp-json\/wp\/v2\/tags?post=170715"}],"curies":[{"name":"wp","href":"https:\/\/api.w.org\/{rel}","templated":true}]}}