{"id":170717,"date":"2026-09-04T19:01:15","date_gmt":"2026-09-04T19:01:15","guid":{"rendered":"https:\/\/www.europesays.com\/sk\/170717\/"},"modified":"2026-09-04T19:01:15","modified_gmt":"2026-09-04T19:01:15","slug":"sydney-sweeney-rozpalila-benatky-priesvitnymi-outfitmi-ale-pozor-priviedla-aj-frajera","status":"publish","type":"post","link":"https:\/\/www.europesays.com\/sk\/170717\/","title":{"rendered":"Sydney Sweeney rozp\u00e1lila Ben\u00e1tky priesvitn\u00fdmi outfitmi&#8230; Ale pozor, priviedla aj frajera!"},"content":{"rendered":"<p>BEN\u00c1TKY &#8211;  Sydney Sweeney op\u00e4\u0165 dok\u00e1zala, \u017ee vie na seba strhn\u00fa\u0165 pozornos\u0165 bez jedin\u00e9ho slova. Ke\u010f sa objavila v Ben\u00e1tkach pri pr\u00edle\u017eitosti filmov\u00e9ho festivalu, fotografi okam\u017eite namierili objekt\u00edvy na jej odv\u00e1\u017eny outfit. Here\u010dka stavila na priesvitn\u00fa \u010dipku, odhalen\u00e9 brucho a kr\u00e1tke nohavice. A internet za\u010dal okam\u017eite diskutova\u0165.<\/p>\n<p>Sydney Sweeney je v Ben\u00e1tkach! Hviezda seri\u00e1lu Euf\u00f3ria dorazila na 83. ro\u010dn\u00edk prest\u00ed\u017eneho filmov\u00e9ho festivalu a u\u017e jej pr\u00edchod sa postaral o poriadny rozruch. Dvadsa\u0165osemro\u010dn\u00e1 here\u010dka sa pred fotografmi objavila v mimoriadne odv\u00e1\u017enej kombin\u00e1cii. Obliekla si priesvitn\u00fd \u010dipkovan\u00fd top zna\u010dky Georges Chakra s vol\u00e1nov\u00fdm lemovan\u00edm a v\u00fdrazn\u00fdm odhalen\u00edm bokov. K nemu zvolila kr\u00e9mov\u00e9 bermudov\u00e9 \u0161ortky s opaskom, \u00fazke slne\u010dn\u00e9 okuliare a kabelku Fendi. Najv\u00e4\u010d\u0161iu pozornos\u0165 v\u0161ak pochopite\u013ene p\u00fatal samotn\u00fd top. Jemn\u00e1 \u010dipka toho toti\u017e ve\u013ea nezakr\u00fdvala a Sydney tak op\u00e4\u0165 predviedla svoj charakteristick\u00fd odv\u00e1\u017eny m\u00f3dny \u0161t\u00fdl. <\/p>\n<p>\n\t<a href=\"https:\/\/www.topky.sk\/gl\/9603961\/6584455\/Sydney-Sweeney-rozpalila-Benatky-priesvitnymi-outfitmi----Ale-pozor--priviedla-aj-frajera-\" rel=\"nofollow noopener\" target=\"_blank\"><br \/>\n\t\t<img decoding=\"async\" alt=\"Sydney Sweeney\" aria-describedby=\"img-res-6584455\" class=\"\" height=\"2399\" id=\"6584455\" loading=\"lazy\" onerror=\"imgArticleLoadErr(this)\" src=\"https:\/\/www.europesays.com\/sk\/wp-content\/uploads\/2026\/09\/Sydney-Sweeney.jpg\" style=\"aspect-ratio:0.667\" title=\"Sydney Sweeney\" width=\"1600\"\/>\t\t\t<\/p>\n<p>\n\t\t\t\tZobrazi\u0165 gal\u00e9riu (19)\t\t\t<\/p>\n<p>\t<\/a><\/p>\n<p>Sydney Sweeney\t\u00a0(Zdroj: GettyImages)<\/p>\n<\/p>\n<p>K\u00fdm mnoh\u00e9 hviezdy prich\u00e1dzaj\u00fa do Ben\u00e1tok predov\u0161etk\u00fdm kv\u00f4li premi\u00e9re svojho nov\u00e9ho filmu, Sydney Sweeney m\u00e1 tentoraz trochu in\u00fa \u00falohu. Here\u010dka je v Ben\u00e1tkach ako ambas\u00e1dorka Armani Beauty, ktor\u00e1 je ofici\u00e1lnym beauty partnerom festivalu. Pr\u00e1ve preto sa od nej o\u010dak\u00e1va \u00fa\u010das\u0165 na spolo\u010densk\u00fdch a m\u00f3dnych podujatiach po\u010das festivalov\u00e9ho t\u00fd\u017ed\u0148a. A zd\u00e1 sa, \u017ee Sydney svoju \u00falohu pochopila dokonale.<\/p>\n<p>U\u017e pri pr\u00edchode toti\u017e vyslala jasn\u00fd sign\u00e1l, \u017ee jej pobyt v Ben\u00e1tkach nebude iba o filmovej atmosf\u00e9re, ale aj o m\u00f3de. U\u017e po\u010das prvej\u00a0exkluz\u00edvnej ve\u010dere organizovanej zna\u010dkou Armani Beauty\u00a0predviedla n\u00e1dhern\u00e9\u00a0arch\u00edvne \u0161aty Giorgio Armani z kolekcie Fall\/Winter 2000 \u2013 sivostrieborn\u00e9, pokryt\u00e9 flitrami.<\/p>\n<p>Festival potrv\u00e1 a\u017e do 12. septembra a Sweeney m\u00e1 pred sebou cel\u00fa s\u00e9riu spolo\u010densk\u00fdch a beauty podujat\u00ed spojen\u00fdch s Armani Beauty. A pr\u00e1ve jej \u010fal\u0161ie outfity m\u00f4\u017eu by\u0165 jednou z vec\u00ed, ktor\u00e9 bud\u00fa fan\u00fa\u0161ikovia sledova\u0165 najpozornej\u0161ie.\u00a0Tento rok v\u0161ak zatia\u013e pri\u0161la bez vlastnej filmovej premi\u00e9ry a v\u0161etko nasved\u010duje tomu, \u017ee jej hlavnou zbra\u0148ou bude m\u00f3da. <\/p>\n<p>Ak si v\u0161ak mysl\u00edte, \u017ee sexi here\u010dka pri\u0161la na festival len pracova\u0165, sklameme v\u00e1s. Sydney si so sebou vzala aj priate\u013ea, Scootra Brouna. S kontroverzn\u00fdm hudobn\u00fdm mana\u017e\u00e9rom sa spoznali pred rokom na svadbe miliard\u00e1ra Jeffa Bezosa, pr\u00e1ve v romantick\u00fdch Ben\u00e1tkach. A ktovie, kam ich mesto nekone\u010dn\u00fdch mo\u017enost\u00ed zaveje&#8230;<\/p>\n<p>\t<a href=\"https:\/\/www.topky.sk\/gl\/9603961\/6585331\/Sydney-Sweeney-rozpalila-Benatky-priesvitnymi-outfitmi----Ale-pozor--priviedla-aj-frajera-\" rel=\"nofollow noopener\" target=\"_blank\"><br \/>\n\t\t<img decoding=\"async\" alt=\"Sydney Sweeney a Scooter Broun\" aria-describedby=\"img-res-6585331\" class=\"\" height=\"1067\" id=\"6585331\" loading=\"lazy\" onerror=\"imgArticleLoadErr(this)\" src=\"https:\/\/www.europesays.com\/sk\/wp-content\/uploads\/2026\/09\/Sydney-Sweeney-Scooter-Broun.jpg\" style=\"aspect-ratio:1.500\" title=\"Sydney Sweeney a Scooter\" width=\"1600\"\/>\t\t\t<\/p>\n<p>\n\t\t\t\tZobrazi\u0165 gal\u00e9riu (19)\t\t\t<\/p>\n<p>\t<\/a><\/p>\n<p>Sydney Sweeney a Scooter Broun\t\u00a0(Zdroj: GettyImages)<\/p>\n<p>\t\tHlasovanie ukon\u010den\u00e9<\/p>\n<p>\t\t\t\t{{ poll.title }}<\/p>\n<p>\t\t\t\t\t<img :alt=\"pollImageDescription()\" :src=\"https:\/\/www.topky.sk\/cl\/100314\/9484925\/poll.img_url\" class=\"box-quiz-new-image-questionnaire\"\/><\/p>\n<p>{{ poll.image_description }} (Zdroj: {{ poll.image_resource }})<\/p>\n<p>\t\t\t\t\t\t\t\t\t\t\t<img :alt=\"questionImageDescription(question)\" :src=\"https:\/\/www.topky.sk\/cl\/100314\/9484925\/question.img_url\" class=\"box-quiz-new-image-top\"\/><\/p>\n<p>Zdroj: {{ question.image_resource }}<\/p>\n<p>\n\t\t\t\t\t\t\t\t\t\t\t{{ question.text }}\n\t\t\t\t\t\t\t\t\t\t<\/p>\n<p>{{ question.text }}<\/p>\n<p>\t\t\t\t\t\t\t\t\t\t\t\t\t\t<img :alt=\"questionImageDescription(question)\" :src=\"https:\/\/www.topky.sk\/cl\/100314\/9484925\/question.img_url\" class=\"box-quiz-new-image-top\"\/><\/p>\n<p>Zdroj: {{ question.image_resource }}<\/p>\n<p>{{ poll.title }}<\/p>\n<p>{{ question.text }}<\/p>\n<p>\t\t\t\t\t\t\t\t\t\t\t\t\t\t<img :alt=\"questionImageDescription(question)\" :src=\"https:\/\/www.topky.sk\/cl\/100314\/9484925\/question.img_url\" class=\"box-quiz-new-image-top\"\/><\/p>\n<p>Zdroj: {{ question.image_resource }}<\/p>\n<p>{{ poll.rating_worst}}<\/p>\n<p>{{ poll.rating_best}}<\/p>\n<p>{{ poll.rating_best}}<\/p>\n<p>{{ poll.rating_worst}}<\/p>\n<p>\t\t\t\t\t\t\t\t\t\t\t\t\t{{ answer.text }}<\/p>\n<p>\t\t\t\t\t\t\t\t\t\t\t\t\t{{ answer.text }}<\/p>\n<p>\t\t\t\t\t{{ poll.title }}<\/p>\n<p v-if=\"poll.contact_form\">{{ poll.thanks }}<\/p>\n<p>{{ question.text }}<\/p>\n<p>\t\t\t\t\t\t\t\t\t<img :alt=\"questionImageDescription(question)\" :src=\"https:\/\/www.topky.sk\/cl\/100314\/9484925\/question.img_url\" class=\"box-quiz-new-image-top\"\/><\/p>\n<p>Zdroj: {{ question.image_resource }}<\/p>\n<p>Priemern\u00e9 hodnotenie: {{ question.rating }}<\/p>\n<p> Va\u0161e hodnotenie: {{ question.user_rating }}<\/p>\n<p>{{ question.text }}<\/p>\n<p>\t\t\t\t\t\t\t\t\t<img :alt=\"questionImageDescription(question)\" :src=\"https:\/\/www.topky.sk\/cl\/100314\/9484925\/question.img_url\" class=\"box-quiz-new-image-top\"\/><\/p>\n<p>Zdroj: {{ question.image_resource }}<\/p>\n<p>{{ poll.rating_worst}}<\/p>\n<p>{{ poll.rating_best}}<\/p>\n<p>{{ poll.rating_best}}<\/p>\n<p>{{ poll.rating_worst}}<\/p>\n<p>Priemern\u00e9 hodnotenie: {{ question.rating }}<\/p>\n<p> Va\u0161e hodnotenie: {{ question.user_rating }}<\/p>\n<p>Hlasovalo: {{questions[0].votes}}<\/p>\n<p>\t\t\t\t\t\t{{ poll.title }}<\/p>\n<p>\t\t\t\t\t\t\t<img :alt=\"pollImageDescription()\" :src=\"https:\/\/www.topky.sk\/cl\/100314\/9484925\/poll.img_url\" class=\"box-quiz-new-image-questionnaire\"\/><\/p>\n<p>{{ poll.image_description }} (Zdroj: {{ poll.image_resource }})<\/p>\n<p>{{ qIndex+1 }}\/{{ questions.length }}<\/p>\n<p>\t\t\t\t\t\t\t\t\t<img :alt=\"questionImageDescription(question)\" :src=\"https:\/\/www.topky.sk\/cl\/100314\/9484925\/question.img_url\" class=\"box-quiz-new-image-top\"\/><br \/>\n\t\t\t\t\t\t\t\t\t<a class=\"box-quiz-new-magnifier\" href=\"#\" title=\"Zv\u00e4\u010d\u0161i\u0165 obr\u00e1zok\">\u00a0<\/a><\/p>\n<p>Zdroj: {{ question.image_resource }}<\/p>\n<p>{{ question.text }}<\/p>\n<p>M\u00f4\u017eete ozna\u010di\u0165 viacero odpoved\u00ed.<\/p>\n<p class=\"profile-name\">{{ profiles[profileEvalueated.index].name }}<\/p>\n<p v-if=\"poll.show_profiles_percentage\">Zhoda: {{ profileEvalueated.weightPercentage }}%<\/p>\n<p>\t\t\t\t\t\t\t\t\t<img :alt=\"profiles[profileEvalueated.index].image_description\" :src=\"https:\/\/www.topky.sk\/cl\/100314\/9484925\/profiles[profileEvalueated.index].img_url\" class=\"box-quiz-new-image-questionnaire\"\/><\/p>\n<p>{{ profiles[profileEvalueated.index].image_description }} (Zdroj: {{ profiles[profileEvalueated.index].image_resource }})<\/p>\n<p><\/p>\n<p>\t\t\t\t\t\t\t\u00d7<br \/>\n\t\t\t\t\t\t\t<img :alt=\"imageModal.imgDescription\" :src=\"https:\/\/www.topky.sk\/cl\/100314\/9484925\/imageModal.imgUrl\" :style=\"isEmbed ? computeModalImageStyle() : ''\"\/><\/p>\n","protected":false},"excerpt":{"rendered":"BEN\u00c1TKY &#8211; Sydney Sweeney op\u00e4\u0165 dok\u00e1zala, \u017ee vie na seba strhn\u00fa\u0165 pozornos\u0165 bez jedin\u00e9ho slova. Ke\u010f sa objavila&hellip;\n","protected":false},"author":2,"featured_media":170718,"comment_status":"","ping_status":"","sticky":false,"template":"","format":"standard","meta":{"footnotes":"","_share_on_mastodon":"0"},"categories":[32],"tags":[16154,7694,34,37,33,48263,43,40,39,42,41,36,5396,38,35],"class_list":["post-170717","post","type-post","status-publish","format-standard","has-post-thumbnail","category-spravy","tag-benatky","tag-filmovy-festival","tag-headlines","tag-hlavne-spravy","tag-news","tag-priesvitny-top","tag-sk","tag-slovak","tag-slovakia","tag-slovencina","tag-slovensko","tag-spravy","tag-sydney-sweeney","tag-titulky","tag-top-stories"],"share_on_mastodon":{"url":"https:\/\/pubeurope.com\/@sk\/117214320219691195","error":""},"_links":{"self":[{"href":"https:\/\/www.europesays.com\/sk\/wp-json\/wp\/v2\/posts\/170717","targetHints":{"allow":["GET"]}}],"collection":[{"href":"https:\/\/www.europesays.com\/sk\/wp-json\/wp\/v2\/posts"}],"about":[{"href":"https:\/\/www.europesays.com\/sk\/wp-json\/wp\/v2\/types\/post"}],"author":[{"embeddable":true,"href":"https:\/\/www.europesays.com\/sk\/wp-json\/wp\/v2\/users\/2"}],"replies":[{"embeddable":true,"href":"https:\/\/www.europesays.com\/sk\/wp-json\/wp\/v2\/comments?post=170717"}],"version-history":[{"count":0,"href":"https:\/\/www.europesays.com\/sk\/wp-json\/wp\/v2\/posts\/170717\/revisions"}],"wp:featuredmedia":[{"embeddable":true,"href":"https:\/\/www.europesays.com\/sk\/wp-json\/wp\/v2\/media\/170718"}],"wp:attachment":[{"href":"https:\/\/www.europesays.com\/sk\/wp-json\/wp\/v2\/media?parent=170717"}],"wp:term":[{"taxonomy":"category","embeddable":true,"href":"https:\/\/www.europesays.com\/sk\/wp-json\/wp\/v2\/categories?post=170717"},{"taxonomy":"post_tag","embeddable":true,"href":"https:\/\/www.europesays.com\/sk\/wp-json\/wp\/v2\/tags?post=170717"}],"curies":[{"name":"wp","href":"https:\/\/api.w.org\/{rel}","templated":true}]}}