{"id":170721,"date":"2026-09-04T19:03:14","date_gmt":"2026-09-04T19:03:14","guid":{"rendered":"https:\/\/www.europesays.com\/sk\/170721\/"},"modified":"2026-09-04T19:03:14","modified_gmt":"2026-09-04T19:03:14","slug":"slovan-v-generalke-na-ligu-podlahol-mladej-boleslavi","status":"publish","type":"post","link":"https:\/\/www.europesays.com\/sk\/170721\/","title":{"rendered":"Slovan v gener\u00e1lke na ligu pod\u013eahol Mladej Boleslavi"},"content":{"rendered":"<p>            HC SLOVAN Bratislava vs BK Mlad\u00e1 Boleslav 3:5 (1:0, 0:3, 2:2)<\/p>\n<p>G\u00f3ly a asistencie: 18. Dmowski (Korczak), 42. Tak\u00e1\u010d (Peterek, Ka\u0161l\u00edk), 46. Pecararo (Korczak, Be\u0148o) \u2013 22. Jandric (Morand), 24. Martel (Bud\u00edk, Jandric), 25. Gavars (Sk\u00e4rberg, Lichtag), 52. Bud\u00edk (D. Moravec), 54. D. Moravec (Rekonen, Skalick\u00fd)<br \/>\u00a0<br \/>HC SLOVAN\u00a0Bratislava: Junca (Andris\u00edk) \u2013 O&#8217;Connor, P. Maier, Turan, Be\u0148o, Ba\u010dik, Zele\u0148\u00e1k, Fabu\u0161 \u2013 Varga, Marcinko, Tak\u00e1\u010d \u2013 Dmowski, Korczak, Pecararo \u2013 Ka\u0161l\u00edk, Peterek, Bu\u010dek \u2013 Petriska, Solensk\u00fd, Cedzo.<br \/>Tr\u00e9ner: Brad\u00a0Tapper.<\/p>\n<p>BK Mlad\u00e1 Boleslav: Mokry (D. Hora) \u2013 Z\u00e1morsk\u00fd, J\u00e1no\u0161\u00edk, Vlas\u00e1k, Bud\u00edk, Kub\u00ed\u010dek, D. Moravec, K\u0159epelka, Sk\u00e4rberg \u2013 R. Kobl\u00ed\u017eek, Gr\u00edger, Skalick\u00fd \u2013 Martel, Morand, Jandric \u2013 Rekonen, Mal\u00ednek, Buchtele \u2013 Gardo\u0148, Gavars, Lichtag.<br \/>Tr\u00e9ner: Petr Haken.<\/p>\n<p>Rozhodcovia: Crman, V\u00fdleta \u2013 Kacej, Olle. Po\u010det div\u00e1kov: 1 530.<\/p>\n<p>Pre zverencov tr\u00e9nera Brada Tappera i\u0161lo o posledn\u00fa z\u00e1pasov\u00fa previerku pred ostr\u00fdm \u0161tartom sez\u00f3ny. Po konfront\u00e1ci\u00e1ch s T\u0159incom, \u010cesk\u00fdmi Bud\u011bjovicami, Vied\u0148ou, Spartou Praha, Grazom a Kometou Brno tak belas\u00ed uzavreli s\u00e9riu pr\u00edpravn\u00fdch duelov proti \u010fal\u0161iemu kvalitn\u00e9mu \u010desk\u00e9mu s\u00faperovi.<\/p>\n<p>V prvej tretine Slovan nevyu\u017eil viacero s\u013eubn\u00fdch pr\u00edle\u017eitost\u00ed. Obranca O\u00b4Connor trafil \u017e\u0155dku a potom si v n\u00e1jazde s brank\u00e1rom Mokr\u00fdm neporadil Cedzo. Slovan sa napokon predsa len ujal zasl\u00fa\u017een\u00e9ho vedenia v 18. min. Po buly sa v\u010faka Korczakovi puk dostal do dobrej streleckej poz\u00edcie Dmowskemu a ten nezav\u00e1hal &#8211; 1:0.<\/p>\n<p>\u00davod do druhej tretine bol v podan\u00ed Slovanu ve\u013emi zl\u00fd. Hr\u00e1\u010di host\u00ed boli r\u00fdchlej\u0161\u00ed, vyhr\u00e1vali takmer v\u0161etky osobn\u00e9 s\u00faboje a v rozp\u00e4t\u00ed \u0161tyroch min\u00fat oto\u010dili sk\u00f3re a prakticky rozhodli o z\u00e1pase. Postupne sa presadili Jandric, Martel a v n\u00e1jazde Gavars. Slovan v druhej tretine prakticky neexistoval, pred br\u00e1nku host\u00ed sa dostal a\u017e v z\u00e1vere tohto dejstva, v ktorom e\u0161te stihol vybojova\u0165 presilov\u00fa hru.<\/p>\n<p>Na za\u010diatku tretej tretiny bol vyl\u00fa\u010den\u00fd \u010fal\u0161\u00ed hr\u00e1\u010d host\u00ed a presilovku o dvoch hr\u00e1\u010dov Slovan vyu\u017eil na zn\u00ed\u017eenie sk\u00f3re &#8211; 2:3. Slovan o\u017eil a z\u00e1pas bol zrazu op\u00e4\u0165 vyrovnan\u00fd. V 46. min. vysunul Korczak popri mantineli Pecararo a ten svoj\u00edm typick\u00fdm sp\u00f4sobom vyrovnal..Misky v\u00e1h na stranu host\u00ed naklonil \u0161\u0165astn\u00fdm g\u00f3lom Bud\u00edk, ktor\u00e9ho te\u010dovan\u00fa strelu od modrej Junca zbadal pr\u00edli\u0161 neskoro a zapadla za jeho chrb\u00e1t. Ke\u010f sa Slovan nadychoval k z\u00e1vere\u010dn\u00e9mu n\u00e1poru, pri\u0161lo zvl\u00e1\u0161tne vyl\u00fa\u010denie na strane dom\u00e1cich. Slovan s\u00edce oslabovku vzorne ubr\u00e1nil, ale bezprostredne po tom, ako Dmowski skon\u010dil na \u013ead, sa na modrej uvo\u013enil Moravec a do horn\u00fdch parti\u00ed Juncovej br\u00e1nky definit\u00edvne rozhodol.<\/p>\n<p>Slovan e\u0161te sk\u00fasil pomerne dlh\u00fa hru bez brank\u00e1ra, ale v\u00e4\u010d\u0161iu \u0161ancu si v nej vytvoril iba Bu\u010dek. Na druhej strane z\u00e1zra\u010dne hokejkou namiesto brank\u00e1ra zasiahol Ba\u010dik. \u010cesk\u00fd t\u00edm si napokon udr\u017eal n\u00e1skok a v gener\u00e1lke zv\u00ed\u0165azil 5:3.<\/p>\n<p>Pre Slovan sa t\u00fdm pr\u00edpravn\u00e1 \u010das\u0165 definit\u00edvne skon\u010dila. V siedmych pr\u00edpravn\u00fdch stretnutiach si belas\u00ed prip\u00edsali tri v\u00ed\u0165azstv\u00e1 a \u0161tyri por\u00e1\u017eky, pri\u010dom prakticky v\u0161etky duely priniesli vyrovnan\u00e9 s\u00faboje s kvalitn\u00fdmi zahrani\u010dn\u00fdmi s\u00fapermi. \u0160tyri z pr\u00edpravn\u00fdch z\u00e1pasov pritom dospeli a\u017e do pred\u013a\u017eenia.\u00a0<\/p>\n<p>Tipsport liga od\u0161tartuje pre Slovan v utorok 15. septembra na tom istom mieste, kde v apr\u00edli\u00a0skon\u010dila. Belas\u00ed sa predstavia na \u013eade HK Nitra. Prv\u00fd dom\u00e1ci ligov\u00fd z\u00e1pas je na programe v nede\u013eu 20. septembra o 16:00 h, ke\u010f HC SLOVAN Bratislava priv\u00edta odvek\u00e9ho rivala HC Ko\u0161ice.<\/p>\n<p><img decoding=\"async\" alt=\"\" src=\"https:\/\/www.europesays.com\/sk\/wp-content\/uploads\/2026\/09\/f37fa11d-555e-4e14-8418-71f5486c69a9.jpg\" style=\"width: 960px; height: 1200px;\"\/><\/p>\n<p><\/p>\n","protected":false},"excerpt":{"rendered":"HC SLOVAN Bratislava vs BK Mlad\u00e1 Boleslav 3:5 (1:0, 0:3, 2:2) G\u00f3ly a asistencie: 18. Dmowski (Korczak), 42.&hellip;\n","protected":false},"author":2,"featured_media":170722,"comment_status":"","ping_status":"","sticky":false,"template":"","format":"standard","meta":{"footnotes":"","_share_on_mastodon":"0"},"categories":[21],"tags":[136,593,352,595,597,594,43,40,39,42,41,36,596],"class_list":["post-170721","post","type-post","status-publish","format-standard","has-post-thumbnail","category-bratislava","tag-bratislava","tag-hc-slovan","tag-hokej","tag-live-zapasy","tag-modre-kridla","tag-program-a-vysledky","tag-sk","tag-slovak","tag-slovakia","tag-slovencina","tag-slovensko","tag-spravy","tag-statistiky"],"share_on_mastodon":{"url":"https:\/\/pubeurope.com\/@sk\/117214328024923636","error":""},"_links":{"self":[{"href":"https:\/\/www.europesays.com\/sk\/wp-json\/wp\/v2\/posts\/170721","targetHints":{"allow":["GET"]}}],"collection":[{"href":"https:\/\/www.europesays.com\/sk\/wp-json\/wp\/v2\/posts"}],"about":[{"href":"https:\/\/www.europesays.com\/sk\/wp-json\/wp\/v2\/types\/post"}],"author":[{"embeddable":true,"href":"https:\/\/www.europesays.com\/sk\/wp-json\/wp\/v2\/users\/2"}],"replies":[{"embeddable":true,"href":"https:\/\/www.europesays.com\/sk\/wp-json\/wp\/v2\/comments?post=170721"}],"version-history":[{"count":0,"href":"https:\/\/www.europesays.com\/sk\/wp-json\/wp\/v2\/posts\/170721\/revisions"}],"wp:featuredmedia":[{"embeddable":true,"href":"https:\/\/www.europesays.com\/sk\/wp-json\/wp\/v2\/media\/170722"}],"wp:attachment":[{"href":"https:\/\/www.europesays.com\/sk\/wp-json\/wp\/v2\/media?parent=170721"}],"wp:term":[{"taxonomy":"category","embeddable":true,"href":"https:\/\/www.europesays.com\/sk\/wp-json\/wp\/v2\/categories?post=170721"},{"taxonomy":"post_tag","embeddable":true,"href":"https:\/\/www.europesays.com\/sk\/wp-json\/wp\/v2\/tags?post=170721"}],"curies":[{"name":"wp","href":"https:\/\/api.w.org\/{rel}","templated":true}]}}