{"id":170723,"date":"2026-09-04T19:09:23","date_gmt":"2026-09-04T19:09:23","guid":{"rendered":"https:\/\/www.europesays.com\/sk\/170723\/"},"modified":"2026-09-04T19:09:23","modified_gmt":"2026-09-04T19:09:23","slug":"dzinsy-podla-postavy-5-strihov-na-jesen-2026","status":"publish","type":"post","link":"https:\/\/www.europesays.com\/sk\/170723\/","title":{"rendered":"D\u017e\u00ednsy pod\u013ea postavy: 5 strihov na jese\u0148 2026"},"content":{"rendered":"<p class=\"joj-description-18 font-semibold\">September vracia do na\u0161ich outfitov jeden z najpou\u017e\u00edvanej\u0161\u00edch k\u00faskov \u0161atn\u00edka \u2013 d\u017e\u00ednsy. Sk\u00f4r ne\u017e v\u0161ak siahnete po strihu, ktor\u00fd pr\u00e1ve zaplavuje obchody, pozrite sa aj na to, \u010do dok\u00e1\u017ee urobi\u0165 s va\u0161ou siluetou. To, \u010do jednej \u017eene opticky pred\u013a\u017ei nohy, m\u00f4\u017ee na inej postave vytvori\u0165 \u00faplne in\u00fd efekt.<\/p>\n<p>        <img decoding=\"async\" src=\"https:\/\/www.europesays.com\/sk\/wp-content\/uploads\/2026\/09\/9c352f82-161d-4413-86e6-88995faef431.jpeg\" alt=\"\" class=\"img-fluid lazyload rounded-[15px]\" draggable=\"false\" onerror=\"this.style.display='none';this.nextElementSibling.style.display='flex';\"\/><\/p>\n<p class=\"text joj-description-12 flex items-center gap-[12px]\">\n          Zdroj fotky<\/p>\n<p>unsplash\/tamara-bellis<\/p>\n<p data-start=\"819\" data-end=\"971\" class=\"PDq2pG_selectionAnchorContainer\">D\u017e\u00ednsy patria medzi k\u00fasky, ktor\u00e9 kupujeme opakovane, napriek tomu m\u00f4\u017ee by\u0165 n\u00e1jdenie t\u00fdch spr\u00e1vnych poriadna v\u00fdzva. Nesta\u010d\u00ed toti\u017e pozera\u0165 iba na ve\u013ekos\u0165.<\/p>\n<p data-start=\"973\" data-end=\"1142\">Rozhoduje v\u00fd\u0161ka p\u00e1su, \u0161\u00edrka nohav\u00edc, ich d\u013a\u017eka aj miesto, v ktorom sa za\u010d\u00ednaj\u00fa roz\u0161irova\u0165. Dobrou spr\u00e1vou je, \u017ee <a href=\"https:\/\/www.joj.sk\/clanok\/1238657-denim-patri-k-letu-viac-nez-si-myslite-modna-stylistka-radi-ako-ho-nosit-stylovo-aj-v-horucavach\" target=\"_blank\" rel=\"nofollow noopener\">denimov\u00e9 trendy<\/a> jesene 2026 s\u00fa mimoriadne rozmanit\u00e9.<\/p>\n<p data-start=\"1144\" data-end=\"1419\"><a href=\"https:\/\/www.vogue.com\/article\/fall-denim-trends-experts?utm_source=chatgpt.com\" target=\"_blank\" rel=\"nofollow noopener\">Vogue<\/a> upozor\u0148uje, \u017ee po nieko\u013ek\u00fdch sez\u00f3nach extr\u00e9mne \u0161irok\u00fdch d\u017e\u00ednsov sa pozornos\u0165 op\u00e4\u0165 pres\u00fava k \u010distej\u0161\u00edm siluet\u00e1m. Vracia sa klasick\u00fd rovn\u00fd strih, u\u017e\u0161ie \u201ecigarette\u201c d\u017e\u00ednsy aj bootcut. \u00daplne sa v\u0161ak nel\u00fa\u010dime ani so \u0161irok\u00fdmi nohavicami. <\/p>\n<p data-start=\"1421\" data-end=\"1539\">V\u00fdsledkom je sez\u00f3na, v ktorej nemus\u00edte svoju postavu prisp\u00f4sobova\u0165 trendu. M\u00f4\u017eete si vybra\u0165 <a href=\"https:\/\/www.joj.sk\/clanok\/1247503-tieto-textury-budete-na-jesen-vidat-vsade-modna-odbornicka-ukazala-3-silne-trendy\" target=\"_blank\" rel=\"nofollow noopener\">trend<\/a>, ktor\u00fd vyhovuje v\u00e1m.<\/p>\n<p>1. Chcete opticky pred\u013a\u017ei\u0165 nohy? Vysk\u00fa\u0161ajte bootcut<\/p>\n<p data-start=\"1597\" data-end=\"1737\">Jeden z najv\u00fdraznej\u0161\u00edch n\u00e1vratov roka 2026 predstavuj\u00fa bootcut d\u017e\u00ednsy. S\u00fa u\u017e\u0161ie cez boky a stehn\u00e1 a smerom od kolien sa jemne roz\u0161iruj\u00fa.<\/p>\n<p data-start=\"1739\" data-end=\"1966\"><a href=\"https:\/\/www.vogue.com\/article\/how-to-style-bootcut-jeans?utm_source=chatgpt.com\" target=\"_blank\" rel=\"nofollow noopener\">Vogue<\/a> ich ozna\u010duje za jeden z najnosite\u013enej\u0161\u00edch denimov\u00fdch strihov roka a upozor\u0148uje pr\u00e1ve na ich schopnos\u0165 vytvori\u0165 efekt dlh\u0161\u00edch n\u00f4h. Na jese\u0148 pritom zost\u00e1vaj\u00fa jedn\u00fdm z k\u013e\u00fa\u010dov\u00fdch strihov. <\/p>\n<p data-start=\"1968\" data-end=\"2183\">Ak chcete tento efekt e\u0161te podpori\u0165, siahnite po modeli s vy\u0161\u0161\u00edm p\u00e1som a dostato\u010dnou d\u013a\u017ekou. Nohavice m\u00f4\u017eu siaha\u0165 takmer k zemi a pod nimi sa pokojne m\u00f4\u017ee ukr\u00fdva\u0165 top\u00e1nka s mierne zv\u00fd\u0161enou podr\u00e1\u017ekou alebo podp\u00e4tkom.<\/p>\n<p data-start=\"2185\" data-end=\"2316\">Komu m\u00f4\u017eu vyhovova\u0165: \u017een\u00e1m, ktor\u00e9 chc\u00fa opticky pred\u013a\u017ei\u0165 nohy alebo vytvori\u0165 vyv\u00e1\u017eenej\u0161\u00ed pomer medzi bokmi a spodnou \u010das\u0165ou n\u00f4h.<\/p>\n<p data-start=\"2318\" data-end=\"2489\">Pozor v\u0161ak na pr\u00edli\u0161 kr\u00e1tky bootcut. Ak sa nohavice roz\u0161\u00edria a n\u00e1sledne skon\u010dia vysoko nad top\u00e1nkou, m\u00f4\u017eete pr\u00eds\u0165 presne o predl\u017euj\u00faci efekt, pre ktor\u00fd ste si ich vybrali.<\/p>\n<p>        <img decoding=\"async\" src=\"https:\/\/www.europesays.com\/sk\/wp-content\/uploads\/2026\/09\/f834e26e-ce5f-4113-8373-e2f9b091317d.png\" alt=\"Bootcut d\u017e\u00ednsy - vizualiz\u00e1cia\" class=\"img-fluid lazyload rounded-[15px]\" draggable=\"false\" onerror=\"this.style.display='none';this.nextElementSibling.style.display='flex';\"\/><\/p>\n<p class=\"text desc\">Bootcut d\u017e\u00ednsy &#8211; vizualiz\u00e1cia<\/p>\n<p class=\"text joj-description-12 flex items-center gap-[12px]\">\n          Zdroj fotky<\/p>\n<p>Open ai\u00b4<\/p>\n<p>2. M\u00e1te v\u00fdraznej\u0161ie boky? Rovn\u00e9 d\u017e\u00ednsy vytvoria \u010dist\u00fa l\u00edniu<\/p>\n<p data-start=\"2555\" data-end=\"2633\">Jedn\u00fdm z najv\u00e4\u010d\u0161\u00edch trendov tejto jesene je z\u00e1rove\u0148 jeden z najpraktickej\u0161\u00edch.<\/p>\n<p data-start=\"2635\" data-end=\"2899\">Straight-leg d\u017e\u00ednsy padaj\u00fa od stehien smerom nadol relat\u00edvne rovno a Vogue pr\u00e1ve klasick\u00e9 rovn\u00e9 siluety ozna\u010duje za jeden z hlavn\u00fdch smerov jesene 2026.<\/p>\n<p data-start=\"2901\" data-end=\"3103\">Rovn\u00e1 nohavica m\u00f4\u017ee by\u0165 u\u017eito\u010dn\u00e1 najm\u00e4 vtedy, ke\u010f m\u00e1te v\u00fdraznej\u0161ie boky a nechcete, aby d\u017e\u00ednsy kop\u00edrovali ka\u017ed\u00fa \u010das\u0165 nohy. Namiesto prudk\u00e9ho z\u00fa\u017eenia smerom k \u010dlenku vytvor\u00ed s\u00favislej\u0161iu vertik\u00e1lnu l\u00edniu.<\/p>\n<p data-start=\"3105\" data-end=\"3141\">A nemus\u00edte automaticky voli\u0165 \u010diernu.<\/p>\n<p data-start=\"3143\" data-end=\"3442\">T\u00fato jese\u0148 sa do popredia dost\u00e1va tmav\u00e9 indigo. <a href=\"https:\/\/www.harpersbazaar.com\/fashion\/trends\/a73455542\/fall-denim-trends-2026\/?utm_source=chatgpt.com\" target=\"_blank\" rel=\"nofollow noopener\">Harper&#8217;s Bazaar<\/a> ho ozna\u010duje za jeden z hlavn\u00fdch denimov\u00fdch trendov sez\u00f3ny a objavuje sa na rovn\u00fdch, \u00fazkych aj \u0161irok\u00fdch siluet\u00e1ch.\u00a0<\/p>\n<p>        <img decoding=\"async\" src=\"https:\/\/www.europesays.com\/sk\/wp-content\/uploads\/2026\/09\/abb15e35-ad46-467b-a33b-31889bd170a2.png\" alt=\"Straight-leg d\u017e\u00ednsy - vizualiz\u00e1cia\" class=\"img-fluid lazyload rounded-[15px]\" draggable=\"false\" onerror=\"this.style.display='none';this.nextElementSibling.style.display='flex';\"\/><\/p>\n<p class=\"text desc\">Straight-leg d\u017e\u00ednsy &#8211; vizualiz\u00e1cia<\/p>\n<p class=\"text joj-description-12 flex items-center gap-[12px]\">\n          Zdroj fotky<\/p>\n<p>Open ai<\/p>\n<p>3. Chcete zv\u00fdrazni\u0165 p\u00e1s? High-waist sa op\u00e4\u0165 hl\u00e1si o slovo<\/p>\n<p data-start=\"3506\" data-end=\"3610\">Po obdob\u00ed ve\u013emi n\u00edzkych p\u00e1sov prich\u00e1dza dobr\u00e1 spr\u00e1va pre \u017eeny, ktor\u00e9 sa v nich nikdy nec\u00edtili komfortne.<\/p>\n<p data-start=\"3612\" data-end=\"3805\">Vy\u0161\u0161\u00ed p\u00e1s je op\u00e4\u0165 v\u00fdraznou s\u00fa\u010das\u0165ou denimov\u00fdch trendov. <a href=\"https:\/\/www.whowhatwear.com\/fashion\/denim\/autumn-jeans-trends-2026?utm_source=chatgpt.com\" target=\"_blank\" rel=\"nofollow noopener\">Who What Wear<\/a> ho vo svojom aktu\u00e1lnom jesennom denimovom preh\u013eade zara\u010fuje medzi siluety sez\u00f3ny. <\/p>\n<p data-start=\"3807\" data-end=\"3897\">Jeho v\u00fdhodou je, \u017ee jasnej\u0161ie ur\u010d\u00ed miesto p\u00e1su a t\u00fdm m\u00f4\u017ee zmeni\u0165 proporcie cel\u00e9ho outfitu.<\/p>\n<p data-start=\"3899\" data-end=\"4080\">Ak ho chcete naozaj uk\u00e1za\u0165, neschov\u00e1vajte ho pod dlh\u00fd vo\u013en\u00fd sveter. Fungova\u0165 m\u00f4\u017ee jednoduch\u00e9 tri\u010dko zastr\u010den\u00e9 do nohav\u00edc, krat\u0161\u00ed \u00faplet alebo bunda kon\u010diaca pribli\u017ene v oblasti p\u00e1sa.<\/p>\n<p data-start=\"4082\" data-end=\"4189\">Komu m\u00f4\u017ee vyhovova\u0165: \u017een\u00e1m, ktor\u00e9 chc\u00fa zv\u00fdrazni\u0165 p\u00e1s alebo vytvori\u0165 dojem dlh\u0161ej spodnej polovice tela.<\/p>\n<p data-start=\"4191\" data-end=\"4394\">Netreba v\u0161ak za ka\u017ed\u00fa cenu vybera\u0165 najvy\u0161\u0161\u00ed p\u00e1s v obchode. Ak v\u00e1m siaha nepr\u00edjemne vysoko alebo sa pri seden\u00ed zarez\u00e1va, sk\u00faste stredne vysok\u00fd model. Spr\u00e1vne d\u017e\u00ednsy maj\u00fa fungova\u0165 aj vtedy, ke\u010f si sadnete.<\/p>\n<p>        <img decoding=\"async\" src=\"https:\/\/www.europesays.com\/sk\/wp-content\/uploads\/2026\/09\/9b698578-0254-4aaa-b56c-2ec304561b5e.png\" alt=\"High-waist d\u017e\u00ednsy - vizualiz\u00e1cia\" class=\"img-fluid lazyload rounded-[15px]\" draggable=\"false\" onerror=\"this.style.display='none';this.nextElementSibling.style.display='flex';\"\/><\/p>\n<p class=\"text desc\">High-waist d\u017e\u00ednsy &#8211; vizualiz\u00e1cia<\/p>\n<p class=\"text joj-description-12 flex items-center gap-[12px]\">\n          Zdroj fotky<\/p>\n<p>Open ai<\/p>\n<p>4. Chcete prida\u0165 siluete objem? \u0160irok\u00e9 a barrel d\u017e\u00ednsy e\u0161te nekon\u010dia<\/p>\n<p data-start=\"4469\" data-end=\"4754\">Tu je situ\u00e1cia zauj\u00edmav\u00e1. K\u00fdm <a href=\"https:\/\/www.vogue.com\/article\/fall-denim-trends-experts?utm_source=chatgpt.com\" target=\"_blank\" rel=\"nofollow noopener\">Vogue<\/a> upozor\u0148uje na celkov\u00fd posun k rovnej\u0161\u00edm a u\u017e\u0161\u00edm nohaviciam, objemn\u00e9 d\u017e\u00ednsy z m\u00f3dy nezmizli. <a href=\"https:\/\/www.harpersbazaar.com\/fashion\/trends\/a73455542\/fall-denim-trends-2026\/?utm_source=chatgpt.com\" target=\"_blank\" rel=\"nofollow noopener\"> <\/p>\n<p data-start=\"4874\" data-end=\"4997\">Pr\u00e1ve tieto strihy m\u00f4\u017eu by\u0165 zauj\u00edmav\u00e9 pre \u017eeny s rovnej\u0161ou siluetou, ktor\u00e9 chc\u00fa pomocou oble\u010denia vytvori\u0165 v\u00fdraznej\u0161\u00ed tvar.<\/p>\n<p data-start=\"4999\" data-end=\"5129\">Barrel d\u017e\u00ednsy sa zaob\u013euj\u00fa v oblasti stehien a smerom k \u010dlenku op\u00e4\u0165 zu\u017euj\u00fa.\u00a0 Tu v\u0161ak plat\u00ed jednoduch\u00e9 pravidlo: \u010d\u00edm v\u00fdraznej\u0161ie s\u00fa nohavice, t\u00fdm menej potrebuje vrchn\u00e1 polovica outfitu.<\/p>\n<p data-start=\"5245\" data-end=\"5437\">K objemn\u00fdm d\u017e\u00ednsom preto sk\u00faste jednoduch\u00fd priliehavej\u0161\u00ed top, zastr\u010den\u00fa ko\u0161e\u013eu alebo krat\u0161iu bundu. Ak prid\u00e1te ve\u013ek\u00fd sveter kon\u010diaci v polovici stehien, m\u00f4\u017eete \u00faplne strati\u0165 proporcie postavy.<\/p>\n<p>        <img decoding=\"async\" src=\"https:\/\/www.europesays.com\/sk\/wp-content\/uploads\/2026\/09\/41871541-1f19-43e0-aff4-a3fa2990a5c2.png\" alt=\"Barrel d\u017e\u00ednsy - vizualiz\u00e1cia\" class=\"img-fluid lazyload rounded-[15px]\" draggable=\"false\" onerror=\"this.style.display='none';this.nextElementSibling.style.display='flex';\"\/><\/p>\n<p class=\"text desc\">Barrel d\u017e\u00ednsy &#8211; vizualiz\u00e1cia<\/p>\n<p class=\"text joj-description-12 flex items-center gap-[12px]\">\n          Zdroj fotky<\/p>\n<p>Open ai<\/p>\n<p>5. M\u00e1te krat\u0161ie nohy? D\u00f4le\u017eitej\u0161\u00ed ne\u017e trend m\u00f4\u017ee by\u0165 lem<\/p>\n<p data-start=\"5500\" data-end=\"5634\">M\u00f4\u017eete n\u00e1js\u0165 perfektn\u00fd strih a napriek tomu v\u00e1m d\u017e\u00ednsy nebud\u00fa lichoti\u0165. Probl\u00e9m m\u00f4\u017ee by\u0165 v nieko\u013ek\u00fdch centimetroch l\u00e1tky na ich konci.<\/p>\n<p data-start=\"5636\" data-end=\"5726\">Ak chcete vytvori\u0165 dojem dlh\u0161\u00edch n\u00f4h, sledujte, kde nohavica pret\u00edna \u010dlenok a top\u00e1nku.<\/p>\n<p data-start=\"5728\" data-end=\"5903\">Pri rovn\u00fdch d\u017e\u00ednsoch m\u00f4\u017ee fungova\u0165 \u010dist\u00e1 nepreru\u0161en\u00e1 l\u00ednia, pri bootcut zase dostato\u010dne dlh\u00fd lem. Pri \u0161irok\u00fdch nohaviciach je d\u013a\u017eka e\u0161te v\u00fdraznej\u0161ou s\u00fa\u010das\u0165ou celkovej siluety.<\/p>\n<p data-start=\"6067\" data-end=\"6312\">To v\u0161ak neznamen\u00e1, \u017ee cropped d\u017e\u00ednsy s\u00fa zak\u00e1zan\u00e9. Ak m\u00e1te krat\u0161ie nohy a m\u00e1te pocit, \u017ee v\u00e1m niektor\u00e9 skr\u00e1ten\u00e9 modely nepristan\u00fa, sk\u00faste skontrolova\u0165, \u010di nekon\u010dia pr\u00e1ve na naj\u0161ir\u0161om mieste l\u00fdtka. Posun lemu m\u00f4\u017ee v\u00fdsledn\u00fd dojem v\u00fdrazne zmeni\u0165.<\/p>\n<p>Pred k\u00fapou nov\u00fdch d\u017e\u00ednsov urobte v kab\u00ednke 3 veci<\/p>\n<p data-start=\"7002\" data-end=\"7086\">D\u017e\u00ednsy neposudzujte iba pod\u013ea toho, ako vyzeraj\u00fa, ke\u010f nehybne stoj\u00edte pred zrkadlom.<\/p>\n<p data-start=\"7088\" data-end=\"7162\">Sadnite si. P\u00e1s by sa nemal nepr\u00edjemne zarez\u00e1va\u0165 ani v\u00fdrazne odst\u00e1va\u0165.<\/p>\n<p data-start=\"7164\" data-end=\"7301\">Pozrite sa zozadu. V\u0161\u00edmajte si nielen zadok, ale aj vreck\u00e1. Ich ve\u013ekos\u0165 a umiestnenie v\u00fdrazne menia to, ako t\u00e1to \u010das\u0165 postavy p\u00f4sob\u00ed.<\/p>\n<p data-start=\"7303\" data-end=\"7519\">Vysk\u00fa\u0161ajte si top\u00e1nky, s ktor\u00fdmi ich budete nosi\u0165. Najm\u00e4 pri bootcut a \u0161irok\u00fdch d\u017e\u00ednsoch m\u00f4\u017ee p\u00e1r centimetrov v d\u013a\u017eke rozhodn\u00fa\u0165 o tom, \u010di nohavice postavu opticky pred\u013a\u017eia alebo sa bud\u00fa neprakticky kopi\u0165 na zemi.<\/p>\n<p data-start=\"7521\" data-end=\"7762\">Najd\u00f4le\u017eitej\u0161ie pravidlo <a href=\"https:\/\/www.joj.sk\/clanok\/1243114-modna-stylistka-prezradila-farby-jesene-2026-tieto-odtiene-omladia-kazdy-outfit-a-posobia-luxusne\" target=\"_blank\" rel=\"nofollow noopener\">jesene 2026<\/a> je preto paradoxne ve\u013emi jednoduch\u00e9: nekupujte d\u017e\u00ednsy iba preto, \u017ee s\u00fa trendy. Tohtoro\u010dn\u00e1 ponuka je dostato\u010dne pestr\u00e1 na to, aby ste si z trendov vybrali pr\u00e1ve ten strih, v ktorom sa p\u00e1\u010dite samy sebe.<\/p>\n","protected":false},"excerpt":{"rendered":"September vracia do na\u0161ich outfitov jeden z najpou\u017e\u00edvanej\u0161\u00edch k\u00faskov \u0161atn\u00edka \u2013 d\u017e\u00ednsy. Sk\u00f4r ne\u017e v\u0161ak siahnete po strihu,&hellip;\n","protected":false},"author":2,"featured_media":170724,"comment_status":"","ping_status":"","sticky":false,"template":"","format":"standard","meta":{"footnotes":"","_share_on_mastodon":"0"},"categories":[15],"tags":[1420,21245,70,1424,73,1418,1421,2050,174,1419,887,1423,994,1265,43,40,39,42,41,107,97,1012,1422,71,687],"class_list":["post-170723","post","type-post","status-publish","format-standard","has-post-thumbnail","category-zabava","tag-archiv","tag-dzinsy","tag-entertainment","tag-epizody","tag-filmy","tag-joj","tag-live","tag-moda","tag-online","tag-plus","tag-program","tag-relacie","tag-rozhovory","tag-serialy","tag-sk","tag-slovak","tag-slovakia","tag-slovencina","tag-slovensko","tag-televizia","tag-tv","tag-video","tag-vysielanie","tag-zabava","tag-zakulisie"],"share_on_mastodon":{"url":"https:\/\/pubeurope.com\/@sk\/117214351756167393","error":""},"_links":{"self":[{"href":"https:\/\/www.europesays.com\/sk\/wp-json\/wp\/v2\/posts\/170723","targetHints":{"allow":["GET"]}}],"collection":[{"href":"https:\/\/www.europesays.com\/sk\/wp-json\/wp\/v2\/posts"}],"about":[{"href":"https:\/\/www.europesays.com\/sk\/wp-json\/wp\/v2\/types\/post"}],"author":[{"embeddable":true,"href":"https:\/\/www.europesays.com\/sk\/wp-json\/wp\/v2\/users\/2"}],"replies":[{"embeddable":true,"href":"https:\/\/www.europesays.com\/sk\/wp-json\/wp\/v2\/comments?post=170723"}],"version-history":[{"count":0,"href":"https:\/\/www.europesays.com\/sk\/wp-json\/wp\/v2\/posts\/170723\/revisions"}],"wp:featuredmedia":[{"embeddable":true,"href":"https:\/\/www.europesays.com\/sk\/wp-json\/wp\/v2\/media\/170724"}],"wp:attachment":[{"href":"https:\/\/www.europesays.com\/sk\/wp-json\/wp\/v2\/media?parent=170723"}],"wp:term":[{"taxonomy":"category","embeddable":true,"href":"https:\/\/www.europesays.com\/sk\/wp-json\/wp\/v2\/categories?post=170723"},{"taxonomy":"post_tag","embeddable":true,"href":"https:\/\/www.europesays.com\/sk\/wp-json\/wp\/v2\/tags?post=170723"}],"curies":[{"name":"wp","href":"https:\/\/api.w.org\/{rel}","templated":true}]}}