{"id":170735,"date":"2026-09-04T19:27:08","date_gmt":"2026-09-04T19:27:08","guid":{"rendered":"https:\/\/www.europesays.com\/sk\/170735\/"},"modified":"2026-09-04T19:27:08","modified_gmt":"2026-09-04T19:27:08","slug":"podozrivym-z-utokov-na-rozvodneje-klimaticky-aktivista","status":"publish","type":"post","link":"https:\/\/www.europesays.com\/sk\/170735\/","title":{"rendered":"Podozriv\u00fdm z \u00fatokov na rozvodneje klimatick\u00fd aktivista"},"content":{"rendered":"<p>BERL\u00cdN &#8211; Podozriv\u00fdm zo sabot\u00e1\u017ee na objektoch energetickej infra\u0161trukt\u00fary v Nemecku je klimatick\u00fd aktivista, povedal dnes spolkov\u00fd minister vn\u00fatra Alexander Dobrindt. Pol\u00edcia po 48-ro\u010dnom mu\u017eovi z Gevelsbergu v Severnom Por\u00fdn\u00ed-Vestf\u00e1lsku p\u00e1tra.<\/p>\n<p>Dobrindt \u00fatoky na elektrick\u00e9 rozvodne na viacer\u00fdch miestach Nemecka z posledn\u00fdch dn\u00ed ozna\u010dil za prejav &#8222;klimatick\u00e9ho extr\u00e9mizmu&#8220;. Policajn\u00e9 komando na vozidlo podozriv\u00e9ho za\u00fato\u010dilo v oblasti povrchovej bane Hombacher Forst. Pod\u013ea Reula sa teraz mu\u017e zrejme pohybuje pe\u0161o a \u010faleko sa nedostane. Pol\u00edcia podnikla domov\u00fa prehliadku v byte, kde na\u0161la predmety podobn\u00e9 v\u00fdbu\u0161nin\u00e1m, uviedol tie\u017e Reul. P\u00edsmo v liste o zodpovednosti za \u00fatoky sa pod\u013ea Reula zhoduje s rukopisom podozriv\u00e9ho mu\u017ea.<\/p>\n<p>V \u010dase Dobrindtovej a Reulovej tla\u010dovej konferencie denn\u00edk Bild na svojich internetov\u00fdch str\u00e1nkach informoval, \u017ee v Sasku v Lu\u017eickom hnedouho\u013enom rev\u00edri pri hraniciach s Braniborskom boli pri dvoch rozvodniach n\u00e1jden\u00e9 z\u00e1paln\u00e9 a v\u00fdbu\u0161n\u00e9 zariadenia. Pol\u00edcia pod\u013ea agent\u00fary DPA uviedla len to, \u017ee zasahuje severne od Zhorca. \u010eal\u0161ie podrobnosti k z\u00e1sahu nezverejnila.<\/p>\n<p>V utorok sa cie\u013eom sabot\u00e1\u017ee stala rozvod\u0148a bl\u00edzko elektr\u00e1rne J\u00e4nschwalde v Braniborsku, na ktor\u00fa p\u00e1chate\u013e \u010di p\u00e1chatelia za\u00fato\u010dili objekty dom\u00e1cej v\u00fdroby, ktor\u00e9 sa podobali silvestrovsk\u00fdm raket\u00e1m. V ten ist\u00fd de\u0148 sa stala ter\u010dom tie\u017e rozvod\u0148a v Bergheime ne\u010faleko Kol\u00edna nad R\u00fdnom, kde pol\u00edcia na\u0161la mo\u017en\u00e9 odpa\u013eovacie zariadenie a pyrotechniku. Vo \u0161tvrtok pol\u00edcia na\u0161la mo\u017en\u00e9 odpa\u013eovacie zariadenie pri elektrickej stanici v Dormagene medzi Kol\u00ednom nad R\u00fdnom a D\u00fcsseldorfom.<\/p>\n","protected":false},"excerpt":{"rendered":"BERL\u00cdN &#8211; Podozriv\u00fdm zo sabot\u00e1\u017ee na objektoch energetickej infra\u0161trukt\u00fary v Nemecku je klimatick\u00fd aktivista, povedal dnes spolkov\u00fd minister&hellip;\n","protected":false},"author":2,"featured_media":170736,"comment_status":"","ping_status":"","sticky":false,"template":"","format":"standard","meta":{"footnotes":"","_share_on_mastodon":"0"},"categories":[8],"tags":[44864,48266,48265,236,33,43,40,42,36,50,788,49,48],"class_list":["post-170735","post","type-post","status-publish","format-standard","has-post-thumbnail","category-svet","tag-aktivista","tag-elektricke-rozvodne","tag-klimaticky","tag-nemecko","tag-news","tag-sk","tag-slovak","tag-slovencina","tag-spravy","tag-svet","tag-utoky","tag-world","tag-world-news"],"share_on_mastodon":{"url":"https:\/\/pubeurope.com\/@sk\/117214422198005081","error":""},"_links":{"self":[{"href":"https:\/\/www.europesays.com\/sk\/wp-json\/wp\/v2\/posts\/170735","targetHints":{"allow":["GET"]}}],"collection":[{"href":"https:\/\/www.europesays.com\/sk\/wp-json\/wp\/v2\/posts"}],"about":[{"href":"https:\/\/www.europesays.com\/sk\/wp-json\/wp\/v2\/types\/post"}],"author":[{"embeddable":true,"href":"https:\/\/www.europesays.com\/sk\/wp-json\/wp\/v2\/users\/2"}],"replies":[{"embeddable":true,"href":"https:\/\/www.europesays.com\/sk\/wp-json\/wp\/v2\/comments?post=170735"}],"version-history":[{"count":0,"href":"https:\/\/www.europesays.com\/sk\/wp-json\/wp\/v2\/posts\/170735\/revisions"}],"wp:featuredmedia":[{"embeddable":true,"href":"https:\/\/www.europesays.com\/sk\/wp-json\/wp\/v2\/media\/170736"}],"wp:attachment":[{"href":"https:\/\/www.europesays.com\/sk\/wp-json\/wp\/v2\/media?parent=170735"}],"wp:term":[{"taxonomy":"category","embeddable":true,"href":"https:\/\/www.europesays.com\/sk\/wp-json\/wp\/v2\/categories?post=170735"},{"taxonomy":"post_tag","embeddable":true,"href":"https:\/\/www.europesays.com\/sk\/wp-json\/wp\/v2\/tags?post=170735"}],"curies":[{"name":"wp","href":"https:\/\/api.w.org\/{rel}","templated":true}]}}